{"id":490,"date":"2014-10-27T22:27:21","date_gmt":"2014-10-27T21:27:21","guid":{"rendered":"http:\/\/caritas.diecezja.wloclawek.pl\/?p=490"},"modified":"2017-11-02T22:36:51","modified_gmt":"2017-11-02T21:36:51","slug":"szkolne-kolo-caritas-w-zbrachlinie-wzielo-udzial-w-akcji-wyposazajac-11-szkolnych-tornistrow","status":"publish","type":"post","link":"http:\/\/caritas.diecezja.wloclawek.pl\/?p=490","title":{"rendered":"Szkolne Ko\u0142o Caritas w Zbrachlinie wzi\u0119\u0142o udzia\u0142 w akcji wyposa\u017caj\u0105c 11 szkolnych tornistr\u00f3w"},"content":{"rendered":"<p>Szkolne Ko\u0142o Caritas dzia\u0142aj\u0105ce przy Zespole Szk\u00f3\u0142 im. Ignacego Jana Paderewskiego w Zbrachlinie, kt\u00f3rego opiekunem duchowym jest ksi\u0105dz Henryk Chabasi\u0144ski proboszcz parafii pod wezwaniem \u015bw. Wojciecha po raz pierwszy w\u0142\u0105czy\u0142o si\u0119 w tym roku do akcji ,,Tornister pe\u0142en u\u015bmiech\u00f3w&#8221;.<\/p>\n<p>Dzi\u0119ki \u017cyczliwo\u015bci os\u00f3b, kt\u00f3re zawsze ch\u0119tnie bior\u0105 udzia\u0142 w akcjach organizowanych przez ko\u0142o, ale nade wszystko ksi\u0119dza proboszcza, uda\u0142o nam si\u0119 przygotowa\u0107 11 wyprawek szkolnych, wyposa\u017conych w podstawowe artyku\u0142y. Tornistry trafi\u0142y do dzieci z potrzebuj\u0105cych rodzin. Mamy nadziej\u0119, \u017ce w przysz\u0142ym roku wsp\u00f3lnymi si\u0142ami r\u00f3wnie\u017c wyposa\u017cymy tyle samo szkolnych tornistr\u00f3w a mo\u017ce nawet wyposa\u017cenie b\u0119dzie jeszcze pe\u0142niejsze.<\/p>\n<p>Agnieszka Lasota &#8211; Staszak, Opiekun Szkolnego Ko\u0142a Caritas<\/p>\n","protected":false},"excerpt":{"rendered":"<p>&#46;&#46;&#46;<\/p>\n","protected":false},"author":1,"featured_media":0,"comment_status":"open","ping_status":"open","sticky":false,"template":"","format":"standard","meta":[],"categories":[2],"tags":[],"_links":{"self":[{"href":"http:\/\/caritas.diecezja.wloclawek.pl\/index.php?rest_route=\/wp\/v2\/posts\/490"}],"collection":[{"href":"http:\/\/caritas.diecezja.wloclawek.pl\/index.php?rest_route=\/wp\/v2\/posts"}],"about":[{"href":"http:\/\/caritas.diecezja.wloclawek.pl\/index.php?rest_route=\/wp\/v2\/types\/post"}],"author":[{"embeddable":true,"href":"http:\/\/caritas.diecezja.wloclawek.pl\/index.php?rest_route=\/wp\/v2\/users\/1"}],"replies":[{"embeddable":true,"href":"http:\/\/caritas.diecezja.wloclawek.pl\/index.php?rest_route=%2Fwp%2Fv2%2Fcomments&post=490"}],"version-history":[{"count":1,"href":"http:\/\/caritas.diecezja.wloclawek.pl\/index.php?rest_route=\/wp\/v2\/posts\/490\/revisions"}],"predecessor-version":[{"id":491,"href":"http:\/\/caritas.diecezja.wloclawek.pl\/index.php?rest_route=\/wp\/v2\/posts\/490\/revisions\/491"}],"wp:attachment":[{"href":"http:\/\/caritas.diecezja.wloclawek.pl\/index.php?rest_route=%2Fwp%2Fv2%2Fmedia&parent=490"}],"wp:term":[{"taxonomy":"category","embeddable":true,"href":"http:\/\/caritas.diecezja.wloclawek.pl\/index.php?rest_route=%2Fwp%2Fv2%2Fcategories&post=490"},{"taxonomy":"post_tag","embeddable":true,"href":"http:\/\/caritas.diecezja.wloclawek.pl\/index.php?rest_route=%2Fwp%2Fv2%2Ftags&post=490"}],"curies":[{"name":"wp","href":"https:\/\/api.w.org\/{rel}","templated":true}]}}