{"id":488,"date":"2014-09-07T22:24:00","date_gmt":"2014-09-07T21:24:00","guid":{"rendered":"http:\/\/caritas.diecezja.wloclawek.pl\/?p=488"},"modified":"2017-10-27T22:25:04","modified_gmt":"2017-10-27T21:25:04","slug":"kolejna-odslona-akcji-tornister-pelen-usmiechu-we-wloclawku","status":"publish","type":"post","link":"http:\/\/caritas.diecezja.wloclawek.pl\/?p=488","title":{"rendered":"Kolejna ods\u0142ona akcji \u201eTornister pe\u0142en u\u015bmiechu\u201d we W\u0142oc\u0142awku"},"content":{"rendered":"<p>W ubieg\u0142\u0105 sobot\u0119 w hali O\u015brodka Sportu i Rekreacji we W\u0142oc\u0142awku odby\u0142 si\u0119 charytatywny maraton ZUMBY. Impreza ta by\u0142a cz\u0119\u015bci\u0105 akcji \u201eTornister pe\u0142en u\u015bmiechu\u201d zainicjowanej przez Caritas Polska, kt\u00f3rej celem by\u0142o zape\u0142nienie plecak\u00f3w najbardziej potrzebuj\u0105cych dzieci z naszego regionu.<\/p>\n<p>Od 11.00 do 14.00 instruktorzy Og\u00f3lnopolskiej Szko\u0142y Ta\u0144ca i Fitness SalsaFit bezp\u0142atnie poprowadzili \u0107wiczenia polegaj\u0105ce na po\u0142\u0105czeniu ta\u0144ca z aerobikiem. Uczestnikami sobotniego maratonu mog\u0142a by\u0107 ka\u017cda osoba w wieku od 16 do 60 lat, kt\u00f3ra w ramach biletu wst\u0119pu przynios\u0142a przybory szkolne. Dzi\u0119ki hojno\u015bci przyby\u0142ych do podopiecznych Caritas trafi\u0105 nowe zeszyty, pi\u00f3rniki, kredki oraz inne najpotrzebniejsze akcesoria.<\/p>\n<p>Warto r\u00f3wnie\u017c doda\u0107, \u017ce pr\u00f3cz intensywnego kursu ZUMBY, organizatorzy akcji przygotowali wiele dodatkowych atrakcji, m. in. konkursy z nagrodami czy k\u0105cik z Bubble Tea, ciesz\u0105cy si\u0119 du\u017cym zainteresowaniem.<\/p>\n<p>Agnieszka Magos<\/p>\n","protected":false},"excerpt":{"rendered":"<p>&#46;&#46;&#46;<\/p>\n","protected":false},"author":1,"featured_media":0,"comment_status":"open","ping_status":"open","sticky":false,"template":"","format":"standard","meta":[],"categories":[2],"tags":[],"_links":{"self":[{"href":"http:\/\/caritas.diecezja.wloclawek.pl\/index.php?rest_route=\/wp\/v2\/posts\/488"}],"collection":[{"href":"http:\/\/caritas.diecezja.wloclawek.pl\/index.php?rest_route=\/wp\/v2\/posts"}],"about":[{"href":"http:\/\/caritas.diecezja.wloclawek.pl\/index.php?rest_route=\/wp\/v2\/types\/post"}],"author":[{"embeddable":true,"href":"http:\/\/caritas.diecezja.wloclawek.pl\/index.php?rest_route=\/wp\/v2\/users\/1"}],"replies":[{"embeddable":true,"href":"http:\/\/caritas.diecezja.wloclawek.pl\/index.php?rest_route=%2Fwp%2Fv2%2Fcomments&post=488"}],"version-history":[{"count":1,"href":"http:\/\/caritas.diecezja.wloclawek.pl\/index.php?rest_route=\/wp\/v2\/posts\/488\/revisions"}],"predecessor-version":[{"id":489,"href":"http:\/\/caritas.diecezja.wloclawek.pl\/index.php?rest_route=\/wp\/v2\/posts\/488\/revisions\/489"}],"wp:attachment":[{"href":"http:\/\/caritas.diecezja.wloclawek.pl\/index.php?rest_route=%2Fwp%2Fv2%2Fmedia&parent=488"}],"wp:term":[{"taxonomy":"category","embeddable":true,"href":"http:\/\/caritas.diecezja.wloclawek.pl\/index.php?rest_route=%2Fwp%2Fv2%2Fcategories&post=488"},{"taxonomy":"post_tag","embeddable":true,"href":"http:\/\/caritas.diecezja.wloclawek.pl\/index.php?rest_route=%2Fwp%2Fv2%2Ftags&post=488"}],"curies":[{"name":"wp","href":"https:\/\/api.w.org\/{rel}","templated":true}]}}