{"id":485,"date":"2014-09-09T09:32:54","date_gmt":"2014-09-09T08:32:54","guid":{"rendered":"http:\/\/caritas.diecezja.wloclawek.pl\/?p=485"},"modified":"2017-10-25T09:35:54","modified_gmt":"2017-10-25T08:35:54","slug":"caritas-w-jednosci-z-przesladowanymi-chrzescijanami","status":"publish","type":"post","link":"http:\/\/caritas.diecezja.wloclawek.pl\/?p=485","title":{"rendered":"Caritas w jedno\u015bci z prze\u015bladowanymi chrze\u015bcijanami"},"content":{"rendered":"<p>W zwi\u0105zku z eskalacj\u0105 przemocy wobec chrze\u015bcijan w Iraku, w najbli\u017csz\u0105 niedziel\u0119 w Warszawie zorganizowany zostanie Mi\u0119dzyreligijny marsz jedno\u015bci z prze\u015bladowanymi chrze\u015bcijanami. Na znak pami\u0119ci o wsp\u00f3\u0142czesnych m\u0119czennikach uczestnicy marszu b\u0119d\u0105 nie\u015bli czerwone kwiaty, kt\u00f3re z\u0142o\u017cone zostan\u0105 w ogrodzie sprawiedliwych na warszawskim Muranowie. Podczas marszu b\u0119dzie mo\u017cna wesprze\u0107 dzia\u0142ania na rzecz pomocy ofiarom prze\u015bladowa\u0144, prowadzone przez Caritas Polska i Pomoc Ko\u015bcio\u0142owi w Potrzebie.<\/p>\n<p>&#8211; Bardzo si\u0119 cieszymy, \u017ce Caritas w\u0142\u0105czy\u0142a si\u0119 w akcj\u0119 pomocy. To jest bardzo wa\u017cne, \u017ce chrze\u015bcijanie i wszyscy potrzebuj\u0105cy w Iraku zrozumiej\u0105, \u017ce ich bracia na \u015bwiecie pami\u0119taj\u0105 o nich i pomagaj\u0105 im. I opr\u00f3cz pomocy materialnej &#8211; otrzymuj\u0105 r\u00f3wnie\u017c wsparcie duchowe \u2013 powiedzia\u0142 dla Caritas Ziyad Raoof, Pe\u0142nomocnik Rz\u0105du Regionalnego Kurdystanu, na kt\u00f3rego terenie znajduj\u0105 si\u0119 uchod\u017acy.<\/p>\n<p>Uchod\u017acy z teren\u00f3w irackiego Mosulu oraz teren\u00f3w zaj\u0119tych przez bojownik\u00f3w Pa\u0144stwa Islamskiego potrzebuj\u0105 natychmiastowej pomocy. Jak m\u00f3wi dyrektor Caritas Irak Nabil Nissan &#8211; Sytuacja jest z\u0142a. Wi\u0119kszo\u015b\u0107 uchod\u017ac\u00f3w musia\u0142a opu\u015bci\u0107 swoje domy nie mog\u0105c niczego zabra\u0107 ze sob\u0105. \u017byj\u0105 w z\u0142ych warunkach. S\u0105 sfrustrowani i zdesperowani. Stracili zaufanie do reszty spo\u0142ecze\u0144stwa. Dlatego Caritas Irak i inne organizacje pomagaj\u0105 r\u00f3wnie\u017c wspieraj\u0105c ich psychologicznie. Caritas Irak organizuje sesje walki z traum\u0105 skierowane szczeg\u00f3lnie do dzieci, kt\u00f3re najbardziej cierpi\u0105 w tej sytuacji.<\/p>\n<p>Niedzielny Mi\u0119dzyreligijny marsz jedno\u015bci z prze\u015bladowanymi chrze\u015bcijanami wyruszy o godzinie 13:15 sprzed ko\u015bcio\u0142a pod wezwaniem Naj\u015bwi\u0119tszej Maryi Panny przy al. Solidarno\u015bci 80 i przejdzie do Ogrodu Sprawiedliwych na warszawskim Muranowie. Organizatorami marszu s\u0105: Duszpasterstwo obcokrajowc\u00f3w angloj\u0119zycznych Archidiecezji Warszawskiej i Redakcja kwartalnika \u201eWi\u0119\u017a\u201d<\/p>\n<p>Uchod\u017ac\u00f3w irackich poprzez Caritas mo\u017cna wspom\u00f3c poprzez wp\u0142aty na konto PL 77 1160 2202 0000 0000 3436 4384 z dopiskiem IRAK lub przez wys\u0142anie charytatywnego SMS na numer 72052 z dopiskiem IRAK, koszt 2,46 z\u0142 z VAT. Szczeg\u00f3\u0142y akcji pomocy prowadzonej w Iraku przez Caritas znajduj\u0105 si\u0119 na stronie <a href=\"http:\/\/www.irak-akcjecaritas.com\">www.irak-akcjecaritas.com<\/a><br \/>\nInformacje o marszu znajduj\u0105 si\u0119 na stronie: <a href=\"https:\/\/www.facebook.com\/events\/697406527020844\/\">https:\/\/www.facebook.com\/events\/697406527020844\/<\/a><\/p>\n<p><a href=\"http:\/\/caritas.diecezja.wloclawek.pl\/wp-content\/uploads\/2017\/10\/ppoo.jpg\"><img loading=\"lazy\" class=\"aligncenter size-medium wp-image-486\" src=\"http:\/\/caritas.diecezja.wloclawek.pl\/wp-content\/uploads\/2017\/10\/ppoo-300x200.jpg\" alt=\"\" width=\"300\" height=\"200\" srcset=\"http:\/\/caritas.diecezja.wloclawek.pl\/wp-content\/uploads\/2017\/10\/ppoo-300x200.jpg 300w, http:\/\/caritas.diecezja.wloclawek.pl\/wp-content\/uploads\/2017\/10\/ppoo.jpg 640w\" sizes=\"(max-width: 300px) 100vw, 300px\" \/><\/a><\/p>\n","protected":false},"excerpt":{"rendered":"<p>&#46;&#46;&#46;<\/p>\n","protected":false},"author":1,"featured_media":486,"comment_status":"open","ping_status":"open","sticky":false,"template":"","format":"standard","meta":[],"categories":[2],"tags":[],"_links":{"self":[{"href":"http:\/\/caritas.diecezja.wloclawek.pl\/index.php?rest_route=\/wp\/v2\/posts\/485"}],"collection":[{"href":"http:\/\/caritas.diecezja.wloclawek.pl\/index.php?rest_route=\/wp\/v2\/posts"}],"about":[{"href":"http:\/\/caritas.diecezja.wloclawek.pl\/index.php?rest_route=\/wp\/v2\/types\/post"}],"author":[{"embeddable":true,"href":"http:\/\/caritas.diecezja.wloclawek.pl\/index.php?rest_route=\/wp\/v2\/users\/1"}],"replies":[{"embeddable":true,"href":"http:\/\/caritas.diecezja.wloclawek.pl\/index.php?rest_route=%2Fwp%2Fv2%2Fcomments&post=485"}],"version-history":[{"count":1,"href":"http:\/\/caritas.diecezja.wloclawek.pl\/index.php?rest_route=\/wp\/v2\/posts\/485\/revisions"}],"predecessor-version":[{"id":487,"href":"http:\/\/caritas.diecezja.wloclawek.pl\/index.php?rest_route=\/wp\/v2\/posts\/485\/revisions\/487"}],"wp:featuredmedia":[{"embeddable":true,"href":"http:\/\/caritas.diecezja.wloclawek.pl\/index.php?rest_route=\/wp\/v2\/media\/486"}],"wp:attachment":[{"href":"http:\/\/caritas.diecezja.wloclawek.pl\/index.php?rest_route=%2Fwp%2Fv2%2Fmedia&parent=485"}],"wp:term":[{"taxonomy":"category","embeddable":true,"href":"http:\/\/caritas.diecezja.wloclawek.pl\/index.php?rest_route=%2Fwp%2Fv2%2Fcategories&post=485"},{"taxonomy":"post_tag","embeddable":true,"href":"http:\/\/caritas.diecezja.wloclawek.pl\/index.php?rest_route=%2Fwp%2Fv2%2Ftags&post=485"}],"curies":[{"name":"wp","href":"https:\/\/api.w.org\/{rel}","templated":true}]}}