{"id":4841,"date":"2022-07-22T18:53:27","date_gmt":"2022-07-22T17:53:27","guid":{"rendered":"http:\/\/caritas.diecezja.wloclawek.pl\/?p=4841"},"modified":"2022-07-22T18:53:27","modified_gmt":"2022-07-22T17:53:27","slug":"caritas-madre-wsparcie-seniorow-wkladem-w-papieska-rewolucje-czulosci","status":"publish","type":"post","link":"http:\/\/caritas.diecezja.wloclawek.pl\/?p=4841","title":{"rendered":"Caritas. M\u0105dre wsparcie senior\u00f3w wk\u0142adem w papiesk\u0105 rewolucj\u0119 czu\u0142o\u015bci"},"content":{"rendered":"<p><strong>\u201eStaro\u015b\u0107 nie jest okresem bezu\u017cytecznym\u201d \u2013 t\u0142umaczy papie\u017c Franciszek w or\u0119dziu na obchodzony 24 lipca \u015awiatowy Dzie\u0144 Dziadk\u00f3w i Os\u00f3b Starszych. I zach\u0119ca do pog\u0142\u0119biania wi\u0119zi spo\u0142ecznych, widz\u0105c w tym ogromn\u0105 rol\u0119 senior\u00f3w. W programach senioralnych Caritas to od dawna wa\u017cny element, obok materialnej pomocy dla najstarszych.<\/strong><\/p>\n<p>\u2013 Kiedy m\u00f3wimy o programach pomocowych dla senior\u00f3w, na my\u015bl przychodzi nam pomoc \u017cywno\u015bciowa, czy wsparcie w plac\u00f3wkach opieku\u0144czych. To oczywi\u015bcie prawda, ale nie ca\u0142a \u2013 zastrzega Monika Figiel, specjalistka ds. program\u00f3w senioralnych Caritas Polska. \u2013 Nasze programy opr\u00f3cz wymiaru materialnego maj\u0105 tak\u017ce swoje aspekty duchowe, aktywizacyjne i edukacyjne, a beneficjenci s\u0105 w nich traktowani podmiotowo i korzystaj\u0105c ze wsparcia mog\u0105 r\u00f3wnie\u017c pog\u0142\u0119bia\u0107 wi\u0119zi spo\u0142eczne i rozwija\u0107 swoj\u0105 wiedz\u0119.<\/p>\n<p><strong>Przebi\u0107 ba\u0144k\u0119 samotno\u015bci<\/strong><\/p>\n<p>Dobrym przyk\u0142adem jest realizowany przez Caritas wraz z Fundacj\u0105 Biedronki program \u201eNa codzienne zakupy\u201d, w ramach kt\u00f3rego 11 tys. senior\u00f3w wytypowanych przez Caritas diecezjalne otrzymuje w tym roku karty na zakupy o warto\u015bci 160 z\u0142 miesi\u0119cznie (przez 10 miesi\u0119cy; jest to ju\u017c pi\u0105ta edycja programu).<\/p>\n<p>\u2013 Jak wynika z bada\u0144, 2\/3 beneficjent\u00f3w mieszka samotnie, a ich doch\u00f3d nie przekracza 1350 z\u0142 netto miesi\u0119cznie; 31 proc.\u00a0 stanowi\u0105 osoby z niepe\u0142nosprawno\u015bciami (niekoniecznie orzeczonymi), kt\u00f3re potrzebuj\u0105 wsparcia w codziennych czynno\u015bciach, a 56 proc. jest dotkni\u0119tych przewlek\u0142ymi chorobami. Przy tym zaledwie 12,6 proc. senior\u00f3w uczestnicz\u0105cych w programie mo\u017ce liczy\u0107 na pomoc rodziny. A\u017c 11 proc. nie ma kontaktu z rodzin\u0105, a 9 proc. nie ma w og\u00f3le rodziny. Tym wi\u0119kszego znaczenia nabieraj\u0105 kontakty nawi\u0105zywane przez nich dzi\u0119ki udzia\u0142owi w programie, pozwalaj\u0105ce im przebi\u0107 ba\u0144k\u0119 samotno\u015bci \u2013 podkre\u015bla Monika Figiel.<\/p>\n<p><strong>Wolontariusz jak rodzina<\/strong><\/p>\n<p>Opr\u00f3cz p\u0142acenia za zakupy specjalnymi kartami, uczestnicy programu mog\u0105 r\u00f3wnie\u017c korzysta\u0107 z pomocy 4 tys. wolontariuszy Caritas. Ponad po\u0142owa ankietowanych senior\u00f3w bior\u0105cych udzia\u0142 w programie wskaza\u0142a pracownik\u00f3w i wolontariuszy Caritas jako osoby, na kt\u00f3rych wsparcie mog\u0105 liczy\u0107 (wi\u0119cej wskaza\u0144 mieli tylko cz\u0142onkowie rodzin beneficjent\u00f3w).<\/p>\n<p>\u2013 Systematycznie opiekuj\u0105 si\u0119 oni seniorami b\u0119d\u0105cymi w potrzebie. Odwiedzaj\u0105 ich w domach, robi\u0105 zakupy, pomagaj\u0105 w drobnych pracach domowych, a co najwa\u017cniejsze \u2013 rozmawiaj\u0105 i organizuj\u0105 im czas. Ich celem jest sprawienie, aby seniorzy nie czuli si\u0119 samotni \u2013 tak rol\u0119 wolontariuszy w programie opisuje Marta Dobrzy\u0144ska, koordynatorka wolontariatu w Caritas Polska.<\/p>\n<p>\u2013 Karta jest pretekstem, by zapozna\u0107 si\u0119 z seniorem, zobaczy\u0107 jakie ma potrzeby i \u017ceby go z tej samotno\u015bci troszk\u0119 wyci\u0105gn\u0105\u0107. W zesz\u0142ym roku ustalili\u015bmy z Caritas, \u017ce aby osi\u0105gn\u0105\u0107 istotny skok w rozwoju wolontariatu, trzeba powo\u0142a\u0107 lider\u00f3w. Tacy liderzy zostali powo\u0142ani, ich rol\u0105 jest rekrutowanie, ale przede wszystkim wspieranie wolontariuszy. W tym roku b\u0119dziemy mieli ponad 400 lider\u00f3w wolontariatu. To s\u0105 sami do\u015bwiadczeni wolontariusze, najcz\u0119\u015bciej m\u0142odsze seniorki, dla kt\u00f3rych powsta\u0142 specjalny program szkole\u0144 \u2013 uzupe\u0142nia Katarzyna Scheer, prezeska Fundacji Biedronki.<\/p>\n<p>\u2013 W programie bierzemy udzia\u0142 trzeci raz. Dzi\u0119ki niemu wprowadzili\u015bmy regularno\u015b\u0107 w nasz\u0105 prac\u0119 i w nasze bycie przy seniorach. Wcze\u015bniej seniorom z terenu naszej parafii te\u017c pomagali\u015bmy, ale ta pomoc by\u0142a bardziej akcyjna. Gdy przysz\u0142y karty, pojawi\u0142a si\u0119 regularno\u015b\u0107 zakup\u00f3w i spotka\u0144, cz\u0119sty kontakt \u2013 opowiada pani Anna, prezes Parafialnego Zespo\u0142u Caritas w jednej z parafii diecezji w\u0142oc\u0142awskiej.\u00a0\u2013 Je\u017celi wolontariusz znajdzie czas, aby porozmawia\u0107 i lepiej pozna\u0107 seniora, to zbuduje relacj\u0119 i odkryje jego potrzeby, dowie si\u0119, co jest dla niego wa\u017cne. Jako lider wolontariuszy cz\u0119sto dobieram w pary seniora i wolontariusza zgodnie z tym co razem lubi\u0105 robi\u0107 \u2013 rozmawia\u0107 o motoryzacji, w\u0119dkowaniu, szyde\u0142kowa\u0107. Z tego czasu sp\u0119dzonego razem korzystaj\u0105 obie strony \u2013 dodaje.<\/p>\n<p><strong>Aktywizacja i edukacja<\/strong><\/p>\n<p>Jak podkre\u015bla Monika Figiel, nawi\u0105zywanie przez osoby pomagaj\u0105ce seniorom kontaktu z odbiorcami pomocy i pog\u0142\u0119bianie tworz\u0105cych si\u0119 dzi\u0119ki temu wi\u0119zi spo\u0142ecznych, to wa\u017cny element r\u00f3\u017cnych program\u00f3w realizowanych przez Caritas Polska \u2013 od pomocy \u017cywno\u015bciowej (przyk\u0142adem jest dostarczanie 120-osobowej grupie warszawskich senior\u00f3w obiad\u00f3w dwa razy w tygodniu przez siedem miesi\u0119cy w roku \u2013 akcja prowadzona we wsp\u00f3\u0142pracy z PGNiG) po aktywizacyjny program \u201eSenior Caritas est\u201d, rozwijaj\u0105cy zainteresowania os\u00f3b starszych poprzez organizowanie dla nich wycieczek, warsztat\u00f3w i zaj\u0119\u0107 edukacyjnych. Ciekawy charakter ma te\u017c edukacja w ramach programu \u201eNa codzienne zakupy\u201d.<\/p>\n<p>\u2013 W roku 2022 skupiamy si\u0119 na prawid\u0142owym od\u017cywianiu senior\u00f3w.\u00a0Dieta to jeden z kluczowych czynnik\u00f3w dla zachowania zdrowia, sprawno\u015bci, samodzielno\u015bci oraz dobrego samopoczucia.\u00a0Ze wzgl\u0119du na charakterystyczne dla wieku podesz\u0142ego choroby przewlek\u0142e,\u00a0potrzeby \u017cywieniowe i pewne ograniczenia w spo\u017cywaniu posi\u0142k\u00f3w, wiedza i umiej\u0119tno\u015bci wolontariuszy Caritas wspieraj\u0105cych senior\u00f3w w lokalnych spo\u0142eczno\u015bciach, jest kluczowa. Wolontariusze Caritas s\u0105 wa\u017cnymi osobami w \u017cyciu senior\u00f3w uczestnicz\u0105cych w programie, znaj\u0105 ich potrzeby, mog\u0105 dostrzec niepokoj\u0105ce sygna\u0142y zwi\u0105zane ze sposobem od\u017cywiania si\u0119 senior\u00f3w i wp\u0142yn\u0105\u0107 na zmian\u0119 ich nawyk\u00f3w \u017cywieniowych \u2013 m\u00f3wi Marta Dobrzy\u0144ska.<\/p>\n<p><strong>Dla senior\u00f3w z Ukrainy<\/strong><\/p>\n<p>W tym roku w\u015br\u00f3d starszych podopiecznych Caritas znalaz\u0142o si\u0119 wielu uchod\u017ac\u00f3w wojennych. S\u0105 oni obejmowani troskliw\u0105 opiek\u0105 i wspierani nie tylko materialnie.<\/p>\n<p>\u2013 U nas w ka\u017cdy pi\u0105tek jest spotkanie grupowe dla senior\u00f3w, jest to zar\u00f3wno grupa wsparcia jak i spotkanie z ekspertami. Raz w tygodniu mamy wycieczki z przewodnikiem po Warszawie, w tym tygodniu seniorzy jad\u0105 na ca\u0142odniow\u0105 wycieczk\u0119 do \u017belazowej Woli, \u015bladami Fryderyka Chopina \u2013 relacjonuje Renata Makuch, specjalista ds. uchod\u017ac\u00f3w i migrant\u00f3w w Caritas Polska. I zaznacza, \u017ce w warszawskim Centrum Pomocy Migrantom i Uchod\u017acom prowadzonym przez Caritas Polska, 40 proc. wolontariuszy to seniorzy.<\/p>\n<p><strong>Ze spotkania nowa przyja\u017a\u0144<\/strong><\/p>\n<p>Podobne spostrze\u017cenia ma Monika Figiel \u2013 ona r\u00f3wnie\u017c podkre\u015bla, \u017ce seniorzy cz\u0119sto anga\u017cuj\u0105 si\u0119 w wolontariat, s\u0142u\u017c\u0105c swoj\u0105 pomoc\u0105 innym osobom starszym.<\/p>\n<p>\u2013 Ciesz\u0105 si\u0119, \u017ce mog\u0105 by\u0107 aktywni, a jednocze\u015bnie wspiera\u0107 tych, kt\u00f3rzy s\u0105 na przyk\u0142ad mniej sprawni \u2013 t\u0142umaczy specjalistka Caritas Polska ds. program\u00f3w senioralnych.<\/p>\n<p>\u201ePro\u015bmy Matk\u0119 Bo\u017c\u0105, Matk\u0119 Czu\u0142o\u015bci, aby uczyni\u0142a nas wszystkich sprawcami rewolucji czu\u0142o\u015bci, tak, by\u015bmy razem mogli uwolni\u0107 \u015bwiat od mrok\u00f3w samotno\u015bci i demona wojny\u201d \u2013 napisa\u0142 papie\u017c Franciszek, w zwi\u0105zku ze \u015awiatowym Dniem Dziadk\u00f3w i Os\u00f3b Starszych. Zach\u0119ci\u0142 przy tym \u201edo og\u0142oszenia tego Dnia w (\u2026) parafiach i wsp\u00f3lnotach; by p\u00f3j\u015b\u0107 odwiedzi\u0107 osoby starsze, kt\u00f3re s\u0105 najbardziej samotne, w domu lub tam, gdzie przebywaj\u0105\u201d.<\/p>\n<p>\u201eZr\u00f3bmy tak, by nikt nie prze\u017cywa\u0142 tego dnia w samotno\u015bci. Posiadanie kogo\u015b, na kogo si\u0119 czeka, mo\u017ce odmieni\u0107 prze\u017cywanie dni osobom, kt\u00f3re nie spodziewaj\u0105 si\u0119 ju\u017c niczego dobrego od przysz\u0142o\u015bci; a z tego pierwszego spotkania mo\u017ce narodzi\u0107 si\u0119 nowa przyja\u017a\u0144\u201d \u2013 zaapelowa\u0142 Ojciec \u015awi\u0119ty. Dzia\u0142ania wsp\u00f3lnot Caritas wobec senior\u00f3w s\u0105 podejmowanym na co dzie\u0144 wysi\u0142kiem zmierzaj\u0105cym do realizacji papieskiego przes\u0142ania.<\/p>\n\n\t\t<style type=\"text\/css\">\n\t\t\t#gallery-1 {\n\t\t\t\tmargin: auto;\n\t\t\t}\n\t\t\t#gallery-1 .gallery-item {\n\t\t\t\tfloat: left;\n\t\t\t\tmargin-top: 10px;\n\t\t\t\ttext-align: center;\n\t\t\t\twidth: 20%;\n\t\t\t}\n\t\t\t#gallery-1 img {\n\t\t\t\tborder: 2px solid #cfcfcf;\n\t\t\t}\n\t\t\t#gallery-1 .gallery-caption {\n\t\t\t\tmargin-left: 0;\n\t\t\t}\n\t\t\t\/* see gallery_shortcode() in wp-includes\/media.php *\/\n\t\t<\/style>\n\t\t<div id='gallery-1' class='gallery galleryid-4841 gallery-columns-5 gallery-size-thumbnail'><dl class='gallery-item'>\n\t\t\t<dt class='gallery-icon landscape'>\n\t\t\t\t<a href='http:\/\/caritas.diecezja.wloclawek.pl\/?attachment_id=4843'><img width=\"150\" height=\"150\" src=\"http:\/\/caritas.diecezja.wloclawek.pl\/wp-content\/uploads\/2022\/07\/DSC00868-150x150.jpg\" class=\"attachment-thumbnail size-thumbnail\" alt=\"\" loading=\"lazy\" srcset=\"http:\/\/caritas.diecezja.wloclawek.pl\/wp-content\/uploads\/2022\/07\/DSC00868-150x150.jpg 150w, http:\/\/caritas.diecezja.wloclawek.pl\/wp-content\/uploads\/2022\/07\/DSC00868-80x80.jpg 80w, http:\/\/caritas.diecezja.wloclawek.pl\/wp-content\/uploads\/2022\/07\/DSC00868-320x320.jpg 320w\" sizes=\"(max-width: 150px) 100vw, 150px\" \/><\/a>\n\t\t\t<\/dt><\/dl><dl class='gallery-item'>\n\t\t\t<dt class='gallery-icon landscape'>\n\t\t\t\t<a href='http:\/\/caritas.diecezja.wloclawek.pl\/?attachment_id=4844'><img width=\"150\" height=\"150\" src=\"http:\/\/caritas.diecezja.wloclawek.pl\/wp-content\/uploads\/2022\/07\/JOR08283-150x150.jpg\" class=\"attachment-thumbnail size-thumbnail\" alt=\"\" loading=\"lazy\" srcset=\"http:\/\/caritas.diecezja.wloclawek.pl\/wp-content\/uploads\/2022\/07\/JOR08283-150x150.jpg 150w, http:\/\/caritas.diecezja.wloclawek.pl\/wp-content\/uploads\/2022\/07\/JOR08283-80x80.jpg 80w, http:\/\/caritas.diecezja.wloclawek.pl\/wp-content\/uploads\/2022\/07\/JOR08283-320x320.jpg 320w\" sizes=\"(max-width: 150px) 100vw, 150px\" \/><\/a>\n\t\t\t<\/dt><\/dl><dl class='gallery-item'>\n\t\t\t<dt class='gallery-icon landscape'>\n\t\t\t\t<a href='http:\/\/caritas.diecezja.wloclawek.pl\/?attachment_id=4845'><img width=\"150\" height=\"150\" src=\"http:\/\/caritas.diecezja.wloclawek.pl\/wp-content\/uploads\/2022\/07\/JOR08720-150x150.jpg\" class=\"attachment-thumbnail size-thumbnail\" alt=\"\" loading=\"lazy\" srcset=\"http:\/\/caritas.diecezja.wloclawek.pl\/wp-content\/uploads\/2022\/07\/JOR08720-150x150.jpg 150w, http:\/\/caritas.diecezja.wloclawek.pl\/wp-content\/uploads\/2022\/07\/JOR08720-80x80.jpg 80w, http:\/\/caritas.diecezja.wloclawek.pl\/wp-content\/uploads\/2022\/07\/JOR08720-320x320.jpg 320w\" sizes=\"(max-width: 150px) 100vw, 150px\" \/><\/a>\n\t\t\t<\/dt><\/dl><dl class='gallery-item'>\n\t\t\t<dt class='gallery-icon landscape'>\n\t\t\t\t<a href='http:\/\/caritas.diecezja.wloclawek.pl\/?attachment_id=4846'><img width=\"150\" height=\"150\" src=\"http:\/\/caritas.diecezja.wloclawek.pl\/wp-content\/uploads\/2022\/07\/JOR08787-1-150x150.jpg\" class=\"attachment-thumbnail size-thumbnail\" alt=\"\" loading=\"lazy\" srcset=\"http:\/\/caritas.diecezja.wloclawek.pl\/wp-content\/uploads\/2022\/07\/JOR08787-1-150x150.jpg 150w, http:\/\/caritas.diecezja.wloclawek.pl\/wp-content\/uploads\/2022\/07\/JOR08787-1-80x80.jpg 80w, http:\/\/caritas.diecezja.wloclawek.pl\/wp-content\/uploads\/2022\/07\/JOR08787-1-320x320.jpg 320w\" sizes=\"(max-width: 150px) 100vw, 150px\" \/><\/a>\n\t\t\t<\/dt><\/dl><dl class='gallery-item'>\n\t\t\t<dt class='gallery-icon landscape'>\n\t\t\t\t<a href='http:\/\/caritas.diecezja.wloclawek.pl\/?attachment_id=4847'><img width=\"150\" height=\"150\" src=\"http:\/\/caritas.diecezja.wloclawek.pl\/wp-content\/uploads\/2022\/07\/Seniorzy-UR-21.07-5-150x150.jpg\" class=\"attachment-thumbnail size-thumbnail\" alt=\"\" loading=\"lazy\" srcset=\"http:\/\/caritas.diecezja.wloclawek.pl\/wp-content\/uploads\/2022\/07\/Seniorzy-UR-21.07-5-150x150.jpg 150w, http:\/\/caritas.diecezja.wloclawek.pl\/wp-content\/uploads\/2022\/07\/Seniorzy-UR-21.07-5-80x80.jpg 80w, http:\/\/caritas.diecezja.wloclawek.pl\/wp-content\/uploads\/2022\/07\/Seniorzy-UR-21.07-5-320x320.jpg 320w\" sizes=\"(max-width: 150px) 100vw, 150px\" \/><\/a>\n\t\t\t<\/dt><\/dl><br style=\"clear: both\" \/>\n\t\t<\/div>\n\n","protected":false},"excerpt":{"rendered":"<p>&#46;&#46;&#46;<\/p>\n","protected":false},"author":2,"featured_media":4842,"comment_status":"closed","ping_status":"closed","sticky":false,"template":"","format":"standard","meta":[],"categories":[2],"tags":[],"_links":{"self":[{"href":"http:\/\/caritas.diecezja.wloclawek.pl\/index.php?rest_route=\/wp\/v2\/posts\/4841"}],"collection":[{"href":"http:\/\/caritas.diecezja.wloclawek.pl\/index.php?rest_route=\/wp\/v2\/posts"}],"about":[{"href":"http:\/\/caritas.diecezja.wloclawek.pl\/index.php?rest_route=\/wp\/v2\/types\/post"}],"author":[{"embeddable":true,"href":"http:\/\/caritas.diecezja.wloclawek.pl\/index.php?rest_route=\/wp\/v2\/users\/2"}],"replies":[{"embeddable":true,"href":"http:\/\/caritas.diecezja.wloclawek.pl\/index.php?rest_route=%2Fwp%2Fv2%2Fcomments&post=4841"}],"version-history":[{"count":1,"href":"http:\/\/caritas.diecezja.wloclawek.pl\/index.php?rest_route=\/wp\/v2\/posts\/4841\/revisions"}],"predecessor-version":[{"id":4848,"href":"http:\/\/caritas.diecezja.wloclawek.pl\/index.php?rest_route=\/wp\/v2\/posts\/4841\/revisions\/4848"}],"wp:featuredmedia":[{"embeddable":true,"href":"http:\/\/caritas.diecezja.wloclawek.pl\/index.php?rest_route=\/wp\/v2\/media\/4842"}],"wp:attachment":[{"href":"http:\/\/caritas.diecezja.wloclawek.pl\/index.php?rest_route=%2Fwp%2Fv2%2Fmedia&parent=4841"}],"wp:term":[{"taxonomy":"category","embeddable":true,"href":"http:\/\/caritas.diecezja.wloclawek.pl\/index.php?rest_route=%2Fwp%2Fv2%2Fcategories&post=4841"},{"taxonomy":"post_tag","embeddable":true,"href":"http:\/\/caritas.diecezja.wloclawek.pl\/index.php?rest_route=%2Fwp%2Fv2%2Ftags&post=4841"}],"curies":[{"name":"wp","href":"https:\/\/api.w.org\/{rel}","templated":true}]}}