{"id":483,"date":"2014-10-07T09:31:10","date_gmt":"2014-10-07T08:31:10","guid":{"rendered":"http:\/\/caritas.diecezja.wloclawek.pl\/?p=483"},"modified":"2017-10-25T09:32:47","modified_gmt":"2017-10-25T08:32:47","slug":"wreczono-nagrody-ubi-caritas","status":"publish","type":"post","link":"http:\/\/caritas.diecezja.wloclawek.pl\/?p=483","title":{"rendered":"Wr\u0119czono nagrody UBI CARITAS"},"content":{"rendered":"<p>W sobot\u0119 4 pa\u017adziernika po raz 13. zosta\u0142y rozdane nagrody UBI CARITAS, przyznawane przez Caritas Polska za wra\u017cliwo\u015b\u0107 na potrzeby ubogich w Polsce i czynny udzia\u0142 w dzie\u0142ach charytatywnych. Poprzez uhonorowanie t\u0105 nagrod\u0105, pragniemy wyrazi\u0107 wdzi\u0119czno\u015b\u0107 tym wszystkim, kt\u00f3rzy w\u0142\u0105czaj\u0105 si\u0119 w dzia\u0142alno\u015b\u0107 Caritas i pomagaj\u0105 w codziennej s\u0142u\u017cbie na rzecz ubogich i potrzebuj\u0105cych.<\/p>\n<p>Nagroda jest wr\u0119czana w trzech kategoriach Darczy\u0144ca, \u015awiadectwo, Wsp\u00f3\u0142praca. W kategorii DARCZY\u0143CA nagrod\u0119 g\u0142\u00f3wn\u0105 otrzyma\u0142a Piekarnia As, Jolanty Uberman i Andrzeja Cacha.<\/p>\n<p>W kategorii \u015aWIADECTWO nagrod\u0119 g\u0142\u00f3wn\u0105 otrzyma\u0142y pani Krystyna Wojew\u00f3dzka, wyr\u00f3\u017cnienie otrzyma\u0142y Siostra Miros\u0142awa Wa\u0144doch ZCBM, pani Joanna Jankowska i pani Agnieszka Olendzka.<br \/>\nW kategorii WSP\u00d3\u0141PRACA nagroda g\u0142\u00f3wna trafi\u0142a do firmy INSTALOBUD KIELCE, pa\u0144stwa Ma\u0142gorzaty i Piotra Bzinkowskich, wyr\u00f3\u017cnienia otrzymali pan Robert Choma \u2013 Prezydent Miasta Przemy\u015bla, pan Marek Derezi\u0144ski Prezes Zarz\u0105du KSC S.A. oraz Robert Smoderek.<br \/>\nNominacje do nagrody rozpatrywane s\u0105 przez kapitu\u0142\u0119 nagrody, w kt\u00f3rej sk\u0142ad wchodz\u0105 min. ks. Kardyna\u0142 Kazimierz Nycz, ks. Marek Gancarczyk \u2013 redaktor naczelny Go\u015bcia Niedzielnego, Piotr Radziszewski \u2013 dyrektor TVP1.<\/p>\n<p>W tym roku specjalne nagrody za wra\u017cliwo\u015b\u0107 na rzecz bli\u017anich przydzieli\u0142 dyrektor Caritas Polska \u2013 ksi\u0105dz Marian Subocz. Nagrody otrzymali: Poczta Polska S.A., Informacyjna Agencja Radiowa Polskiego Radia S. A. oraz portal internetowy www.anglia4u.pl.<\/p>\n<p>Gala ma wymiar ekumeniczny. W trakcie jej trwania swoje nagrody i wyr\u00f3\u017cnienia wr\u0119czaj\u0105 przedstawiciele ko\u015bcio\u0142\u00f3w: Prawos\u0142awnego, Ewangelickiego i Ewangelicko Reformowanego.<\/p>\n<p>Na gal\u0119, poprowadzon\u0105 przez Emiliana Kami\u0144skiego, przyby\u0142 m.in. nuncjusz apostolski w Polsce abp Celestino Migliore. Wydarzenie u\u015bwietni\u0142a artystycznie Alicja Majewska z towarzyszeniem W\u0142odzimierza Korcza.<\/p>\n<p><em>\u017ar\u00f3d\u0142o: Caritas Polska<\/em><\/p>\n<p>&nbsp;<\/p>\n","protected":false},"excerpt":{"rendered":"<p>&#46;&#46;&#46;<\/p>\n","protected":false},"author":1,"featured_media":0,"comment_status":"open","ping_status":"open","sticky":false,"template":"","format":"standard","meta":[],"categories":[2],"tags":[],"_links":{"self":[{"href":"http:\/\/caritas.diecezja.wloclawek.pl\/index.php?rest_route=\/wp\/v2\/posts\/483"}],"collection":[{"href":"http:\/\/caritas.diecezja.wloclawek.pl\/index.php?rest_route=\/wp\/v2\/posts"}],"about":[{"href":"http:\/\/caritas.diecezja.wloclawek.pl\/index.php?rest_route=\/wp\/v2\/types\/post"}],"author":[{"embeddable":true,"href":"http:\/\/caritas.diecezja.wloclawek.pl\/index.php?rest_route=\/wp\/v2\/users\/1"}],"replies":[{"embeddable":true,"href":"http:\/\/caritas.diecezja.wloclawek.pl\/index.php?rest_route=%2Fwp%2Fv2%2Fcomments&post=483"}],"version-history":[{"count":1,"href":"http:\/\/caritas.diecezja.wloclawek.pl\/index.php?rest_route=\/wp\/v2\/posts\/483\/revisions"}],"predecessor-version":[{"id":484,"href":"http:\/\/caritas.diecezja.wloclawek.pl\/index.php?rest_route=\/wp\/v2\/posts\/483\/revisions\/484"}],"wp:attachment":[{"href":"http:\/\/caritas.diecezja.wloclawek.pl\/index.php?rest_route=%2Fwp%2Fv2%2Fmedia&parent=483"}],"wp:term":[{"taxonomy":"category","embeddable":true,"href":"http:\/\/caritas.diecezja.wloclawek.pl\/index.php?rest_route=%2Fwp%2Fv2%2Fcategories&post=483"},{"taxonomy":"post_tag","embeddable":true,"href":"http:\/\/caritas.diecezja.wloclawek.pl\/index.php?rest_route=%2Fwp%2Fv2%2Ftags&post=483"}],"curies":[{"name":"wp","href":"https:\/\/api.w.org\/{rel}","templated":true}]}}