{"id":480,"date":"2014-10-08T09:26:50","date_gmt":"2014-10-08T08:26:50","guid":{"rendered":"http:\/\/caritas.diecezja.wloclawek.pl\/?p=480"},"modified":"2017-10-25T09:29:59","modified_gmt":"2017-10-25T08:29:59","slug":"zeby-sie-nic-nie-zmarnowalo","status":"publish","type":"post","link":"http:\/\/caritas.diecezja.wloclawek.pl\/?p=480","title":{"rendered":"\u017beby si\u0119 nic nie zmarnowa\u0142o"},"content":{"rendered":"<p>Caritas Polska codziennie otrzymuje coraz wi\u0119cej zg\u0142osze\u0144 od rolnik\u00f3w, kt\u00f3rzy chc\u0105 przekaza\u0107 owoce i warzywa na cele spo\u0142eczne. S\u0105 to deklaracje na ok. 10 tysi\u0119cy ton owoc\u00f3w i warzyw. Dotycz\u0105 g\u0142\u00f3wnie jab\u0142ek i marchwi. Ju\u017c od po\u0142owy wrze\u015bnia Caritas Polska za po\u015brednictwem Caritas diecezjalnych przyjmuje do swoich magazyn\u00f3w owoce i warzywa na zasadzie darowizny \u017cywno\u015bciowej.<\/p>\n<p>Chcemy przyj\u0105\u0107 jak najwi\u0119cej owoc\u00f3w i warzyw i przekaza\u0107 je osobom potrzebuj\u0105cym. Na miar\u0119 naszych mo\u017cliwo\u015bci podejmujemy r\u00f3wnie\u017c inicjatywy zmierzaj\u0105ce do zagospodarowania owoc\u00f3w i warzyw na potrzeby w\u0142asne plac\u00f3wek. Dzi\u0119ki temu uda si\u0119 zagospodarowa\u0107 znacznie wi\u0119cej owoc\u00f3w i warzyw, przed\u0142u\u017cy\u0107 ich trwa\u0142o\u015b\u0107 i dostarczy\u0107 do wi\u0119kszej liczby os\u00f3b potrzebuj\u0105cych &#8211; przez d\u0142u\u017cszy czas i regularnie.<\/p>\n<p>Podstaw\u0105 dzia\u0142ania s\u0105 akty prawne na podstawie, kt\u00f3rych producenci owoc\u00f3w i warzyw obj\u0119tych embargiem przez Rosj\u0119, mog\u0105 ubiega\u0107 si\u0119 o rekompensaty. Koszty transportu i pakowania przy operacjach wycofania z przeznaczeniem na cele bezp\u0142atnej dystrybucji, zar\u00f3wno w przypadku dzia\u0142a\u0144 realizowanych przez organizacje producent\u00f3w (realizuj\u0105cych programy operacyjne), jaki i producent\u00f3w indywidualnych, b\u0119d\u0105 rekompensowane ze \u015brodk\u00f3w finansowych UE.<\/p>\n<p>Caritas diecezjalne dzi\u0119ki posiadanej strukturze dystrybucji przekazuj\u0105 \u017cywno\u015b\u0107 do plac\u00f3wek Caritas, jak r\u00f3wnie\u017c innych uprawnionych organizacji takich jak: Parafialne Zespo\u0142y Caritas, jad\u0142odajnie, noclegownie, o\u015brodki dla najubo\u017cszych, domy samotnej matki, punkty interwencji kryzysowej, \u015bwietlice \u015brodowiskowe dla dzieci i m\u0142odzie\u017cy i wiele innych. Jest to dobre rozwi\u0105zanie, gdy\u017c marnowanie jedzenia podczas gdy obok \u017cyj\u0105 ludzie, kt\u00f3rych nie sta\u0107 na codzienny posi\u0142ek to paradoks.<\/p>\n<p>R\u00f3wnie\u017c Caritas W\u0142oc\u0142awska w\u0142\u0105czy\u0142a si\u0119 w przekazywanie \u017cywno\u015bci do plac\u00f3wek na terenie diecezji w\u0142oc\u0142awskiej.<\/p>\n<p>&nbsp;<\/p>\n<p><a href=\"http:\/\/caritas.diecezja.wloclawek.pl\/wp-content\/uploads\/2017\/10\/marchew_warzywa-Caritas.jpg\"><img loading=\"lazy\" class=\"aligncenter size-medium wp-image-481\" src=\"http:\/\/caritas.diecezja.wloclawek.pl\/wp-content\/uploads\/2017\/10\/marchew_warzywa-Caritas-300x195.jpg\" alt=\"\" width=\"300\" height=\"195\" srcset=\"http:\/\/caritas.diecezja.wloclawek.pl\/wp-content\/uploads\/2017\/10\/marchew_warzywa-Caritas-300x195.jpg 300w, http:\/\/caritas.diecezja.wloclawek.pl\/wp-content\/uploads\/2017\/10\/marchew_warzywa-Caritas-768x499.jpg 768w, http:\/\/caritas.diecezja.wloclawek.pl\/wp-content\/uploads\/2017\/10\/marchew_warzywa-Caritas.jpg 787w\" sizes=\"(max-width: 300px) 100vw, 300px\" \/><\/a><\/p>\n","protected":false},"excerpt":{"rendered":"<p>&#46;&#46;&#46;<\/p>\n","protected":false},"author":1,"featured_media":481,"comment_status":"open","ping_status":"open","sticky":false,"template":"","format":"standard","meta":[],"categories":[2],"tags":[],"_links":{"self":[{"href":"http:\/\/caritas.diecezja.wloclawek.pl\/index.php?rest_route=\/wp\/v2\/posts\/480"}],"collection":[{"href":"http:\/\/caritas.diecezja.wloclawek.pl\/index.php?rest_route=\/wp\/v2\/posts"}],"about":[{"href":"http:\/\/caritas.diecezja.wloclawek.pl\/index.php?rest_route=\/wp\/v2\/types\/post"}],"author":[{"embeddable":true,"href":"http:\/\/caritas.diecezja.wloclawek.pl\/index.php?rest_route=\/wp\/v2\/users\/1"}],"replies":[{"embeddable":true,"href":"http:\/\/caritas.diecezja.wloclawek.pl\/index.php?rest_route=%2Fwp%2Fv2%2Fcomments&post=480"}],"version-history":[{"count":1,"href":"http:\/\/caritas.diecezja.wloclawek.pl\/index.php?rest_route=\/wp\/v2\/posts\/480\/revisions"}],"predecessor-version":[{"id":482,"href":"http:\/\/caritas.diecezja.wloclawek.pl\/index.php?rest_route=\/wp\/v2\/posts\/480\/revisions\/482"}],"wp:featuredmedia":[{"embeddable":true,"href":"http:\/\/caritas.diecezja.wloclawek.pl\/index.php?rest_route=\/wp\/v2\/media\/481"}],"wp:attachment":[{"href":"http:\/\/caritas.diecezja.wloclawek.pl\/index.php?rest_route=%2Fwp%2Fv2%2Fmedia&parent=480"}],"wp:term":[{"taxonomy":"category","embeddable":true,"href":"http:\/\/caritas.diecezja.wloclawek.pl\/index.php?rest_route=%2Fwp%2Fv2%2Fcategories&post=480"},{"taxonomy":"post_tag","embeddable":true,"href":"http:\/\/caritas.diecezja.wloclawek.pl\/index.php?rest_route=%2Fwp%2Fv2%2Ftags&post=480"}],"curies":[{"name":"wp","href":"https:\/\/api.w.org\/{rel}","templated":true}]}}