{"id":4700,"date":"2022-06-23T08:10:52","date_gmt":"2022-06-23T07:10:52","guid":{"rendered":"http:\/\/caritas.diecezja.wloclawek.pl\/?p=4700"},"modified":"2022-06-23T08:36:06","modified_gmt":"2022-06-23T07:36:06","slug":"kolejna-edycja-akcji-paczka-dla-ukrainy","status":"publish","type":"post","link":"http:\/\/caritas.diecezja.wloclawek.pl\/?p=4700","title":{"rendered":"Kolejna edycja akcji &#8222;Paczka dla Ukrainy&#8221;"},"content":{"rendered":"<p><strong>Paczki z Polski pomagaj\u0105 ofiarom wojny w Ukrainie<\/strong><\/p>\n<p><strong>Uciekaj\u0105 ze swych dom\u00f3w z dzie\u0107mi i tym, co uda\u0142o im si\u0119 zabra\u0107. Szukaj\u0105 bezpiecznego schronienia przed bombami i pociskami. Dzi\u0119ki akcji Caritas \u201ePaczka dla Ukrainy\u201d docieraj\u0105 do nich najpotrzebniejsze produkty. Ukrai\u0144skie rodziny we w\u0142asnym kraju rujnowanym i grabionym przez okupanta otrzymuj\u0105 wsparcie z Polski, kt\u00f3re pomaga im przetrwa\u0107.<\/strong><\/p>\n<p>Ry\u017c, makaron, mleko, papier toaletowy, jakie\u015b soczki dla dzieci \u2013 normalnie idziesz po to do sklepu i nawet si\u0119 nie zastanawiasz wrzucaj\u0105c potrzebne artyku\u0142y do koszyka. Ale gdy zbombardowane sklepy ton\u0105 w morzu gruz\u00f3w, a ty cieszysz si\u0119, \u017ce uda\u0142o ci si\u0119 uratowa\u0107 dzieci i siebie z piek\u0142a nalot\u00f3w, ta szesnastokilogramowa paczka z podstawowymi produktami spo\u017cywczymi i higienicznymi jest, obok bezpiecznego dachu nad g\u0142ow\u0105, bezcennym oparciem w trudnych chwilach.<\/p>\n<p>Do ukrai\u0144skich miast i mniejszych miejscowo\u015bci trafi\u0142o ju\u017c ponad 38 tys. takich paczek. Dotar\u0142y m.in. do Kijowa i obwodu kijowskiego, Buczy, Winnicy, Iwano-Frankowska, Czernihowa i obwodu Czernihowskiego. Przygotowali je Polacy, mieszkaj\u0105cy w takich samych miastach i wsiach jak te po\u0142o\u017cone kilkaset kilometr\u00f3w na wsch\u00f3d i w\u0142a\u015bnie r\u00f3wnane z ziemi\u0105. Kupili produkty, w\u0142o\u017cyli do karton\u00f3w, zanie\u015bli kartony do punkt\u00f3w Caritas lub swoich parafii, sk\u0105d po przebyciu d\u0142ugiej drogi ich dary trafi\u0142y do adresat\u00f3w. Na przyk\u0142ad do Tani, kt\u00f3ra schronienie znalaz\u0142a w Wyszogrodzie.<\/p>\n<p><strong>Tania ucieka<\/strong><\/p>\n<p>\u2013 Rankiem, 24 lutego, obudzi\u0142y nas silne eksplozje. W panice i chaosie zabra\u0142am dzieci i pr\u00f3bowa\u0142am z\u0142apa\u0107 taks\u00f3wk\u0119, \u017ceby pojecha\u0107 do mamy, na wie\u015b. Samochod\u00f3w mn\u00f3stwo, ale taks\u00f3wek nie by\u0142o, na szcz\u0119\u015bcie podwi\u00f3z\u0142 nas krewny \u2013 wspomina Tania, mieszkaj\u0105ca na terenach zaatakowanych przez Rosj\u0119 w pierwszym dniu wojny. \u2013 U mamy byli\u015bmy tydzie\u0144. Wybuchy, samoloty nad dachem domu, czo\u0142gi we wsi, rosyjscy \u017co\u0142nierze chodz\u0105cy po domach. Siedzieli\u015bmy w piwnicy, nocowali\u015bmy te\u017c, strasznie by\u0142o \u2013 dodaje.<\/p>\n<p>Kiedy w centrum wioski uderzy\u0142 pocisk, zniszczone zosta\u0142y wszystkie sklepy. Do jedzenia pozosta\u0142o to, co uda\u0142o si\u0119 kupi\u0107 pierwszego dnia; nie by\u0142o \u015bwiat\u0142a, gazu ani wody. Koszmar, a s\u0105siad m\u00f3wi\u0142, \u017ce b\u0119dzie tylko gorzej. Tania zdecydowa\u0142a si\u0119 ucieka\u0107 z dw\u00f3jk\u0105 dzieci i walizkami przez wysadzony, zaminowany most.<\/p>\n<p>\u2013 Szanse by\u0142y p\u00f3\u0142 na p\u00f3\u0142. Samoloty nad g\u0142ow\u0105, a ja sz\u0142am i si\u0119 modli\u0142am, \u017ceby nie stan\u0105\u0107, gdzie nie trzeba \u2013 opowiada kobieta. Dzi\u0119ki pomocy s\u0105siad\u00f3w, obcych ludzi, wolontariuszy, Tani uda\u0142o si\u0119 wreszcie dotrze\u0107 do Wyszogrodu.<\/p>\n<p>\u2013 I tu dostali\u015bmy wasz\u0105 pomoc. Jeste\u015bmy niezmiernie wdzi\u0119czni za wasz wysi\u0142ek i \u017cyczliwo\u015b\u0107, bardzo pomogli\u015bcie naszej rodzinie \u2013 przyznaje.<\/p>\n<p><strong>Caritas ponad granicami<\/strong><\/p>\n<p>Ta pomoc to \u201ePaczka dla Ukrainy\u201d \u2013 przygotowana wed\u0142ug instrukcji, zawieraj\u0105ca najpotrzebniejsze produkty spo\u017cywcze i higieniczne. Dzi\u0119ki wsp\u00f3\u0142pracy z Caritas-Spes dzia\u0142aj\u0105c\u0105 w Ukrainie, Caritas Polska i diecezjalne Caritas w naszym kraju mog\u0105 trafia\u0107 z pomoc\u0105 do najbardziej potrzebuj\u0105cych za wschodni\u0105 granic\u0105. A ci nie kryj\u0105 wdzi\u0119czno\u015bci.<\/p>\n<p>\u2013 Chcia\u0142abym podzi\u0119kowa\u0107 Caritas-Spes za pomoc, za paczk\u0119 z \u017cywno\u015bci\u0105 z Polski, a Polakom za to, \u017ce ratuj\u0105 nasze rodziny. Bardzo dzi\u0119kuj\u0119 za wasz\u0105 s\u0142u\u017cb\u0119 \u2013 podkre\u015bla Luda z Wyszogrodu, kt\u00f3ra r\u00f3wnie\u017c musia\u0142a wraz z dzie\u0107mi ukrywa\u0107 si\u0119 przed bombami w piwnicy.<\/p>\n<p>\u2013 Akcja, kt\u00f3r\u0105 og\u0142osili\u015bmy, spotka\u0142a si\u0119 z ogromnym odzewem. Paczki jad\u0105 do Ukrainy tysi\u0105cami i bardzo si\u0119 cieszymy, \u017ce w ten spos\u00f3b mo\u017cemy zapewni\u0107 potrzebuj\u0105cym najpilniejsz\u0105 pomoc. Zapraszam na stron\u0119 <a href=\"http:\/\/caritas.pl\/paczkadlaukrainy\" target=\"_blank\" rel=\"noopener\">http:\/\/caritas.pl\/paczkadlaukrainy<\/a>, gdzie mo\u017cna znale\u017a\u0107 szczeg\u00f3\u0142owe informacje o tym, jak przy\u0142\u0105czy\u0107 si\u0119 do tej inicjatywy \u2013 zach\u0119ca ks. dr Marcin I\u017cycki, dyrektor Caritas Polska.<\/p>\n<div style=\"width: 1920px;\" class=\"wp-video\"><!--[if lt IE 9]><script>document.createElement('video');<\/script><![endif]-->\n<video class=\"wp-video-shortcode\" id=\"video-4700-1\" width=\"1920\" height=\"1080\" preload=\"metadata\" controls=\"controls\"><source type=\"video\/mp4\" src=\"http:\/\/caritas.diecezja.wloclawek.pl\/wp-content\/uploads\/2022\/06\/Paczka-dla-Ukrainy-Twitter.mp4?_=1\" \/><a href=\"http:\/\/caritas.diecezja.wloclawek.pl\/wp-content\/uploads\/2022\/06\/Paczka-dla-Ukrainy-Twitter.mp4\">http:\/\/caritas.diecezja.wloclawek.pl\/wp-content\/uploads\/2022\/06\/Paczka-dla-Ukrainy-Twitter.mp4<\/a><\/video><\/div>\n<p>&nbsp;<\/p>\n\n\t\t<style type=\"text\/css\">\n\t\t\t#gallery-1 {\n\t\t\t\tmargin: auto;\n\t\t\t}\n\t\t\t#gallery-1 .gallery-item {\n\t\t\t\tfloat: left;\n\t\t\t\tmargin-top: 10px;\n\t\t\t\ttext-align: center;\n\t\t\t\twidth: 14%;\n\t\t\t}\n\t\t\t#gallery-1 img {\n\t\t\t\tborder: 2px solid #cfcfcf;\n\t\t\t}\n\t\t\t#gallery-1 .gallery-caption {\n\t\t\t\tmargin-left: 0;\n\t\t\t}\n\t\t\t\/* see gallery_shortcode() in wp-includes\/media.php *\/\n\t\t<\/style>\n\t\t<div id='gallery-1' class='gallery galleryid-4700 gallery-columns-7 gallery-size-thumbnail'><dl class='gallery-item'>\n\t\t\t<dt class='gallery-icon landscape'>\n\t\t\t\t<a href='http:\/\/caritas.diecezja.wloclawek.pl\/?attachment_id=4703'><img width=\"150\" height=\"150\" src=\"http:\/\/caritas.diecezja.wloclawek.pl\/wp-content\/uploads\/2022\/06\/1-3-150x150.jpg\" class=\"attachment-thumbnail size-thumbnail\" alt=\"\" loading=\"lazy\" srcset=\"http:\/\/caritas.diecezja.wloclawek.pl\/wp-content\/uploads\/2022\/06\/1-3-150x150.jpg 150w, http:\/\/caritas.diecezja.wloclawek.pl\/wp-content\/uploads\/2022\/06\/1-3-80x80.jpg 80w, http:\/\/caritas.diecezja.wloclawek.pl\/wp-content\/uploads\/2022\/06\/1-3-320x320.jpg 320w\" sizes=\"(max-width: 150px) 100vw, 150px\" \/><\/a>\n\t\t\t<\/dt><\/dl><dl class='gallery-item'>\n\t\t\t<dt class='gallery-icon landscape'>\n\t\t\t\t<a href='http:\/\/caritas.diecezja.wloclawek.pl\/?attachment_id=4704'><img width=\"150\" height=\"150\" src=\"http:\/\/caritas.diecezja.wloclawek.pl\/wp-content\/uploads\/2022\/06\/2-3-150x150.jpg\" class=\"attachment-thumbnail size-thumbnail\" alt=\"\" loading=\"lazy\" srcset=\"http:\/\/caritas.diecezja.wloclawek.pl\/wp-content\/uploads\/2022\/06\/2-3-150x150.jpg 150w, http:\/\/caritas.diecezja.wloclawek.pl\/wp-content\/uploads\/2022\/06\/2-3-80x80.jpg 80w, http:\/\/caritas.diecezja.wloclawek.pl\/wp-content\/uploads\/2022\/06\/2-3-320x320.jpg 320w\" sizes=\"(max-width: 150px) 100vw, 150px\" \/><\/a>\n\t\t\t<\/dt><\/dl><dl class='gallery-item'>\n\t\t\t<dt class='gallery-icon landscape'>\n\t\t\t\t<a href='http:\/\/caritas.diecezja.wloclawek.pl\/?attachment_id=4705'><img width=\"150\" height=\"150\" src=\"http:\/\/caritas.diecezja.wloclawek.pl\/wp-content\/uploads\/2022\/06\/3-3-150x150.jpg\" class=\"attachment-thumbnail size-thumbnail\" alt=\"\" loading=\"lazy\" srcset=\"http:\/\/caritas.diecezja.wloclawek.pl\/wp-content\/uploads\/2022\/06\/3-3-150x150.jpg 150w, http:\/\/caritas.diecezja.wloclawek.pl\/wp-content\/uploads\/2022\/06\/3-3-80x80.jpg 80w, http:\/\/caritas.diecezja.wloclawek.pl\/wp-content\/uploads\/2022\/06\/3-3-320x320.jpg 320w\" sizes=\"(max-width: 150px) 100vw, 150px\" \/><\/a>\n\t\t\t<\/dt><\/dl><dl class='gallery-item'>\n\t\t\t<dt class='gallery-icon landscape'>\n\t\t\t\t<a href='http:\/\/caritas.diecezja.wloclawek.pl\/?attachment_id=4706'><img width=\"150\" height=\"150\" src=\"http:\/\/caritas.diecezja.wloclawek.pl\/wp-content\/uploads\/2022\/06\/4-3-150x150.jpg\" class=\"attachment-thumbnail size-thumbnail\" alt=\"\" loading=\"lazy\" srcset=\"http:\/\/caritas.diecezja.wloclawek.pl\/wp-content\/uploads\/2022\/06\/4-3-150x150.jpg 150w, http:\/\/caritas.diecezja.wloclawek.pl\/wp-content\/uploads\/2022\/06\/4-3-80x80.jpg 80w, http:\/\/caritas.diecezja.wloclawek.pl\/wp-content\/uploads\/2022\/06\/4-3-320x320.jpg 320w\" sizes=\"(max-width: 150px) 100vw, 150px\" \/><\/a>\n\t\t\t<\/dt><\/dl><dl class='gallery-item'>\n\t\t\t<dt class='gallery-icon landscape'>\n\t\t\t\t<a href='http:\/\/caritas.diecezja.wloclawek.pl\/?attachment_id=4707'><img width=\"150\" height=\"150\" src=\"http:\/\/caritas.diecezja.wloclawek.pl\/wp-content\/uploads\/2022\/06\/5-3-150x150.jpg\" class=\"attachment-thumbnail size-thumbnail\" alt=\"\" loading=\"lazy\" srcset=\"http:\/\/caritas.diecezja.wloclawek.pl\/wp-content\/uploads\/2022\/06\/5-3-150x150.jpg 150w, http:\/\/caritas.diecezja.wloclawek.pl\/wp-content\/uploads\/2022\/06\/5-3-80x80.jpg 80w, http:\/\/caritas.diecezja.wloclawek.pl\/wp-content\/uploads\/2022\/06\/5-3-320x320.jpg 320w\" sizes=\"(max-width: 150px) 100vw, 150px\" \/><\/a>\n\t\t\t<\/dt><\/dl><dl class='gallery-item'>\n\t\t\t<dt class='gallery-icon landscape'>\n\t\t\t\t<a href='http:\/\/caritas.diecezja.wloclawek.pl\/?attachment_id=4708'><img width=\"150\" height=\"150\" src=\"http:\/\/caritas.diecezja.wloclawek.pl\/wp-content\/uploads\/2022\/06\/6-3-150x150.jpg\" class=\"attachment-thumbnail size-thumbnail\" alt=\"\" loading=\"lazy\" srcset=\"http:\/\/caritas.diecezja.wloclawek.pl\/wp-content\/uploads\/2022\/06\/6-3-150x150.jpg 150w, http:\/\/caritas.diecezja.wloclawek.pl\/wp-content\/uploads\/2022\/06\/6-3-80x80.jpg 80w, http:\/\/caritas.diecezja.wloclawek.pl\/wp-content\/uploads\/2022\/06\/6-3-320x320.jpg 320w\" sizes=\"(max-width: 150px) 100vw, 150px\" \/><\/a>\n\t\t\t<\/dt><\/dl><dl class='gallery-item'>\n\t\t\t<dt class='gallery-icon landscape'>\n\t\t\t\t<a href='http:\/\/caritas.diecezja.wloclawek.pl\/?attachment_id=4709'><img width=\"150\" height=\"150\" src=\"http:\/\/caritas.diecezja.wloclawek.pl\/wp-content\/uploads\/2022\/06\/7-3-150x150.jpg\" class=\"attachment-thumbnail size-thumbnail\" alt=\"\" loading=\"lazy\" srcset=\"http:\/\/caritas.diecezja.wloclawek.pl\/wp-content\/uploads\/2022\/06\/7-3-150x150.jpg 150w, http:\/\/caritas.diecezja.wloclawek.pl\/wp-content\/uploads\/2022\/06\/7-3-80x80.jpg 80w, http:\/\/caritas.diecezja.wloclawek.pl\/wp-content\/uploads\/2022\/06\/7-3-320x320.jpg 320w\" sizes=\"(max-width: 150px) 100vw, 150px\" \/><\/a>\n\t\t\t<\/dt><\/dl><br style=\"clear: both\" \/>\n\t\t<\/div>\n\n<p>&nbsp;<\/p>\n","protected":false},"excerpt":{"rendered":"<p>&#46;&#46;&#46;<\/p>\n","protected":false},"author":2,"featured_media":4713,"comment_status":"closed","ping_status":"closed","sticky":false,"template":"","format":"standard","meta":[],"categories":[2],"tags":[],"_links":{"self":[{"href":"http:\/\/caritas.diecezja.wloclawek.pl\/index.php?rest_route=\/wp\/v2\/posts\/4700"}],"collection":[{"href":"http:\/\/caritas.diecezja.wloclawek.pl\/index.php?rest_route=\/wp\/v2\/posts"}],"about":[{"href":"http:\/\/caritas.diecezja.wloclawek.pl\/index.php?rest_route=\/wp\/v2\/types\/post"}],"author":[{"embeddable":true,"href":"http:\/\/caritas.diecezja.wloclawek.pl\/index.php?rest_route=\/wp\/v2\/users\/2"}],"replies":[{"embeddable":true,"href":"http:\/\/caritas.diecezja.wloclawek.pl\/index.php?rest_route=%2Fwp%2Fv2%2Fcomments&post=4700"}],"version-history":[{"count":5,"href":"http:\/\/caritas.diecezja.wloclawek.pl\/index.php?rest_route=\/wp\/v2\/posts\/4700\/revisions"}],"predecessor-version":[{"id":4714,"href":"http:\/\/caritas.diecezja.wloclawek.pl\/index.php?rest_route=\/wp\/v2\/posts\/4700\/revisions\/4714"}],"wp:featuredmedia":[{"embeddable":true,"href":"http:\/\/caritas.diecezja.wloclawek.pl\/index.php?rest_route=\/wp\/v2\/media\/4713"}],"wp:attachment":[{"href":"http:\/\/caritas.diecezja.wloclawek.pl\/index.php?rest_route=%2Fwp%2Fv2%2Fmedia&parent=4700"}],"wp:term":[{"taxonomy":"category","embeddable":true,"href":"http:\/\/caritas.diecezja.wloclawek.pl\/index.php?rest_route=%2Fwp%2Fv2%2Fcategories&post=4700"},{"taxonomy":"post_tag","embeddable":true,"href":"http:\/\/caritas.diecezja.wloclawek.pl\/index.php?rest_route=%2Fwp%2Fv2%2Ftags&post=4700"}],"curies":[{"name":"wp","href":"https:\/\/api.w.org\/{rel}","templated":true}]}}