{"id":463,"date":"2014-10-30T09:18:14","date_gmt":"2014-10-30T08:18:14","guid":{"rendered":"http:\/\/caritas.diecezja.wloclawek.pl\/?p=463"},"modified":"2017-10-25T09:21:47","modified_gmt":"2017-10-25T08:21:47","slug":"holy-wins-swiety-zwycieza-w-zespole-szkol-im-i-jana-paderewskiego-w-zbrachlinie","status":"publish","type":"post","link":"http:\/\/caritas.diecezja.wloclawek.pl\/?p=463","title":{"rendered":"&#8222;Holy Wins &#8211; \u015awi\u0119ty Zwyci\u0119\u017ca&#8221; w Zespole Szk\u00f3\u0142 im. I. Jana Paderewskiego w Zbrachlinie"},"content":{"rendered":"<p>W Zespole Szk\u00f3\u0142 w Zbrachlinie po raz kolejny zorganizowano obchody &#8222;Holy Wins &#8211; \u015awi\u0119ty Zwyci\u0119\u017ca&#8221;. Inicjatorem przedsi\u0119wzi\u0119cia jest Szkolne Ko\u0142o Caritas.<\/p>\n<p>Uroczysto\u015b\u0107 Wszystkich \u015awi\u0119tych to czas radosnego \u015bwi\u0119towania i pami\u0119ci, \u017ce mamy \u015bwi\u0119tych or\u0119downik\u00f3w w niebie. 1 listopada Ko\u015bci\u00f3\u0142 oddaje chwa\u0142\u0119 wszystkim \u015bwi\u0119tym, tym oficjalnie uznanym i tym nieznanym z imienia. Dzie\u0144 1 listopada przypomina prawd\u0119 o powszechnym powo\u0142aniu do \u015bwi\u0119to\u015bci. Ka\u017cdy z wierz\u0105cych, niezale\u017cnie od konkretnej drogi \u017cycia: powo\u0142ania do ma\u0142\u017ce\u0144stwa, do kap\u0142a\u0144stwa czy zakonu, do \u017cycia w samotno\u015bci, jest powo\u0142any do \u015bwi\u0119to\u015bci.<\/p>\n<p>St\u0105d te\u017c w naszej szkole postanowili\u015bmy radowa\u0107 si\u0119, \u017ce mamy w niebie swoich or\u0119downik\u00f3w. Tego dnia urz\u0105dzili\u015bmy &#8222;Bal Wszystkich \u015awi\u0119tych&#8221; dla Przedszkola i klas I &#8211; III Nauczania Wczesnoszkolnego. Dzieci ale r\u00f3wnie\u017c wychowawcy, przebrali si\u0119 za &#8222;\u015bwi\u0119t\u0105&#8221; b\u0105d\u017a &#8222;\u015bwi\u0119tego&#8221;. By\u0142o wiele dobrej zabawy i radosnego wielbienia Pana, ta\u0144cem i piosenk\u0105&#8230;<\/p>\n<p>Obchody &#8222;Holy Wins&#8221; zako\u0144czyli\u015bmy z nadziej\u0105 i rado\u015bci\u0105, \u017ce ka\u017cdy z nas ma szans\u0119 na \u015bwi\u0119to\u015b\u0107, a \u015bwi\u0119ci w niebie, o kt\u00f3rych sobie dzi\u015b przypomnieli\u015bmy s\u0105 dla nas doskona\u0142\u0105 szko\u0142\u0105 w drodze ku \u015bwi\u0119to\u015bci&#8230;<\/p>\n<p>Agnieszka Lasota \u2013 Staszak, opiekun Szkolnego Ko\u0142a Caritas<\/p>\n\n\t\t<style type=\"text\/css\">\n\t\t\t#gallery-1 {\n\t\t\t\tmargin: auto;\n\t\t\t}\n\t\t\t#gallery-1 .gallery-item {\n\t\t\t\tfloat: left;\n\t\t\t\tmargin-top: 10px;\n\t\t\t\ttext-align: center;\n\t\t\t\twidth: 20%;\n\t\t\t}\n\t\t\t#gallery-1 img {\n\t\t\t\tborder: 2px solid #cfcfcf;\n\t\t\t}\n\t\t\t#gallery-1 .gallery-caption {\n\t\t\t\tmargin-left: 0;\n\t\t\t}\n\t\t\t\/* see gallery_shortcode() in wp-includes\/media.php *\/\n\t\t<\/style>\n\t\t<div id='gallery-1' class='gallery galleryid-463 gallery-columns-5 gallery-size-thumbnail'><dl class='gallery-item'>\n\t\t\t<dt class='gallery-icon landscape'>\n\t\t\t\t<a href='http:\/\/caritas.diecezja.wloclawek.pl\/?attachment_id=465'><img width=\"150\" height=\"150\" src=\"http:\/\/caritas.diecezja.wloclawek.pl\/wp-content\/uploads\/2017\/10\/zzz2-150x150.jpg\" class=\"attachment-thumbnail size-thumbnail\" alt=\"\" loading=\"lazy\" srcset=\"http:\/\/caritas.diecezja.wloclawek.pl\/wp-content\/uploads\/2017\/10\/zzz2-150x150.jpg 150w, http:\/\/caritas.diecezja.wloclawek.pl\/wp-content\/uploads\/2017\/10\/zzz2-160x160.jpg 160w, http:\/\/caritas.diecezja.wloclawek.pl\/wp-content\/uploads\/2017\/10\/zzz2-320x320.jpg 320w\" sizes=\"(max-width: 150px) 100vw, 150px\" \/><\/a>\n\t\t\t<\/dt><\/dl><dl class='gallery-item'>\n\t\t\t<dt class='gallery-icon landscape'>\n\t\t\t\t<a href='http:\/\/caritas.diecezja.wloclawek.pl\/?attachment_id=464'><img width=\"150\" height=\"150\" src=\"http:\/\/caritas.diecezja.wloclawek.pl\/wp-content\/uploads\/2017\/10\/zzz1-150x150.jpg\" class=\"attachment-thumbnail size-thumbnail\" alt=\"\" loading=\"lazy\" srcset=\"http:\/\/caritas.diecezja.wloclawek.pl\/wp-content\/uploads\/2017\/10\/zzz1-150x150.jpg 150w, http:\/\/caritas.diecezja.wloclawek.pl\/wp-content\/uploads\/2017\/10\/zzz1-160x160.jpg 160w, http:\/\/caritas.diecezja.wloclawek.pl\/wp-content\/uploads\/2017\/10\/zzz1-320x320.jpg 320w\" sizes=\"(max-width: 150px) 100vw, 150px\" \/><\/a>\n\t\t\t<\/dt><\/dl><dl class='gallery-item'>\n\t\t\t<dt class='gallery-icon landscape'>\n\t\t\t\t<a href='http:\/\/caritas.diecezja.wloclawek.pl\/?attachment_id=466'><img width=\"150\" height=\"150\" src=\"http:\/\/caritas.diecezja.wloclawek.pl\/wp-content\/uploads\/2017\/10\/zzz3-150x150.jpg\" class=\"attachment-thumbnail size-thumbnail\" alt=\"\" loading=\"lazy\" srcset=\"http:\/\/caritas.diecezja.wloclawek.pl\/wp-content\/uploads\/2017\/10\/zzz3-150x150.jpg 150w, http:\/\/caritas.diecezja.wloclawek.pl\/wp-content\/uploads\/2017\/10\/zzz3-160x160.jpg 160w, http:\/\/caritas.diecezja.wloclawek.pl\/wp-content\/uploads\/2017\/10\/zzz3-320x320.jpg 320w\" sizes=\"(max-width: 150px) 100vw, 150px\" \/><\/a>\n\t\t\t<\/dt><\/dl><dl class='gallery-item'>\n\t\t\t<dt class='gallery-icon landscape'>\n\t\t\t\t<a href='http:\/\/caritas.diecezja.wloclawek.pl\/?attachment_id=471'><img width=\"150\" height=\"150\" src=\"http:\/\/caritas.diecezja.wloclawek.pl\/wp-content\/uploads\/2017\/10\/zzz8-150x150.jpg\" class=\"attachment-thumbnail size-thumbnail\" alt=\"\" loading=\"lazy\" srcset=\"http:\/\/caritas.diecezja.wloclawek.pl\/wp-content\/uploads\/2017\/10\/zzz8-150x150.jpg 150w, http:\/\/caritas.diecezja.wloclawek.pl\/wp-content\/uploads\/2017\/10\/zzz8-160x160.jpg 160w, http:\/\/caritas.diecezja.wloclawek.pl\/wp-content\/uploads\/2017\/10\/zzz8-320x320.jpg 320w\" sizes=\"(max-width: 150px) 100vw, 150px\" \/><\/a>\n\t\t\t<\/dt><\/dl><dl class='gallery-item'>\n\t\t\t<dt class='gallery-icon landscape'>\n\t\t\t\t<a href='http:\/\/caritas.diecezja.wloclawek.pl\/?attachment_id=470'><img width=\"150\" height=\"150\" src=\"http:\/\/caritas.diecezja.wloclawek.pl\/wp-content\/uploads\/2017\/10\/zzz7-150x150.jpg\" class=\"attachment-thumbnail size-thumbnail\" alt=\"\" loading=\"lazy\" srcset=\"http:\/\/caritas.diecezja.wloclawek.pl\/wp-content\/uploads\/2017\/10\/zzz7-150x150.jpg 150w, http:\/\/caritas.diecezja.wloclawek.pl\/wp-content\/uploads\/2017\/10\/zzz7-160x160.jpg 160w, http:\/\/caritas.diecezja.wloclawek.pl\/wp-content\/uploads\/2017\/10\/zzz7-320x320.jpg 320w\" sizes=\"(max-width: 150px) 100vw, 150px\" \/><\/a>\n\t\t\t<\/dt><\/dl><br style=\"clear: both\" \/><dl class='gallery-item'>\n\t\t\t<dt class='gallery-icon landscape'>\n\t\t\t\t<a href='http:\/\/caritas.diecezja.wloclawek.pl\/?attachment_id=469'><img width=\"150\" height=\"150\" src=\"http:\/\/caritas.diecezja.wloclawek.pl\/wp-content\/uploads\/2017\/10\/zzz6-150x150.jpg\" class=\"attachment-thumbnail size-thumbnail\" alt=\"\" loading=\"lazy\" srcset=\"http:\/\/caritas.diecezja.wloclawek.pl\/wp-content\/uploads\/2017\/10\/zzz6-150x150.jpg 150w, http:\/\/caritas.diecezja.wloclawek.pl\/wp-content\/uploads\/2017\/10\/zzz6-160x160.jpg 160w, http:\/\/caritas.diecezja.wloclawek.pl\/wp-content\/uploads\/2017\/10\/zzz6-320x320.jpg 320w\" sizes=\"(max-width: 150px) 100vw, 150px\" \/><\/a>\n\t\t\t<\/dt><\/dl><dl class='gallery-item'>\n\t\t\t<dt class='gallery-icon landscape'>\n\t\t\t\t<a href='http:\/\/caritas.diecezja.wloclawek.pl\/?attachment_id=468'><img width=\"150\" height=\"150\" src=\"http:\/\/caritas.diecezja.wloclawek.pl\/wp-content\/uploads\/2017\/10\/zzz5-150x150.jpg\" class=\"attachment-thumbnail size-thumbnail\" alt=\"\" loading=\"lazy\" srcset=\"http:\/\/caritas.diecezja.wloclawek.pl\/wp-content\/uploads\/2017\/10\/zzz5-150x150.jpg 150w, http:\/\/caritas.diecezja.wloclawek.pl\/wp-content\/uploads\/2017\/10\/zzz5-160x160.jpg 160w, http:\/\/caritas.diecezja.wloclawek.pl\/wp-content\/uploads\/2017\/10\/zzz5-320x320.jpg 320w\" sizes=\"(max-width: 150px) 100vw, 150px\" \/><\/a>\n\t\t\t<\/dt><\/dl><dl class='gallery-item'>\n\t\t\t<dt class='gallery-icon landscape'>\n\t\t\t\t<a href='http:\/\/caritas.diecezja.wloclawek.pl\/?attachment_id=467'><img width=\"150\" height=\"150\" src=\"http:\/\/caritas.diecezja.wloclawek.pl\/wp-content\/uploads\/2017\/10\/zzz4-150x150.jpg\" class=\"attachment-thumbnail size-thumbnail\" alt=\"\" loading=\"lazy\" srcset=\"http:\/\/caritas.diecezja.wloclawek.pl\/wp-content\/uploads\/2017\/10\/zzz4-150x150.jpg 150w, http:\/\/caritas.diecezja.wloclawek.pl\/wp-content\/uploads\/2017\/10\/zzz4-160x160.jpg 160w, http:\/\/caritas.diecezja.wloclawek.pl\/wp-content\/uploads\/2017\/10\/zzz4-320x320.jpg 320w\" sizes=\"(max-width: 150px) 100vw, 150px\" \/><\/a>\n\t\t\t<\/dt><\/dl>\n\t\t\t<br style='clear: both' \/>\n\t\t<\/div>\n\n","protected":false},"excerpt":{"rendered":"<p>&#46;&#46;&#46;<\/p>\n","protected":false},"author":1,"featured_media":0,"comment_status":"open","ping_status":"open","sticky":false,"template":"","format":"standard","meta":[],"categories":[2],"tags":[],"_links":{"self":[{"href":"http:\/\/caritas.diecezja.wloclawek.pl\/index.php?rest_route=\/wp\/v2\/posts\/463"}],"collection":[{"href":"http:\/\/caritas.diecezja.wloclawek.pl\/index.php?rest_route=\/wp\/v2\/posts"}],"about":[{"href":"http:\/\/caritas.diecezja.wloclawek.pl\/index.php?rest_route=\/wp\/v2\/types\/post"}],"author":[{"embeddable":true,"href":"http:\/\/caritas.diecezja.wloclawek.pl\/index.php?rest_route=\/wp\/v2\/users\/1"}],"replies":[{"embeddable":true,"href":"http:\/\/caritas.diecezja.wloclawek.pl\/index.php?rest_route=%2Fwp%2Fv2%2Fcomments&post=463"}],"version-history":[{"count":1,"href":"http:\/\/caritas.diecezja.wloclawek.pl\/index.php?rest_route=\/wp\/v2\/posts\/463\/revisions"}],"predecessor-version":[{"id":472,"href":"http:\/\/caritas.diecezja.wloclawek.pl\/index.php?rest_route=\/wp\/v2\/posts\/463\/revisions\/472"}],"wp:attachment":[{"href":"http:\/\/caritas.diecezja.wloclawek.pl\/index.php?rest_route=%2Fwp%2Fv2%2Fmedia&parent=463"}],"wp:term":[{"taxonomy":"category","embeddable":true,"href":"http:\/\/caritas.diecezja.wloclawek.pl\/index.php?rest_route=%2Fwp%2Fv2%2Fcategories&post=463"},{"taxonomy":"post_tag","embeddable":true,"href":"http:\/\/caritas.diecezja.wloclawek.pl\/index.php?rest_route=%2Fwp%2Fv2%2Ftags&post=463"}],"curies":[{"name":"wp","href":"https:\/\/api.w.org\/{rel}","templated":true}]}}