{"id":457,"date":"2014-11-13T09:15:14","date_gmt":"2014-11-13T08:15:14","guid":{"rendered":"http:\/\/caritas.diecezja.wloclawek.pl\/?p=457"},"modified":"2017-10-25T09:18:04","modified_gmt":"2017-10-25T08:18:04","slug":"bezdomni-z-wloclawka-na-ix-ogolnopolskiej-pielgrzymce-na-jasnej-gorze","status":"publish","type":"post","link":"http:\/\/caritas.diecezja.wloclawek.pl\/?p=457","title":{"rendered":"Bezdomni z W\u0142oc\u0142awka na IX Og\u00f3lnopolskiej Pielgrzymce na Jasnej G\u00f3rze"},"content":{"rendered":"<p>W dniu 08.11.2014 r. odby\u0142a si\u0119 dziewi\u0105ta Og\u00f3lnopolska Pielgrzymka Caritas Os\u00f3b Bezdomnych na Jasn\u0105 G\u00f3r\u0119. Z naszego w\u0142oc\u0142awskiego Schroniska dla Bezdomnych Kobiet i M\u0119\u017cczyzn uda\u0142o si\u0119 oko\u0142o 40 os\u00f3b.<\/p>\n<p>Pierwszym miejscem spotkania wszystkich uczestnik\u00f3w pielgrzymki (a liczba wynosi\u0142a oko\u0142o tysi\u0105ca) by\u0142a Kaplica \u015bw. J\u00f3zefa. Tutaj by\u0142a wyg\u0142oszona konferencja, oraz przedstawione trzy \u015bwiadectwa Os\u00f3b Bezdomnych, kt\u00f3re dzieli\u0142y si\u0119 do\u015bwiadczeniem Pana Boga w swoim \u017cyciu. Kolejnym punktem by\u0142a Droga Krzy\u017cowa animowana przez Osoby Bezdomne.<\/p>\n<p>Centralnym wydarzeniem pielgrzymki by\u0142a Eucharystia. S\u0142owo Bo\u017ce i homili\u0119 wyg\u0142osi\u0142 ks. biskup Wies\u0142aw Depo. Podkre\u015bli\u0142 istotn\u0105 prawd\u0119 mianowicie, \u017ce: \u201eU Matki Jasnog\u00f3rskiej \u017caden cz\u0142owiek nie mo\u017ce odczuwa\u0107 swojej bezdomno\u015bci, w\u0142a\u015bnie tu do tego miejsca ka\u017cdy przynale\u017cy i tu jest dzieckiem Matki\u201d.<\/p>\n<p>Na koniec by\u0142a ciep\u0142a pomidor\u00f3wka i dodatkowy prowiant na drog\u0119 powrotn\u0105. Ca\u0142o\u015b\u0107 pielgrzymki zamyka\u0142a modlitwa Koronki do Bo\u017cego Mi\u0142osierdzia, w kt\u00f3rej wybrzmiewa\u0142a pro\u015bba o \u0142ask\u0119 szczerego nawr\u00f3cenia i pragnienie oddania swego \u017cycia opiece Matki Bo\u017cej i Jej Syna Jezusa Chrystusa.<\/p>\n<p>s. Benedykta Bagi\u0144ska<\/p>\n<p>&nbsp;<\/p>\n\n\t\t<style type=\"text\/css\">\n\t\t\t#gallery-1 {\n\t\t\t\tmargin: auto;\n\t\t\t}\n\t\t\t#gallery-1 .gallery-item {\n\t\t\t\tfloat: left;\n\t\t\t\tmargin-top: 10px;\n\t\t\t\ttext-align: center;\n\t\t\t\twidth: 25%;\n\t\t\t}\n\t\t\t#gallery-1 img {\n\t\t\t\tborder: 2px solid #cfcfcf;\n\t\t\t}\n\t\t\t#gallery-1 .gallery-caption {\n\t\t\t\tmargin-left: 0;\n\t\t\t}\n\t\t\t\/* see gallery_shortcode() in wp-includes\/media.php *\/\n\t\t<\/style>\n\t\t<div id='gallery-1' class='gallery galleryid-457 gallery-columns-4 gallery-size-thumbnail'><dl class='gallery-item'>\n\t\t\t<dt class='gallery-icon landscape'>\n\t\t\t\t<a href='http:\/\/caritas.diecezja.wloclawek.pl\/?attachment_id=458'><img width=\"150\" height=\"150\" src=\"http:\/\/caritas.diecezja.wloclawek.pl\/wp-content\/uploads\/2017\/10\/aaz-150x150.jpg\" class=\"attachment-thumbnail size-thumbnail\" alt=\"\" loading=\"lazy\" srcset=\"http:\/\/caritas.diecezja.wloclawek.pl\/wp-content\/uploads\/2017\/10\/aaz-150x150.jpg 150w, http:\/\/caritas.diecezja.wloclawek.pl\/wp-content\/uploads\/2017\/10\/aaz-160x160.jpg 160w, http:\/\/caritas.diecezja.wloclawek.pl\/wp-content\/uploads\/2017\/10\/aaz-320x320.jpg 320w\" sizes=\"(max-width: 150px) 100vw, 150px\" \/><\/a>\n\t\t\t<\/dt><\/dl><dl class='gallery-item'>\n\t\t\t<dt class='gallery-icon landscape'>\n\t\t\t\t<a href='http:\/\/caritas.diecezja.wloclawek.pl\/?attachment_id=459'><img width=\"150\" height=\"150\" src=\"http:\/\/caritas.diecezja.wloclawek.pl\/wp-content\/uploads\/2017\/10\/aaz1-150x150.jpg\" class=\"attachment-thumbnail size-thumbnail\" alt=\"\" loading=\"lazy\" srcset=\"http:\/\/caritas.diecezja.wloclawek.pl\/wp-content\/uploads\/2017\/10\/aaz1-150x150.jpg 150w, http:\/\/caritas.diecezja.wloclawek.pl\/wp-content\/uploads\/2017\/10\/aaz1-160x160.jpg 160w, http:\/\/caritas.diecezja.wloclawek.pl\/wp-content\/uploads\/2017\/10\/aaz1-320x320.jpg 320w\" sizes=\"(max-width: 150px) 100vw, 150px\" \/><\/a>\n\t\t\t<\/dt><\/dl><dl class='gallery-item'>\n\t\t\t<dt class='gallery-icon landscape'>\n\t\t\t\t<a href='http:\/\/caritas.diecezja.wloclawek.pl\/?attachment_id=460'><img width=\"150\" height=\"150\" src=\"http:\/\/caritas.diecezja.wloclawek.pl\/wp-content\/uploads\/2017\/10\/aaz2-150x150.jpg\" class=\"attachment-thumbnail size-thumbnail\" alt=\"\" loading=\"lazy\" srcset=\"http:\/\/caritas.diecezja.wloclawek.pl\/wp-content\/uploads\/2017\/10\/aaz2-150x150.jpg 150w, http:\/\/caritas.diecezja.wloclawek.pl\/wp-content\/uploads\/2017\/10\/aaz2-160x160.jpg 160w, http:\/\/caritas.diecezja.wloclawek.pl\/wp-content\/uploads\/2017\/10\/aaz2-320x320.jpg 320w\" sizes=\"(max-width: 150px) 100vw, 150px\" \/><\/a>\n\t\t\t<\/dt><\/dl><dl class='gallery-item'>\n\t\t\t<dt class='gallery-icon landscape'>\n\t\t\t\t<a href='http:\/\/caritas.diecezja.wloclawek.pl\/?attachment_id=461'><img width=\"150\" height=\"150\" src=\"http:\/\/caritas.diecezja.wloclawek.pl\/wp-content\/uploads\/2017\/10\/aaz3-150x150.jpg\" class=\"attachment-thumbnail size-thumbnail\" alt=\"\" loading=\"lazy\" srcset=\"http:\/\/caritas.diecezja.wloclawek.pl\/wp-content\/uploads\/2017\/10\/aaz3-150x150.jpg 150w, http:\/\/caritas.diecezja.wloclawek.pl\/wp-content\/uploads\/2017\/10\/aaz3-160x160.jpg 160w, http:\/\/caritas.diecezja.wloclawek.pl\/wp-content\/uploads\/2017\/10\/aaz3-320x320.jpg 320w\" sizes=\"(max-width: 150px) 100vw, 150px\" \/><\/a>\n\t\t\t<\/dt><\/dl><br style=\"clear: both\" \/>\n\t\t<\/div>\n\n","protected":false},"excerpt":{"rendered":"<p>&#46;&#46;&#46;<\/p>\n","protected":false},"author":1,"featured_media":460,"comment_status":"open","ping_status":"open","sticky":false,"template":"","format":"standard","meta":[],"categories":[2],"tags":[],"_links":{"self":[{"href":"http:\/\/caritas.diecezja.wloclawek.pl\/index.php?rest_route=\/wp\/v2\/posts\/457"}],"collection":[{"href":"http:\/\/caritas.diecezja.wloclawek.pl\/index.php?rest_route=\/wp\/v2\/posts"}],"about":[{"href":"http:\/\/caritas.diecezja.wloclawek.pl\/index.php?rest_route=\/wp\/v2\/types\/post"}],"author":[{"embeddable":true,"href":"http:\/\/caritas.diecezja.wloclawek.pl\/index.php?rest_route=\/wp\/v2\/users\/1"}],"replies":[{"embeddable":true,"href":"http:\/\/caritas.diecezja.wloclawek.pl\/index.php?rest_route=%2Fwp%2Fv2%2Fcomments&post=457"}],"version-history":[{"count":1,"href":"http:\/\/caritas.diecezja.wloclawek.pl\/index.php?rest_route=\/wp\/v2\/posts\/457\/revisions"}],"predecessor-version":[{"id":462,"href":"http:\/\/caritas.diecezja.wloclawek.pl\/index.php?rest_route=\/wp\/v2\/posts\/457\/revisions\/462"}],"wp:featuredmedia":[{"embeddable":true,"href":"http:\/\/caritas.diecezja.wloclawek.pl\/index.php?rest_route=\/wp\/v2\/media\/460"}],"wp:attachment":[{"href":"http:\/\/caritas.diecezja.wloclawek.pl\/index.php?rest_route=%2Fwp%2Fv2%2Fmedia&parent=457"}],"wp:term":[{"taxonomy":"category","embeddable":true,"href":"http:\/\/caritas.diecezja.wloclawek.pl\/index.php?rest_route=%2Fwp%2Fv2%2Fcategories&post=457"},{"taxonomy":"post_tag","embeddable":true,"href":"http:\/\/caritas.diecezja.wloclawek.pl\/index.php?rest_route=%2Fwp%2Fv2%2Ftags&post=457"}],"curies":[{"name":"wp","href":"https:\/\/api.w.org\/{rel}","templated":true}]}}