{"id":4568,"date":"2022-05-23T07:05:36","date_gmt":"2022-05-23T06:05:36","guid":{"rendered":"http:\/\/caritas.diecezja.wloclawek.pl\/?p=4568"},"modified":"2022-05-23T07:07:28","modified_gmt":"2022-05-23T06:07:28","slug":"wizyta-dyrektora-caritas-polska-we-wloclawku","status":"publish","type":"post","link":"http:\/\/caritas.diecezja.wloclawek.pl\/?p=4568","title":{"rendered":"Wizyta Dyrektora Caritas Polska we W\u0142oc\u0142awku"},"content":{"rendered":"<p>17 maja Caritas Diecezji W\u0142oc\u0142awskiej odwiedzi\u0142 wyj\u0105tkowy go\u015b\u0107 ks. dr Marcin I\u017cycki \u2013 Dyrektor Caritas Polska. Celem wizyty ksi\u0119dza Dyrektora by\u0142o poznanie z bliska Rozbudowy Schroniska dla bezdomnych z us\u0142ugami opieku\u0144czymi przy ul. P\u0142ockiej 2 we W\u0142oc\u0142awku. Ksi\u0105dz Dyrektor wyrazi\u0142 podziw nad ogromem wykonanych prac na placu budowy. Podkre\u015bli\u0142 s\u0142uszno\u015b\u0107 inwestycji w dzie\u0142o, kt\u00f3re b\u0119dzie s\u0142u\u017cy\u0107 osobom bezdomnym wymagaj\u0105cym szczeg\u00f3lnej opieki, nie tylko z W\u0142oc\u0142awka, ale r\u00f3wnie\u017c z ca\u0142ego regionu.<\/p>\n<p>Nasz Go\u015b\u0107 by\u0142 \u017cywo zainteresowany sukcesami, jak i trudnymi wyzwaniami zwi\u0105zanymi z rozbudow\u0105 w kontek\u015bcie trwaj\u0105cego kryzysu ekonomicznego. Tym samym ksi\u0105dz Marcin I\u017cycki swoj\u0105 obecno\u015bci\u0105 potwierdzi\u0142 misj\u0119, jak\u0105 pe\u0142ni sprawuj\u0105c funkcj\u0119 Dyrektora Caritas Polska \u2013 mianowicie rol\u0119 s\u0142u\u017cebn\u0105 wobec ka\u017cdej diecezjalnej Caritas, za co z serca dzi\u0119kujemy.<\/p>\n<p>Jego Ekscelencja Ks. Biskup Krzysztof W\u0119tkowski zaprosi\u0142 ksi\u0119dza Marcina I\u017cyckiego wraz z ks. Jackiem K\u0119dzierskim \u2013 Dyrektorem Caritas Diecezji W\u0142oc\u0142awskiej oraz z ks. Les\u0142awem Witczakiem \u2013 Ekonomem Diecezji W\u0142oc\u0142awskiej na spotkanie do Domu Biskupiego. Zosta\u0142y tam om\u00f3wione sprawy zwi\u0105zane z dzia\u0142alno\u015bci\u0105 Caritas Diecezji W\u0142oc\u0142awskiej oraz z kryzysem uchod\u017aczym w Ukrainie.<\/p>\n<p><img loading=\"lazy\" class=\" wp-image-4572 aligncenter\" src=\"http:\/\/caritas.diecezja.wloclawek.pl\/wp-content\/uploads\/2022\/05\/20220517_124909-300x225.jpg\" alt=\"\" width=\"503\" height=\"377\" srcset=\"http:\/\/caritas.diecezja.wloclawek.pl\/wp-content\/uploads\/2022\/05\/20220517_124909-300x225.jpg 300w, http:\/\/caritas.diecezja.wloclawek.pl\/wp-content\/uploads\/2022\/05\/20220517_124909-768x576.jpg 768w, http:\/\/caritas.diecezja.wloclawek.pl\/wp-content\/uploads\/2022\/05\/20220517_124909.jpg 800w\" sizes=\"(max-width: 503px) 100vw, 503px\" \/><\/p>\n","protected":false},"excerpt":{"rendered":"<p>&#46;&#46;&#46;<\/p>\n","protected":false},"author":2,"featured_media":4569,"comment_status":"closed","ping_status":"closed","sticky":false,"template":"","format":"standard","meta":[],"categories":[2],"tags":[],"_links":{"self":[{"href":"http:\/\/caritas.diecezja.wloclawek.pl\/index.php?rest_route=\/wp\/v2\/posts\/4568"}],"collection":[{"href":"http:\/\/caritas.diecezja.wloclawek.pl\/index.php?rest_route=\/wp\/v2\/posts"}],"about":[{"href":"http:\/\/caritas.diecezja.wloclawek.pl\/index.php?rest_route=\/wp\/v2\/types\/post"}],"author":[{"embeddable":true,"href":"http:\/\/caritas.diecezja.wloclawek.pl\/index.php?rest_route=\/wp\/v2\/users\/2"}],"replies":[{"embeddable":true,"href":"http:\/\/caritas.diecezja.wloclawek.pl\/index.php?rest_route=%2Fwp%2Fv2%2Fcomments&post=4568"}],"version-history":[{"count":3,"href":"http:\/\/caritas.diecezja.wloclawek.pl\/index.php?rest_route=\/wp\/v2\/posts\/4568\/revisions"}],"predecessor-version":[{"id":4573,"href":"http:\/\/caritas.diecezja.wloclawek.pl\/index.php?rest_route=\/wp\/v2\/posts\/4568\/revisions\/4573"}],"wp:featuredmedia":[{"embeddable":true,"href":"http:\/\/caritas.diecezja.wloclawek.pl\/index.php?rest_route=\/wp\/v2\/media\/4569"}],"wp:attachment":[{"href":"http:\/\/caritas.diecezja.wloclawek.pl\/index.php?rest_route=%2Fwp%2Fv2%2Fmedia&parent=4568"}],"wp:term":[{"taxonomy":"category","embeddable":true,"href":"http:\/\/caritas.diecezja.wloclawek.pl\/index.php?rest_route=%2Fwp%2Fv2%2Fcategories&post=4568"},{"taxonomy":"post_tag","embeddable":true,"href":"http:\/\/caritas.diecezja.wloclawek.pl\/index.php?rest_route=%2Fwp%2Fv2%2Ftags&post=4568"}],"curies":[{"name":"wp","href":"https:\/\/api.w.org\/{rel}","templated":true}]}}