{"id":454,"date":"2014-11-30T09:10:09","date_gmt":"2014-11-30T08:10:09","guid":{"rendered":"http:\/\/caritas.diecezja.wloclawek.pl\/?p=454"},"modified":"2017-10-25T09:13:44","modified_gmt":"2017-10-25T08:13:44","slug":"dziecko-sercem-rodziny-caritas-po-raz-21-rozpoczyna-wigilijne-dzielo-pomocy-dzieciom","status":"publish","type":"post","link":"http:\/\/caritas.diecezja.wloclawek.pl\/?p=454","title":{"rendered":"Dziecko sercem rodziny \u2013 Caritas po raz 21. rozpoczyna Wigilijne Dzie\u0142o Pomocy Dzieciom"},"content":{"rendered":"<p>Caritas w Polsce kolejny rozpoczyna akcj\u0119 Wigilijnego Dzie\u0142o Pomocy Dzieciom. Ka\u017cdego roku, na milionach sto\u0142\u00f3w wigilijnych p\u0142onie \u015bwieca Caritas. Dzi\u0119ki niej corocznie do\u017cywiamy tysi\u0105ce dzieci w szko\u0142ach i \u015bwietlicach, zapewniamy im pomoce edukacyjne oraz letni wypoczynek. Ponadto 10 groszy z ka\u017cdej \u015bwiecy przeznaczane jest na pomoc dzieciom z zagranicy, w tym roku wsparciem zostan\u0105 obj\u0119te dzieci uchod\u017ac\u00f3w z Syrii i Iraku.<\/p>\n<p>&#8211; Ka\u017cdy, kto nabywa \u015bwiec\u0119, ma \u015bwiadomo\u015b\u0107, \u017ce czyni co\u015b dobrego. P\u0142omie\u0144 tej \u015bwiecy, jest znakiem realizowanego dzie\u0142a mi\u0142osierdzia. Mi\u0142osierdzia, kt\u00f3rego potrzebuj\u0105 rodziny a w szczeg\u00f3lno\u015bci dzieci \u2013 powiedzia\u0142 ks. Marian Subocz \u2013 dyrektor Caritas Polska.<\/p>\n<p>Od 2000 roku Wigilijne Dzie\u0142o Pomocy Dzieciom jest wsp\u00f3lnym, ekumenicznym dzie\u0142em tworzonym przez Caritas Ko\u015bcio\u0142a Katolickiego, Diakoni\u0119 Ko\u015bcio\u0142a Ewangelickiego i Eleos Polskiego Ko\u015bcio\u0142a Autokefalicznego. W 2013 roku organizacje rozprowadzi\u0142y wsp\u00f3lnie blisko 3 miliony \u015bwiec.<\/p>\n<p>Pierwsze \u015bwiece Caritas zap\u0142on\u0119\u0142y na sto\u0142ach w polskich domach w 1993 roku, w ramach akcji realizowanej na terenach zaledwie kilku diecezji. Rok p\u00f3\u017aniej, w 1994 roku, \u015bwiat\u0142o \u015bwiecy Wigilijnego Dzie\u0142a Pomocy Dzieciom zap\u0142on\u0119\u0142o ju\u017c na sto\u0142ach wigilijnych w ca\u0142ej Polsce. Tylko podczas X edycji w 2004 roku by\u0142o ich 4,5 miliona. Dzi\u0119ki temu, od 21 lat pomoc otrzymuje kilka milion\u00f3w dzieci z ubogich rodzin.<\/p>\n<p>W 1997 roku z ide\u0105 betlejemskiego \u015bwiat\u0142a pokoju przy\u0142\u0105czyli si\u0119 do niej harcerze ZHP, dzi\u0119ki temu \u015bwieca Caritas dociera\u0142a m. in. do Prymasa Polski, Prezesa Rady Ministr\u00f3w, Prezydenta RP, Sejmu i Senatu.<\/p>\n<p>Wed\u0142ug raportu UNICEF z pa\u017adziernika 2014 roku wynika, \u017ce 1,3 miliona dzieci w naszym kraju jest pozbawionych dost\u0119pu do podstawowych d\u00f3br niezb\u0119dnych do ich rozwoju. Oko\u0142o 700 tysi\u0119cy, czyli ok. 10 % wszystkich dzieci w wieku do 17 lat \u017cyje w skrajnym ub\u00f3stwie. Ponadto ze \u015bwiadcze\u0144 socjalnych korzysta a\u017c 2 mln 155 tys. polskich rodzin.<\/p>\n<p>Has\u0142em tegorocznej akcji s\u0105 s\u0142owa: DZIECKO SERCEM RODZINY. Kondycja polskiej rodziny pozostawia wiele do \u017cyczenia. Trudna jest zw\u0142aszcza sytuacja rodzin wielodzietnych. Pomagaj\u0105c dziecku \u2013 wp\u0142ywa si\u0119 na sytuacj\u0119 ca\u0142ej rodziny. Przywraca si\u0119 niejednokrotnie wiar\u0119 w drugiego cz\u0142owieka i w lepsz\u0105 przysz\u0142o\u015b\u0107 je\u015bli nie w\u0142asn\u0105 to dzieci, w kt\u00f3rych rodzice pok\u0142adaj\u0105 nadziej\u0119. Przez lata dzia\u0142alno\u015bci Caritas uda\u0142o si\u0119 wp\u0142yn\u0105\u0107 na kondycj\u0119 materialn\u0105 ale i moraln\u0105 oraz duchow\u0105 bardo wielu polskich rodzin.<\/p>\n<p>Akcj\u0119 mo\u017cna wesprze\u0107 kupuj\u0105c wigilijn\u0105 \u015bwiec\u0119 Caritas, wysy\u0142aj\u0105c SMS z has\u0142em POMAGAM na numer 72052 (koszt 2,46 z\u0142 z VAT) lub przez wp\u0142at\u0119 na konto Caritas z dopiskiem WIGILIJNE DZIE\u0141O POMOCY DZIECIOM. Szczeg\u00f3\u0142y na stronie www.wigilijnedzielocaritas.com. Bie\u017c\u0105ce informacje o przebiegu akcji znajd\u0105 si\u0119 r\u00f3wnie\u017c na stronie <a href=\"http:\/\/www.facebook.com\/akcjecaritas\">www.facebook.com\/akcjecaritas<\/a>.<\/p>\n<p>Patronami medialnymi wydarzenia s\u0105: TVP1, Polskie Radio, Go\u015b\u0107 Niedzielny, Niedziela oraz DEON.pl.<\/p>\n<p>&nbsp;<\/p>\n<p><a href=\"http:\/\/caritas.diecezja.wloclawek.pl\/wp-content\/uploads\/2017\/10\/Wigilijne-Dzielo-Pomocy-Dzieciom-2014.jpg\"><img loading=\"lazy\" class=\"aligncenter  wp-image-455\" src=\"http:\/\/caritas.diecezja.wloclawek.pl\/wp-content\/uploads\/2017\/10\/Wigilijne-Dzielo-Pomocy-Dzieciom-2014-214x300.jpg\" alt=\"\" width=\"257\" height=\"360\" srcset=\"http:\/\/caritas.diecezja.wloclawek.pl\/wp-content\/uploads\/2017\/10\/Wigilijne-Dzielo-Pomocy-Dzieciom-2014-214x300.jpg 214w, http:\/\/caritas.diecezja.wloclawek.pl\/wp-content\/uploads\/2017\/10\/Wigilijne-Dzielo-Pomocy-Dzieciom-2014-768x1079.jpg 768w, http:\/\/caritas.diecezja.wloclawek.pl\/wp-content\/uploads\/2017\/10\/Wigilijne-Dzielo-Pomocy-Dzieciom-2014-729x1024.jpg 729w, http:\/\/caritas.diecezja.wloclawek.pl\/wp-content\/uploads\/2017\/10\/Wigilijne-Dzielo-Pomocy-Dzieciom-2014.jpg 1194w\" sizes=\"(max-width: 257px) 100vw, 257px\" \/><\/a><\/p>\n","protected":false},"excerpt":{"rendered":"<p>&#46;&#46;&#46;<\/p>\n","protected":false},"author":1,"featured_media":455,"comment_status":"open","ping_status":"open","sticky":false,"template":"","format":"standard","meta":[],"categories":[2],"tags":[],"_links":{"self":[{"href":"http:\/\/caritas.diecezja.wloclawek.pl\/index.php?rest_route=\/wp\/v2\/posts\/454"}],"collection":[{"href":"http:\/\/caritas.diecezja.wloclawek.pl\/index.php?rest_route=\/wp\/v2\/posts"}],"about":[{"href":"http:\/\/caritas.diecezja.wloclawek.pl\/index.php?rest_route=\/wp\/v2\/types\/post"}],"author":[{"embeddable":true,"href":"http:\/\/caritas.diecezja.wloclawek.pl\/index.php?rest_route=\/wp\/v2\/users\/1"}],"replies":[{"embeddable":true,"href":"http:\/\/caritas.diecezja.wloclawek.pl\/index.php?rest_route=%2Fwp%2Fv2%2Fcomments&post=454"}],"version-history":[{"count":1,"href":"http:\/\/caritas.diecezja.wloclawek.pl\/index.php?rest_route=\/wp\/v2\/posts\/454\/revisions"}],"predecessor-version":[{"id":456,"href":"http:\/\/caritas.diecezja.wloclawek.pl\/index.php?rest_route=\/wp\/v2\/posts\/454\/revisions\/456"}],"wp:featuredmedia":[{"embeddable":true,"href":"http:\/\/caritas.diecezja.wloclawek.pl\/index.php?rest_route=\/wp\/v2\/media\/455"}],"wp:attachment":[{"href":"http:\/\/caritas.diecezja.wloclawek.pl\/index.php?rest_route=%2Fwp%2Fv2%2Fmedia&parent=454"}],"wp:term":[{"taxonomy":"category","embeddable":true,"href":"http:\/\/caritas.diecezja.wloclawek.pl\/index.php?rest_route=%2Fwp%2Fv2%2Fcategories&post=454"},{"taxonomy":"post_tag","embeddable":true,"href":"http:\/\/caritas.diecezja.wloclawek.pl\/index.php?rest_route=%2Fwp%2Fv2%2Ftags&post=454"}],"curies":[{"name":"wp","href":"https:\/\/api.w.org\/{rel}","templated":true}]}}