{"id":451,"date":"2014-12-14T09:04:27","date_gmt":"2014-12-14T08:04:27","guid":{"rendered":"http:\/\/caritas.diecezja.wloclawek.pl\/?p=451"},"modified":"2017-10-25T09:09:56","modified_gmt":"2017-10-25T08:09:56","slug":"papiez-franciszek-zapalil-swiece-caritas","status":"publish","type":"post","link":"http:\/\/caritas.diecezja.wloclawek.pl\/?p=451","title":{"rendered":"Papie\u017c Franciszek zapali\u0142 \u015bwiec\u0119 Caritas"},"content":{"rendered":"<p>Podczas niedzielnej modlitwy Anio\u0142 Pa\u0144ski Papie\u017c Franciszek zapali\u0142 \u015bwiec\u0119 Wigilijnego Dzie\u0142a Pomocy Dzieciom. Jest to znak jedno\u015bci z najs\u0142abszymi, pomijanymi, najbardziej potrzebuj\u0105cymi pomocy oraz symboliczne rozpocz\u0119cie roku Caritas obchodzonego w Polsce w 2015 roku.<\/p>\n<p>&nbsp;<\/p>\n<p>Gest Papie\u017ca Franciszka jest bardzo wa\u017cny dla wszystkich, do kt\u00f3rych skierowana jest pos\u0142uga Caritas w Polsce, jak i do os\u00f3b, kt\u00f3re pos\u0142uguj\u0105 \u2013 pracownik\u00f3w i wolontariuszy.<\/p>\n<p>&#8211; Jeste\u015bmy bardzo wdzi\u0119czni Ojcu \u015awi\u0119temu Franciszkowi za gest zapalenia \u015bwiecy Wigilijnego Dzie\u0142a Pomocy Dzieciom . Jest to symbol \u0142\u0105czno\u015bci Ojca \u015awi\u0119tego z Caritas w Polsce. Przez 21 lat ze \u015brodk\u00f3w zebranych w ramach tej akcji pomogli\u015bmy ponad milionowi dzieci \u2013 powiedzia\u0142 ks. Marian Subocz \u2013 Dyrektor Caritas Polska.<\/p>\n<p>Wigilijne Dzie\u0142o Pomocy Dzieciom to jedna z najbardziej rozpoznawalnych akcji charytatywnych w Polsce. Pierwsza \u015bwieca Caritas zap\u0142on\u0119\u0142a w polskich domach w 1993 roku. Od 21 lat dzi\u0119ki rozprowadzaniu \u015bwiec Caritas corocznie otacza opiek\u0105 tysi\u0105ce dzieci w szko\u0142ach i \u015bwietlicach m.in. poprzez do\u017cywianie, zapewnienie pomocy edukacyjnych oraz letniego wypoczynku. Ponadto 10 groszy z ka\u017cdej \u015bwiecy przeznaczane jest na pomoc dzieciom z zagranicy, w tym roku dzieciom uchod\u017ac\u00f3w z Syrii i Iraku. Tegoroczna edycja Wigilijnego Dzie\u0142a Pomocy Dzieciom odbywa si\u0119 pod has\u0142em \u201eDziecko sercem rodziny\u201d.<\/p>\n<p>W 2015 roku Caritas w Polsce b\u0119dzie obchodzi\u0142a Rok Caritas, zwi\u0105zany z 25 rocznic\u0105 reaktywowania Caritas po okresie komunizmu. B\u0119dzie to rok wsp\u00f3lnego podzi\u0119kowania darczy\u0144com, wolontariuszom i pracownikom Caritas. B\u0119dzie r\u00f3wnie\u017c okazj\u0105 do \u015bwi\u0119towania z osobami, kt\u00f3re otrzyma\u0142y pomoc oraz do postawienia sobie pytania o nowe zadania.<\/p>\n<p>Ojciec \u015awi\u0119ty przes\u0142a\u0142 do Caritas Polska specjalne b\u0142ogos\u0142awie\u0144stwo na Rok Caritas. Wyrazi\u0142 w nim \u201ewdzi\u0119czno\u015b\u0107 wszystkim ludziom dobrej woli, kt\u00f3rzy wspieraj\u0105 dzia\u0142alno\u015b\u0107 Caritas w Polsce i na \u015bwiecie, jak r\u00f3wnie\u017c tym, kt\u00f3rzy uczestnicz\u0105 w tej wa\u017cnej misji Ko\u015bcio\u0142a przez codzienn\u0105 prac\u0119, wolontariat, modlitw\u0119, ofiary materialne i duchowe\u201d. Zaznaczy\u0142 tak\u017ce swoj\u0105 pami\u0119\u0107 o tych, kt\u00f3rzy pozostaj\u0105 w potrzebie, a szczeg\u00f3lnie rodziny borykaj\u0105ce si\u0119 z rozmaitymi problemami. Ponadto, udzieli\u0142 Apostolskiego B\u0142ogos\u0142awie\u0144stwa wszystkim, zar\u00f3wno pracownikom, wolontariuszom i darczy\u0144com, jak i podopiecznym Caritas.<\/p>\n<p>Pomimo trudnych pocz\u0105tk\u00f3w po 1990 roku dzi\u0119ki wielkiemu wysi\u0142kowi os\u00f3b zaanga\u017cowanych w pomoc drugiemu cz\u0142owiekowi oraz zaufaniu Polak\u00f3w Caritas mo\u017ce dzi\u015b \u015bwi\u0119towa\u0107 25 lat pos\u0142ugi ze \u015bwiadomo\u015bci\u0105 godnej odpowiedzi na bol\u0105czki polskiego spo\u0142ecze\u0144stwa. Caritas dzia\u0142aj\u0105ca w Polsce w 44 diecezjach to obecnie ponad 100 000 wolontariuszy, 900 plac\u00f3wek z wykwalifikowan\u0105 kadr\u0105 \u015bwiadcz\u0105c\u0105 codzienn\u0105 pomoc na wszelkich polach ludzkiej biedy. Rokrocznie Caritas w Polsce wydaje osobom ubogim ok. 1 mln 800 tys. posi\u0142k\u00f3w. Prowadzi noclegownie, jad\u0142odajnie, domy samotnej matki, okna \u017cycia, \u015bwietlice socjoterapeutyczne, hospicja, punkty wydawania odzie\u017cy, punkty dystrybucji \u017cywno\u015bci, warsztaty terapii zaj\u0119ciowej, o\u015brodki interwencji kryzysowej. Stara si\u0119 by\u0107 wsz\u0119dzie tam, gdzie kto\u015b potrzebuje pomocy.<\/p>\n<p><em>Foto i tekst: Caritas Polska<\/em><\/p>\n<p>&nbsp;<\/p>\n<p><a href=\"http:\/\/caritas.diecezja.wloclawek.pl\/wp-content\/uploads\/2017\/10\/franciszek_wdpd.jpg\"><img loading=\"lazy\" class=\"aligncenter size-medium wp-image-452\" src=\"http:\/\/caritas.diecezja.wloclawek.pl\/wp-content\/uploads\/2017\/10\/franciszek_wdpd-300x230.jpg\" alt=\"\" width=\"300\" height=\"230\" srcset=\"http:\/\/caritas.diecezja.wloclawek.pl\/wp-content\/uploads\/2017\/10\/franciszek_wdpd-300x230.jpg 300w, http:\/\/caritas.diecezja.wloclawek.pl\/wp-content\/uploads\/2017\/10\/franciszek_wdpd-768x590.jpg 768w, http:\/\/caritas.diecezja.wloclawek.pl\/wp-content\/uploads\/2017\/10\/franciszek_wdpd.jpg 831w\" sizes=\"(max-width: 300px) 100vw, 300px\" \/><\/a><\/p>\n","protected":false},"excerpt":{"rendered":"<p>&#46;&#46;&#46;<\/p>\n","protected":false},"author":1,"featured_media":452,"comment_status":"open","ping_status":"open","sticky":false,"template":"","format":"standard","meta":[],"categories":[2],"tags":[],"_links":{"self":[{"href":"http:\/\/caritas.diecezja.wloclawek.pl\/index.php?rest_route=\/wp\/v2\/posts\/451"}],"collection":[{"href":"http:\/\/caritas.diecezja.wloclawek.pl\/index.php?rest_route=\/wp\/v2\/posts"}],"about":[{"href":"http:\/\/caritas.diecezja.wloclawek.pl\/index.php?rest_route=\/wp\/v2\/types\/post"}],"author":[{"embeddable":true,"href":"http:\/\/caritas.diecezja.wloclawek.pl\/index.php?rest_route=\/wp\/v2\/users\/1"}],"replies":[{"embeddable":true,"href":"http:\/\/caritas.diecezja.wloclawek.pl\/index.php?rest_route=%2Fwp%2Fv2%2Fcomments&post=451"}],"version-history":[{"count":1,"href":"http:\/\/caritas.diecezja.wloclawek.pl\/index.php?rest_route=\/wp\/v2\/posts\/451\/revisions"}],"predecessor-version":[{"id":453,"href":"http:\/\/caritas.diecezja.wloclawek.pl\/index.php?rest_route=\/wp\/v2\/posts\/451\/revisions\/453"}],"wp:featuredmedia":[{"embeddable":true,"href":"http:\/\/caritas.diecezja.wloclawek.pl\/index.php?rest_route=\/wp\/v2\/media\/452"}],"wp:attachment":[{"href":"http:\/\/caritas.diecezja.wloclawek.pl\/index.php?rest_route=%2Fwp%2Fv2%2Fmedia&parent=451"}],"wp:term":[{"taxonomy":"category","embeddable":true,"href":"http:\/\/caritas.diecezja.wloclawek.pl\/index.php?rest_route=%2Fwp%2Fv2%2Fcategories&post=451"},{"taxonomy":"post_tag","embeddable":true,"href":"http:\/\/caritas.diecezja.wloclawek.pl\/index.php?rest_route=%2Fwp%2Fv2%2Ftags&post=451"}],"curies":[{"name":"wp","href":"https:\/\/api.w.org\/{rel}","templated":true}]}}