{"id":447,"date":"2014-12-15T09:01:05","date_gmt":"2014-12-15T08:01:05","guid":{"rendered":"http:\/\/caritas.diecezja.wloclawek.pl\/?p=447"},"modified":"2017-10-25T09:03:52","modified_gmt":"2017-10-25T08:03:52","slug":"bozonarodzeniowa-zbiorka-zywnosci-caritas-w-sieradzu","status":"publish","type":"post","link":"http:\/\/caritas.diecezja.wloclawek.pl\/?p=447","title":{"rendered":"Bo\u017conarodzeniowa Zbi\u00f3rka \u017bywno\u015bci Caritas w Sieradzu"},"content":{"rendered":"<p>W dnia 12 &#8211; 13 grudnia 2014 przeprowadzona zosta\u0142a akcja \u201eTak pomagam\u201d w sklepie Biedronka przy ul. Ko\u015bciuszki w Sieradzu przez dwa Szkolne Ko\u0142a Caritas, kt\u00f3re po\u0142\u0105czy\u0142y swoje si\u0142y. W pi\u0105tek 12 grudnia 2014 r., w zbi\u00f3rce \u017cywno\u015bci wzi\u0119\u0142y udzia\u0142 4 osoby ze Szkolnego Ko\u0142a Caritas przy Szkole Podstawowej nr 4 w Sieradzu pod kierunkiem p. Justyny Nawrockiej. Od godz. 15.30 do 19.00, m\u0142odzie\u017c zach\u0119ca\u0142a do podarowania produkt\u00f3w i zebra\u0142a w tym dniu ok. 55 kg \u017cywno\u015bci.<\/p>\n<p>Nast\u0119pnego dnia dy\u017cur mia\u0142o Szkolne Ko\u0142a Caritas dzia\u0142aj\u0105ce przy Gimnazjum nr 2 im. Kr\u00f3lowej Jadwigi w Sieradzu pod okiem p. Wioletty Halusiak. Od godz. 9.00 do 15.00 w akcji bra\u0142o udzia\u0142 7 wolontariuszy, kt\u00f3rzy zebrali w ok. 145 kg \u017cywno\u015bci.<\/p>\n<p>W ca\u0142ej dwudniowej akcji wzi\u0119\u0142o udzia\u0142 11 os\u00f3b i zebrano \u0142\u0105cznie ok. 200 kg \u017cywno\u015bci, kt\u00f3ra zostanie przekazana najbardziej potrzebuj\u0105cym rodzinom w parafii pw. Wszystkich \u015awi\u0119tych w Sieradzu.<\/p>\n<p>Wioletta Halusiak<\/p>\n<p>&nbsp;<\/p>\n<p><a href=\"http:\/\/caritas.diecezja.wloclawek.pl\/wp-content\/uploads\/2017\/10\/sieraz.jpg\"><img loading=\"lazy\" class=\"aligncenter  wp-image-448\" src=\"http:\/\/caritas.diecezja.wloclawek.pl\/wp-content\/uploads\/2017\/10\/sieraz-300x225.jpg\" alt=\"\" width=\"387\" height=\"290\" srcset=\"http:\/\/caritas.diecezja.wloclawek.pl\/wp-content\/uploads\/2017\/10\/sieraz-300x225.jpg 300w, http:\/\/caritas.diecezja.wloclawek.pl\/wp-content\/uploads\/2017\/10\/sieraz.jpg 640w\" sizes=\"(max-width: 387px) 100vw, 387px\" \/><\/a><\/p>\n<p><a href=\"http:\/\/caritas.diecezja.wloclawek.pl\/wp-content\/uploads\/2017\/10\/sieraz1.jpg\"><img loading=\"lazy\" class=\"aligncenter  wp-image-449\" src=\"http:\/\/caritas.diecezja.wloclawek.pl\/wp-content\/uploads\/2017\/10\/sieraz1-225x300.jpg\" alt=\"\" width=\"292\" height=\"389\" srcset=\"http:\/\/caritas.diecezja.wloclawek.pl\/wp-content\/uploads\/2017\/10\/sieraz1-225x300.jpg 225w, http:\/\/caritas.diecezja.wloclawek.pl\/wp-content\/uploads\/2017\/10\/sieraz1.jpg 360w\" sizes=\"(max-width: 292px) 100vw, 292px\" \/><\/a><\/p>\n","protected":false},"excerpt":{"rendered":"<p>&#46;&#46;&#46;<\/p>\n","protected":false},"author":1,"featured_media":449,"comment_status":"open","ping_status":"open","sticky":false,"template":"","format":"standard","meta":[],"categories":[2],"tags":[],"_links":{"self":[{"href":"http:\/\/caritas.diecezja.wloclawek.pl\/index.php?rest_route=\/wp\/v2\/posts\/447"}],"collection":[{"href":"http:\/\/caritas.diecezja.wloclawek.pl\/index.php?rest_route=\/wp\/v2\/posts"}],"about":[{"href":"http:\/\/caritas.diecezja.wloclawek.pl\/index.php?rest_route=\/wp\/v2\/types\/post"}],"author":[{"embeddable":true,"href":"http:\/\/caritas.diecezja.wloclawek.pl\/index.php?rest_route=\/wp\/v2\/users\/1"}],"replies":[{"embeddable":true,"href":"http:\/\/caritas.diecezja.wloclawek.pl\/index.php?rest_route=%2Fwp%2Fv2%2Fcomments&post=447"}],"version-history":[{"count":1,"href":"http:\/\/caritas.diecezja.wloclawek.pl\/index.php?rest_route=\/wp\/v2\/posts\/447\/revisions"}],"predecessor-version":[{"id":450,"href":"http:\/\/caritas.diecezja.wloclawek.pl\/index.php?rest_route=\/wp\/v2\/posts\/447\/revisions\/450"}],"wp:featuredmedia":[{"embeddable":true,"href":"http:\/\/caritas.diecezja.wloclawek.pl\/index.php?rest_route=\/wp\/v2\/media\/449"}],"wp:attachment":[{"href":"http:\/\/caritas.diecezja.wloclawek.pl\/index.php?rest_route=%2Fwp%2Fv2%2Fmedia&parent=447"}],"wp:term":[{"taxonomy":"category","embeddable":true,"href":"http:\/\/caritas.diecezja.wloclawek.pl\/index.php?rest_route=%2Fwp%2Fv2%2Fcategories&post=447"},{"taxonomy":"post_tag","embeddable":true,"href":"http:\/\/caritas.diecezja.wloclawek.pl\/index.php?rest_route=%2Fwp%2Fv2%2Ftags&post=447"}],"curies":[{"name":"wp","href":"https:\/\/api.w.org\/{rel}","templated":true}]}}