{"id":4294,"date":"2022-05-04T09:16:55","date_gmt":"2022-05-04T08:16:55","guid":{"rendered":"http:\/\/caritas.diecezja.wloclawek.pl\/?p=4294"},"modified":"2022-05-04T09:17:37","modified_gmt":"2022-05-04T08:17:37","slug":"oaza-chorych-i-niepelnosprawnych-rejonu-koninskiego-diecezji-wloclawskiej","status":"publish","type":"post","link":"http:\/\/caritas.diecezja.wloclawek.pl\/?p=4294","title":{"rendered":"Oaza Chorych i Niepe\u0142nosprawnych rejonu koni\u0144skiego diecezji w\u0142oc\u0142awskiej"},"content":{"rendered":"<p>Oaza Chorych i Niepe\u0142nosprawnych rejonu koni\u0144skiego diecezji w\u0142oc\u0142awskiej jest wsp\u00f3lnot\u0105, kt\u00f3ra gromadzi ludzi o wielkich, wierz\u0105cych sercach. S\u0105 w\u015br\u00f3d nich osoby z niepe\u0142nosprawno\u015bciami, starsze, chore i m\u0142odzie\u017c &#8211; wolontariusze. Opiekunem jest ks. Adrian Nowicki.<\/p>\n<p>Raz w roku, w czasie wakacji, organizowane s\u0105 dwutygodniowe wczasorekolekcje dla wszystkich uczestnik\u00f3w Oazy. Rekolekcje odbywaj\u0105 si\u0119 w Sanktuarium Matki Bo\u017cej Liche\u0144skiej Bolesnej Kr\u00f3lowej Polski w Licheniu. Dla wielu s\u0105 one jedyn\u0105 okazj\u0105 w ci\u0105gu roku, aby oderwa\u0107 si\u0119 od cz\u0119sto trudnej rzeczywisto\u015bci.<\/p>\n<p>Oaza jest przestrzeni\u0105, w kt\u00f3rej ludzie do\u015bwiadczaj\u0105 Go w spos\u00f3b zmys\u0142owy. Chrystus patrzy tam w oczy, podaje pomocn\u0105 d\u0142o\u0144, pomaga wej\u015b\u0107 po schodach, pije z innym herbat\u0119, czasem milczy, p\u0142acze, a innym razem ta\u0144czy i \u015bmieje si\u0119 do \u0142ez.<\/p>\n<p>W rekolekcjach uczestniczy grupa licz\u0105ca ponad sto os\u00f3b. Organizacja takiego wydarzenia \u0142\u0105czy si\u0119 z du\u017cymi kosztami. Dla wielu chorych i niepe\u0142nosprawnych jest to bardzo du\u017cy wydatek. Aby uczestnicy mogli wyjecha\u0107 na wakacje i ponie\u015b\u0107 przy tym jak najni\u017csze obci\u0105\u017cenie finansowe organizatorzy potrzebuj\u0105 wsparcia. Ka\u017cda z\u0142ot\u00f3wka jest bardzo cenna i mo\u017ce przyczyni\u0107 si\u0119 do wywo\u0142ania u\u015bmiechu na niejednej pi\u0119knej twarzy.<\/p>\n<p>Caritas Diecezji W\u0142oc\u0142awskiej wspiera t\u0119 pi\u0119kn\u0105 i jak\u017ce potrzebn\u0105 inicjatyw\u0119 poprzez wsparcie rzeczowe, jak r\u00f3wnie\u017c za\u0142o\u017cenie zbi\u00f3rki na portalu zrzutka.pl. Zach\u0119camy ludzi dobrej woli, kt\u00f3rym nie jest oboj\u0119tny los chorych i niepe\u0142nosprawnych o &#8222;dorzucenie grosika&#8221; do wyjazdu. Inicjatyw\u0119 mo\u017cna wesprze\u0107 dw\u00f3jnas\u00f3b:<\/p>\n<ul>\n<li>poprzez wp\u0142at\u0119 na zbi\u00f3rk\u0119: <a href=\"http:\/\/zrzutka.pl\/5ewh6k\" target=\"_blank\" rel=\"noopener\">http:\/\/zrzutka.pl\/5ewh6k<\/a>,<\/li>\n<li>poprzez przelew na konto: <strong>PKO BP 91 1020 5170 0000 1202 0432 4547<\/strong> z dopiskiem <strong>&#8222;Oaza chorych i niepe\u0142nosprawnych rejonu koni\u0144skiego&#8221;<\/strong><\/li>\n<\/ul>\n<p>Za otrzymane wsparcie z serca dzi\u0119kujemy.<\/p>\n\n\t\t<style type=\"text\/css\">\n\t\t\t#gallery-1 {\n\t\t\t\tmargin: auto;\n\t\t\t}\n\t\t\t#gallery-1 .gallery-item {\n\t\t\t\tfloat: left;\n\t\t\t\tmargin-top: 10px;\n\t\t\t\ttext-align: center;\n\t\t\t\twidth: 33%;\n\t\t\t}\n\t\t\t#gallery-1 img {\n\t\t\t\tborder: 2px solid #cfcfcf;\n\t\t\t}\n\t\t\t#gallery-1 .gallery-caption {\n\t\t\t\tmargin-left: 0;\n\t\t\t}\n\t\t\t\/* see gallery_shortcode() in wp-includes\/media.php *\/\n\t\t<\/style>\n\t\t<div id='gallery-1' class='gallery galleryid-4294 gallery-columns-3 gallery-size-thumbnail'><dl class='gallery-item'>\n\t\t\t<dt class='gallery-icon landscape'>\n\t\t\t\t<a href='http:\/\/caritas.diecezja.wloclawek.pl\/?attachment_id=4296'><img width=\"150\" height=\"150\" src=\"http:\/\/caritas.diecezja.wloclawek.pl\/wp-content\/uploads\/2022\/05\/image1-150x150.jpeg\" class=\"attachment-thumbnail size-thumbnail\" alt=\"\" loading=\"lazy\" srcset=\"http:\/\/caritas.diecezja.wloclawek.pl\/wp-content\/uploads\/2022\/05\/image1-150x150.jpeg 150w, http:\/\/caritas.diecezja.wloclawek.pl\/wp-content\/uploads\/2022\/05\/image1-80x80.jpeg 80w, http:\/\/caritas.diecezja.wloclawek.pl\/wp-content\/uploads\/2022\/05\/image1-320x320.jpeg 320w\" sizes=\"(max-width: 150px) 100vw, 150px\" \/><\/a>\n\t\t\t<\/dt><\/dl><dl class='gallery-item'>\n\t\t\t<dt class='gallery-icon landscape'>\n\t\t\t\t<a href='http:\/\/caritas.diecezja.wloclawek.pl\/?attachment_id=4297'><img width=\"150\" height=\"150\" src=\"http:\/\/caritas.diecezja.wloclawek.pl\/wp-content\/uploads\/2022\/05\/image2-150x150.jpeg\" class=\"attachment-thumbnail size-thumbnail\" alt=\"\" loading=\"lazy\" srcset=\"http:\/\/caritas.diecezja.wloclawek.pl\/wp-content\/uploads\/2022\/05\/image2-150x150.jpeg 150w, http:\/\/caritas.diecezja.wloclawek.pl\/wp-content\/uploads\/2022\/05\/image2-80x80.jpeg 80w, http:\/\/caritas.diecezja.wloclawek.pl\/wp-content\/uploads\/2022\/05\/image2-320x320.jpeg 320w\" sizes=\"(max-width: 150px) 100vw, 150px\" \/><\/a>\n\t\t\t<\/dt><\/dl><dl class='gallery-item'>\n\t\t\t<dt class='gallery-icon landscape'>\n\t\t\t\t<a href='http:\/\/caritas.diecezja.wloclawek.pl\/?attachment_id=4298'><img width=\"150\" height=\"150\" src=\"http:\/\/caritas.diecezja.wloclawek.pl\/wp-content\/uploads\/2022\/05\/image3-150x150.jpeg\" class=\"attachment-thumbnail size-thumbnail\" alt=\"\" loading=\"lazy\" srcset=\"http:\/\/caritas.diecezja.wloclawek.pl\/wp-content\/uploads\/2022\/05\/image3-150x150.jpeg 150w, http:\/\/caritas.diecezja.wloclawek.pl\/wp-content\/uploads\/2022\/05\/image3-80x80.jpeg 80w, http:\/\/caritas.diecezja.wloclawek.pl\/wp-content\/uploads\/2022\/05\/image3-320x320.jpeg 320w\" sizes=\"(max-width: 150px) 100vw, 150px\" \/><\/a>\n\t\t\t<\/dt><\/dl><br style=\"clear: both\" \/><dl class='gallery-item'>\n\t\t\t<dt class='gallery-icon landscape'>\n\t\t\t\t<a href='http:\/\/caritas.diecezja.wloclawek.pl\/?attachment_id=4299'><img width=\"150\" height=\"150\" src=\"http:\/\/caritas.diecezja.wloclawek.pl\/wp-content\/uploads\/2022\/05\/image4-150x150.jpeg\" class=\"attachment-thumbnail size-thumbnail\" alt=\"\" loading=\"lazy\" srcset=\"http:\/\/caritas.diecezja.wloclawek.pl\/wp-content\/uploads\/2022\/05\/image4-150x150.jpeg 150w, http:\/\/caritas.diecezja.wloclawek.pl\/wp-content\/uploads\/2022\/05\/image4-80x80.jpeg 80w, http:\/\/caritas.diecezja.wloclawek.pl\/wp-content\/uploads\/2022\/05\/image4-320x320.jpeg 320w\" sizes=\"(max-width: 150px) 100vw, 150px\" \/><\/a>\n\t\t\t<\/dt><\/dl><dl class='gallery-item'>\n\t\t\t<dt class='gallery-icon landscape'>\n\t\t\t\t<a href='http:\/\/caritas.diecezja.wloclawek.pl\/?attachment_id=4300'><img width=\"150\" height=\"150\" src=\"http:\/\/caritas.diecezja.wloclawek.pl\/wp-content\/uploads\/2022\/05\/oaza-e1562405213556-768x432-2-150x150.jpg\" class=\"attachment-thumbnail size-thumbnail\" alt=\"\" loading=\"lazy\" srcset=\"http:\/\/caritas.diecezja.wloclawek.pl\/wp-content\/uploads\/2022\/05\/oaza-e1562405213556-768x432-2-150x150.jpg 150w, http:\/\/caritas.diecezja.wloclawek.pl\/wp-content\/uploads\/2022\/05\/oaza-e1562405213556-768x432-2-80x80.jpg 80w, http:\/\/caritas.diecezja.wloclawek.pl\/wp-content\/uploads\/2022\/05\/oaza-e1562405213556-768x432-2-320x320.jpg 320w\" sizes=\"(max-width: 150px) 100vw, 150px\" \/><\/a>\n\t\t\t<\/dt><\/dl><dl class='gallery-item'>\n\t\t\t<dt class='gallery-icon portrait'>\n\t\t\t\t<a href='http:\/\/caritas.diecezja.wloclawek.pl\/?attachment_id=4301'><img width=\"150\" height=\"150\" src=\"http:\/\/caritas.diecezja.wloclawek.pl\/wp-content\/uploads\/2022\/05\/Rekolekcje-Oazy-Chorych-i-Niepelnosprawnych-150x150.png\" class=\"attachment-thumbnail size-thumbnail\" alt=\"\" loading=\"lazy\" srcset=\"http:\/\/caritas.diecezja.wloclawek.pl\/wp-content\/uploads\/2022\/05\/Rekolekcje-Oazy-Chorych-i-Niepelnosprawnych-150x150.png 150w, http:\/\/caritas.diecezja.wloclawek.pl\/wp-content\/uploads\/2022\/05\/Rekolekcje-Oazy-Chorych-i-Niepelnosprawnych-80x80.png 80w, http:\/\/caritas.diecezja.wloclawek.pl\/wp-content\/uploads\/2022\/05\/Rekolekcje-Oazy-Chorych-i-Niepelnosprawnych-320x320.png 320w\" sizes=\"(max-width: 150px) 100vw, 150px\" \/><\/a>\n\t\t\t<\/dt><\/dl><br style=\"clear: both\" \/>\n\t\t<\/div>\n\n","protected":false},"excerpt":{"rendered":"<p>&#46;&#46;&#46;<\/p>\n","protected":false},"author":2,"featured_media":4295,"comment_status":"closed","ping_status":"closed","sticky":false,"template":"","format":"standard","meta":[],"categories":[2],"tags":[],"_links":{"self":[{"href":"http:\/\/caritas.diecezja.wloclawek.pl\/index.php?rest_route=\/wp\/v2\/posts\/4294"}],"collection":[{"href":"http:\/\/caritas.diecezja.wloclawek.pl\/index.php?rest_route=\/wp\/v2\/posts"}],"about":[{"href":"http:\/\/caritas.diecezja.wloclawek.pl\/index.php?rest_route=\/wp\/v2\/types\/post"}],"author":[{"embeddable":true,"href":"http:\/\/caritas.diecezja.wloclawek.pl\/index.php?rest_route=\/wp\/v2\/users\/2"}],"replies":[{"embeddable":true,"href":"http:\/\/caritas.diecezja.wloclawek.pl\/index.php?rest_route=%2Fwp%2Fv2%2Fcomments&post=4294"}],"version-history":[{"count":4,"href":"http:\/\/caritas.diecezja.wloclawek.pl\/index.php?rest_route=\/wp\/v2\/posts\/4294\/revisions"}],"predecessor-version":[{"id":4305,"href":"http:\/\/caritas.diecezja.wloclawek.pl\/index.php?rest_route=\/wp\/v2\/posts\/4294\/revisions\/4305"}],"wp:featuredmedia":[{"embeddable":true,"href":"http:\/\/caritas.diecezja.wloclawek.pl\/index.php?rest_route=\/wp\/v2\/media\/4295"}],"wp:attachment":[{"href":"http:\/\/caritas.diecezja.wloclawek.pl\/index.php?rest_route=%2Fwp%2Fv2%2Fmedia&parent=4294"}],"wp:term":[{"taxonomy":"category","embeddable":true,"href":"http:\/\/caritas.diecezja.wloclawek.pl\/index.php?rest_route=%2Fwp%2Fv2%2Fcategories&post=4294"},{"taxonomy":"post_tag","embeddable":true,"href":"http:\/\/caritas.diecezja.wloclawek.pl\/index.php?rest_route=%2Fwp%2Fv2%2Ftags&post=4294"}],"curies":[{"name":"wp","href":"https:\/\/api.w.org\/{rel}","templated":true}]}}