{"id":418,"date":"2014-12-19T08:49:09","date_gmt":"2014-12-19T07:49:09","guid":{"rendered":"http:\/\/caritas.diecezja.wloclawek.pl\/?p=418"},"modified":"2017-10-25T08:52:34","modified_gmt":"2017-10-25T07:52:34","slug":"rusza-program-operacyjny-pomocy-zywnosciowej-2014","status":"publish","type":"post","link":"http:\/\/caritas.diecezja.wloclawek.pl\/?p=418","title":{"rendered":"Rusza Program Operacyjny Pomocy \u017bywno\u015bciowej 2014"},"content":{"rendered":"<p>Caritas Diecezji W\u0142oc\u0142awskiej od o\u015bmiu lat uczestniczy\u0142a w programie PEAD. Celem programu wsp\u00f3\u0142finansowanego z Europejskiego Funduszu Pomocy Najbardziej Potrzebuj\u0105cym by\u0142o udzielenie pomocy \u017cywno\u015bciowej osobom ubogim, bezdomnym, samotnym matkom, chorym i niepe\u0142nosprawnym. Nasza diecezja rozprowadzi\u0142a ok. 1000 ton \u017cywno\u015bci.<\/p>\n<p>Przez osiem lat parafie naszej diecezji otrzymywa\u0142y \u017cywno\u015b\u0107 z magazynu we W\u0142oc\u0142awku. W tym roku w Programie Operacyjnym Pomocy \u017bywno\u015bciowej FEAD 2014 parafie z naszej diecezji umow\u0119 podpisuj\u0105 z nasz\u0105 Caritas, ale \u017cywno\u015b\u0107 odbieraj\u0105 z magazyn\u00f3w bli\u017cszym im po\u0142o\u017ceniu. Na przyk\u0142ad parafie z wojew\u00f3dztwa wielkopolskiego obs\u0142ugiwane s\u0105 przez Magazyn w Gnie\u017anie( oczywi\u015bcie z puli naszej Caritas), parafie z wojew\u00f3dztwa \u0142\u00f3dzkiego odbieraj\u0105 artyku\u0142y spo\u017cywcze z Magazynu w \u0141owiczu. Magazyn we W\u0142oc\u0142awku wydaje \u017cywno\u015b\u0107 parafiom z wojew\u00f3dztwa kujawsko \u2013 pomorskiego. Z pomocy w ramach nowego Programu Operacyjnego Pomoc \u017bywno\u015bciowa FEAD 2014 r. mog\u0105 korzysta\u0107 jedynie osoby, kt\u00f3re otrzymaj\u0105 z O\u015brodka Pomocy Spo\u0142ecznej (GOPS,MOPS,GMOPS) specjalne skierowanie pt: &#8222;Skierowanie do otrzymania pomocy \u017cywno\u015bciowej w ramach Programu Operacyjnego Pomoc \u017bywno\u015bciowa wsp\u00f3\u0142finansowanego z Europejskiego Funduszu Najbardziej Potrzebuj\u0105cym&#8221; FEAD. W naszej diecezji Punkt Pomocy Biednym we W\u0142oc\u0142awku b\u0119dzie rozprowadza\u0107 paczki od 7 stycznia 2015 roku. Z tej formy pomocy skorzysta\u0107 mog\u0105 wszystkie osoby, kt\u00f3rych dochody nie przekroczy\u0142y 813 z\u0142 osoby samotne lub 684 z\u0142 osoby w rodzinie. Jedna paczka zawiera: 1 l oleju, 2 kg cukru,2 l mleka, 1,5 kg makaronu, 2 konserwy (2&#215;0,4kg) razem 7,3 kg.<br \/>\nW trakcie trwania poprzedniego Programu PEAD udzielali\u015bmy pomocy \u017cywno\u015bciowej osobom bezdomnym. Ten program r\u00f3wnie\u017c uwzgl\u0119dnia osoby bez dachu nad g\u0142ow\u0105. Osoby bezdomne posiadaj\u0105ce za\u015bwiadczenia o swojej bezdomno\u015bci nie potrzebuj\u0105 skierowania z OPS tylko samodzielnie wype\u0142nione druki skierowa\u0144.<\/p>\n<p>Joanna Helena Kurant<\/p>\n<p><a href=\"http:\/\/caritas.diecezja.wloclawek.pl\/wp-content\/uploads\/2017\/10\/qwe.jpg\"><img loading=\"lazy\" class=\"aligncenter  wp-image-419\" src=\"http:\/\/caritas.diecezja.wloclawek.pl\/wp-content\/uploads\/2017\/10\/qwe-300x169.jpg\" alt=\"\" width=\"380\" height=\"214\" srcset=\"http:\/\/caritas.diecezja.wloclawek.pl\/wp-content\/uploads\/2017\/10\/qwe-300x169.jpg 300w, http:\/\/caritas.diecezja.wloclawek.pl\/wp-content\/uploads\/2017\/10\/qwe.jpg 640w\" sizes=\"(max-width: 380px) 100vw, 380px\" \/><\/a> <a href=\"http:\/\/caritas.diecezja.wloclawek.pl\/wp-content\/uploads\/2017\/10\/qwe1.jpg\"><img loading=\"lazy\" class=\"aligncenter  wp-image-420\" src=\"http:\/\/caritas.diecezja.wloclawek.pl\/wp-content\/uploads\/2017\/10\/qwe1-300x169.jpg\" alt=\"\" width=\"385\" height=\"217\" srcset=\"http:\/\/caritas.diecezja.wloclawek.pl\/wp-content\/uploads\/2017\/10\/qwe1-300x169.jpg 300w, http:\/\/caritas.diecezja.wloclawek.pl\/wp-content\/uploads\/2017\/10\/qwe1.jpg 640w\" sizes=\"(max-width: 385px) 100vw, 385px\" \/><\/a> <a href=\"http:\/\/caritas.diecezja.wloclawek.pl\/wp-content\/uploads\/2017\/10\/qwe2.jpg\"><img loading=\"lazy\" class=\"aligncenter  wp-image-421\" src=\"http:\/\/caritas.diecezja.wloclawek.pl\/wp-content\/uploads\/2017\/10\/qwe2-300x169.jpg\" alt=\"\" width=\"382\" height=\"215\" srcset=\"http:\/\/caritas.diecezja.wloclawek.pl\/wp-content\/uploads\/2017\/10\/qwe2-300x169.jpg 300w, http:\/\/caritas.diecezja.wloclawek.pl\/wp-content\/uploads\/2017\/10\/qwe2.jpg 640w\" sizes=\"(max-width: 382px) 100vw, 382px\" \/><\/a><\/p>\n","protected":false},"excerpt":{"rendered":"<p>&#46;&#46;&#46;<\/p>\n","protected":false},"author":1,"featured_media":421,"comment_status":"open","ping_status":"open","sticky":false,"template":"","format":"standard","meta":[],"categories":[2],"tags":[],"_links":{"self":[{"href":"http:\/\/caritas.diecezja.wloclawek.pl\/index.php?rest_route=\/wp\/v2\/posts\/418"}],"collection":[{"href":"http:\/\/caritas.diecezja.wloclawek.pl\/index.php?rest_route=\/wp\/v2\/posts"}],"about":[{"href":"http:\/\/caritas.diecezja.wloclawek.pl\/index.php?rest_route=\/wp\/v2\/types\/post"}],"author":[{"embeddable":true,"href":"http:\/\/caritas.diecezja.wloclawek.pl\/index.php?rest_route=\/wp\/v2\/users\/1"}],"replies":[{"embeddable":true,"href":"http:\/\/caritas.diecezja.wloclawek.pl\/index.php?rest_route=%2Fwp%2Fv2%2Fcomments&post=418"}],"version-history":[{"count":1,"href":"http:\/\/caritas.diecezja.wloclawek.pl\/index.php?rest_route=\/wp\/v2\/posts\/418\/revisions"}],"predecessor-version":[{"id":422,"href":"http:\/\/caritas.diecezja.wloclawek.pl\/index.php?rest_route=\/wp\/v2\/posts\/418\/revisions\/422"}],"wp:featuredmedia":[{"embeddable":true,"href":"http:\/\/caritas.diecezja.wloclawek.pl\/index.php?rest_route=\/wp\/v2\/media\/421"}],"wp:attachment":[{"href":"http:\/\/caritas.diecezja.wloclawek.pl\/index.php?rest_route=%2Fwp%2Fv2%2Fmedia&parent=418"}],"wp:term":[{"taxonomy":"category","embeddable":true,"href":"http:\/\/caritas.diecezja.wloclawek.pl\/index.php?rest_route=%2Fwp%2Fv2%2Fcategories&post=418"},{"taxonomy":"post_tag","embeddable":true,"href":"http:\/\/caritas.diecezja.wloclawek.pl\/index.php?rest_route=%2Fwp%2Fv2%2Ftags&post=418"}],"curies":[{"name":"wp","href":"https:\/\/api.w.org\/{rel}","templated":true}]}}