{"id":413,"date":"2014-12-21T08:44:45","date_gmt":"2014-12-21T07:44:45","guid":{"rendered":"http:\/\/caritas.diecezja.wloclawek.pl\/?p=413"},"modified":"2017-10-25T08:48:29","modified_gmt":"2017-10-25T07:48:29","slug":"swiateczna-paczka-dla-rodzin-w-parafii-sw-pawla-w-zdunskiej-woli","status":"publish","type":"post","link":"http:\/\/caritas.diecezja.wloclawek.pl\/?p=413","title":{"rendered":"\u015awi\u0105teczna paczka dla rodzin w parafii \u015bw. Paw\u0142a w Zdu\u0144skiej Woli"},"content":{"rendered":"<p>Parafialny Zesp\u00f3\u0142 Caritas przez dwa tygodnie prowadzi\u0142 akcj\u0119 zbi\u00f3rki \u017cywno\u015bci i s\u0142odyczy dla rodzin potrzebuj\u0105cych. Ludzie dobrej woli wsparli t\u0119 akcj\u0119 przynosz\u0105c 450 kg \u017cywno\u015bci oraz z\u0142o\u017cyli na ten cel 2034 z\u0142.<\/p>\n<p>Parafialny Zesp\u00f3\u0142 Caritas oraz Szkolne Ko\u0142o Caritas przy Zespole Szk\u00f3\u0142 nr 1 w Zdu\u0144skiej Woli w dniach 12 &#8211; 13 grudnia w\u0142\u0105czyli si\u0119 w akcj\u0119 og\u00f3lnopolsk\u0105 zbi\u00f3rki \u017cywno\u015bci TAK, POMAGAM!. W pi\u0105tek akcja trwa\u0142a od godz. 14.00 do 20.00 a w sobot\u0119 od 12.00 do 20.00. Akcja zosta\u0142a przeprowadzona w sklepie Biedronka przy ul. D\u0142ugiej 128. W akcji udzia\u0142 wzi\u0119\u0142o 18 woluntariuszy z PZC oraz 20 woluntariuszy z SKC. Dzi\u0119ki \u017cyczliwo\u015bci bardzo wielu ludzi zebrali\u015bmy 500 kg \u017cywno\u015bci.<\/p>\n<p>Ze z\u0142o\u017conych ofiar zosta\u0142a zakupiona \u017cywno\u015b\u0107 i s\u0142odycze \u0142\u0105cznie 780 kg. \u0141\u0105cznie \u017cywno\u015bci zgromadzili\u015bmy 1730 kg oraz 132 komplety artyku\u0142\u00f3w chemicznych. \u0141\u0105czna pomoc wynios\u0142a 17 tys. z\u0142.<\/p>\n<p>W dniu 19 grudnia przygotowano 127 paczek \u015bwi\u0105tecznych \u017cywno\u015bciowych i wydano je w minion\u0105 sobot\u0119. Szkolne Ko\u0142o Caritas przy pomocy PZC w sobot\u0119 przygotowa\u0142o 49 paczek \u015bwi\u0105tecznych ze s\u0142odyczami dla dzieci z rodzin obj\u0119tych pomoc\u0105. W poniedzia\u0142ek 22 grudnia m\u0142odzie\u017c roznosi\u0142a po domach paczki robi\u0105c niespodzianki dzieciom.<\/p>\n<p>Dzi\u0119kujemy wszystkim ludziom dobrej woli, kt\u00f3rzy podzieli si\u0119 z osobami potrzebuj\u0105cymi.<\/p>\n<p>ks. Andrzej Jaworski, proboszcz par. \u015bw. Paw\u0142a Ap. w Zdu\u0144skiej Woli<\/p>\n<p><a href=\"http:\/\/caritas.diecezja.wloclawek.pl\/wp-content\/uploads\/2017\/10\/qqq1.jpg\"><img loading=\"lazy\" class=\"aligncenter  wp-image-414\" src=\"http:\/\/caritas.diecezja.wloclawek.pl\/wp-content\/uploads\/2017\/10\/qqq1-300x200.jpg\" alt=\"\" width=\"353\" height=\"235\" srcset=\"http:\/\/caritas.diecezja.wloclawek.pl\/wp-content\/uploads\/2017\/10\/qqq1-300x200.jpg 300w, http:\/\/caritas.diecezja.wloclawek.pl\/wp-content\/uploads\/2017\/10\/qqq1.jpg 640w\" sizes=\"(max-width: 353px) 100vw, 353px\" \/><\/a><\/p>\n<p><a href=\"http:\/\/caritas.diecezja.wloclawek.pl\/wp-content\/uploads\/2017\/10\/qqq2.jpg\"><img loading=\"lazy\" class=\"aligncenter  wp-image-415\" src=\"http:\/\/caritas.diecezja.wloclawek.pl\/wp-content\/uploads\/2017\/10\/qqq2-300x200.jpg\" alt=\"\" width=\"352\" height=\"235\" srcset=\"http:\/\/caritas.diecezja.wloclawek.pl\/wp-content\/uploads\/2017\/10\/qqq2-300x200.jpg 300w, http:\/\/caritas.diecezja.wloclawek.pl\/wp-content\/uploads\/2017\/10\/qqq2.jpg 640w\" sizes=\"(max-width: 352px) 100vw, 352px\" \/><\/a><\/p>\n<p><a href=\"http:\/\/caritas.diecezja.wloclawek.pl\/wp-content\/uploads\/2017\/10\/qqq3.jpg\"><img loading=\"lazy\" class=\"aligncenter  wp-image-416\" src=\"http:\/\/caritas.diecezja.wloclawek.pl\/wp-content\/uploads\/2017\/10\/qqq3-300x200.jpg\" alt=\"\" width=\"349\" height=\"232\" srcset=\"http:\/\/caritas.diecezja.wloclawek.pl\/wp-content\/uploads\/2017\/10\/qqq3-300x200.jpg 300w, http:\/\/caritas.diecezja.wloclawek.pl\/wp-content\/uploads\/2017\/10\/qqq3.jpg 640w\" sizes=\"(max-width: 349px) 100vw, 349px\" \/><\/a><\/p>\n","protected":false},"excerpt":{"rendered":"<p>&#46;&#46;&#46;<\/p>\n","protected":false},"author":1,"featured_media":416,"comment_status":"open","ping_status":"open","sticky":false,"template":"","format":"standard","meta":[],"categories":[2],"tags":[],"_links":{"self":[{"href":"http:\/\/caritas.diecezja.wloclawek.pl\/index.php?rest_route=\/wp\/v2\/posts\/413"}],"collection":[{"href":"http:\/\/caritas.diecezja.wloclawek.pl\/index.php?rest_route=\/wp\/v2\/posts"}],"about":[{"href":"http:\/\/caritas.diecezja.wloclawek.pl\/index.php?rest_route=\/wp\/v2\/types\/post"}],"author":[{"embeddable":true,"href":"http:\/\/caritas.diecezja.wloclawek.pl\/index.php?rest_route=\/wp\/v2\/users\/1"}],"replies":[{"embeddable":true,"href":"http:\/\/caritas.diecezja.wloclawek.pl\/index.php?rest_route=%2Fwp%2Fv2%2Fcomments&post=413"}],"version-history":[{"count":1,"href":"http:\/\/caritas.diecezja.wloclawek.pl\/index.php?rest_route=\/wp\/v2\/posts\/413\/revisions"}],"predecessor-version":[{"id":417,"href":"http:\/\/caritas.diecezja.wloclawek.pl\/index.php?rest_route=\/wp\/v2\/posts\/413\/revisions\/417"}],"wp:featuredmedia":[{"embeddable":true,"href":"http:\/\/caritas.diecezja.wloclawek.pl\/index.php?rest_route=\/wp\/v2\/media\/416"}],"wp:attachment":[{"href":"http:\/\/caritas.diecezja.wloclawek.pl\/index.php?rest_route=%2Fwp%2Fv2%2Fmedia&parent=413"}],"wp:term":[{"taxonomy":"category","embeddable":true,"href":"http:\/\/caritas.diecezja.wloclawek.pl\/index.php?rest_route=%2Fwp%2Fv2%2Fcategories&post=413"},{"taxonomy":"post_tag","embeddable":true,"href":"http:\/\/caritas.diecezja.wloclawek.pl\/index.php?rest_route=%2Fwp%2Fv2%2Ftags&post=413"}],"curies":[{"name":"wp","href":"https:\/\/api.w.org\/{rel}","templated":true}]}}