{"id":382,"date":"2014-12-28T08:36:06","date_gmt":"2014-12-28T07:36:06","guid":{"rendered":"http:\/\/caritas.diecezja.wloclawek.pl\/?p=382"},"modified":"2017-10-25T08:39:51","modified_gmt":"2017-10-25T07:39:51","slug":"kaczki-srednie-parafialny-zespol-caritas-przygotowal-wigilie-dla-osob-chorych-starszych-i-samotnych","status":"publish","type":"post","link":"http:\/\/caritas.diecezja.wloclawek.pl\/?p=382","title":{"rendered":"Kaczki \u015arednie: Parafialny Zesp\u00f3\u0142 Caritas przygotowa\u0142 wigili\u0119 dla os\u00f3b chorych, starszych i samotnych"},"content":{"rendered":"<p>Dzia\u0142aj\u0105cy od kilku lat Parafialny Zesp\u00f3\u0142 Caritas przy parafii pw. NMP Kr\u00f3lowej Polski w Kaczkach \u015arednich, wytrwale pe\u0142ni swoj\u0105 misj\u0119 na rzecz os\u00f3b chorych, starszych i samotnych. Obecno\u015b\u0107 przy drugim cz\u0142owieku, zw\u0142aszcza tym w potrzebie, jest jednym z najpi\u0119kniejszych wymiar\u00f3w mi\u0142o\u015bci. Ka\u017cdego miesi\u0105ca odbywaj\u0105 si\u0119 formacyjne spotkania Zespo\u0142u, w celu planowania poszczeg\u00f3lnych zada\u0144. Jednym z takich zada\u0144 jest organizowanie corocznej Wigilii.<\/p>\n<p>Ponad 100 os\u00f3b wzi\u0119\u0142o udzia\u0142 w uroczystym spotkaniu wigilijnym, kt\u00f3re odby\u0142o si\u0119 21 grudnia 2014 roku. Rozpocz\u0119\u0142o si\u0119 ono Msz\u0105 \u015awi\u0119t\u0105 w ko\u015bciele w Kaczkach \u015arednich, kt\u00f3r\u0105 ks. proboszcz Pawe\u0142 Zalewski sprawowa\u0142 w intencji wszystkich uczestnik\u00f3w tego\u017c spotkania. W wyg\u0142oszonej homilii, kap\u0142an zwraca\u0142 uwag\u0119, jak wa\u017cny jest czas adwentu, jako oczekiwanie na przyj\u015bcie Obiecanego Mesjasza &#8211; Jezusa. Podkre\u015bla\u0142, \u017ce nasza uwaga nie powinna by\u0107 skupiona wy\u0142\u0105cznie na sprz\u0105taniu i gotowaniu potraw, ale przede wszystkim na wewn\u0119trznym przygotowaniu si\u0119 do radosnego prze\u017cywania Bo\u017cego Narodzenia. To wewn\u0119trzne przygotowanie by\u0142o umo\u017cliwione r\u00f3wnie\u017c zebranym dzi\u0119ki pos\u0142udze w konfesjonale ks. Leszka Wojciechowskiego.<\/p>\n<p>Po Mszy \u015awi\u0119tej, dzi\u0119ki go\u015bcinno\u015bci pana Mariusza Najmowicza, wszyscy przenie\u015bli si\u0119 do sali bankietowej &#8222;Finezja&#8221;, gdzie przyby\u0142ych powita\u0142a prezes Parafialnego Zespo\u0142u Caritas \u2013 Anna Majewska. Szczeg\u00f3lny aplauz nale\u017ca\u0142 do przyby\u0142ej najstarszej naszej parafianki, pani Anieli, osobi\u015bcie wprowadzonej na sal\u0119 przez miejscowego Proboszcza. Ksi\u0105dz Proboszcz Pawe\u0142 Zalewski od momentu obj\u0119cia parafii w Kaczkach, natychmiast podj\u0105\u0142 my\u015bl organizacji spotka\u0144 wigilijnych. Wyrazy wdzi\u0119czno\u015bci zosta\u0142y skierowane wobec przedstawicieli samorz\u0105du terytorialnego, kt\u00f3rzy ch\u0119tnie odpowiadaj\u0105 na apele Zespo\u0142u Caritas. S\u0142owa podzi\u0119kowania pad\u0142y r\u00f3wnie\u017c pod adresem pa\u0144 z PZS za otwarto\u015b\u0107 ich serc, okazan\u0105 trosk\u0119 i trud dzielenia si\u0119 mi\u0142o\u015bci\u0105 z potrzebuj\u0105cymi w postaci okazywanego wsparcia, a czasem prostego bycia i wys\u0142uchania. Pani prezes przytaczaj\u0105c s\u0142owa b\u0142. Matki Teresy z Kalkuty \u201ezawsze, ilekro\u0107 pozwolisz, by B\u00f3g pokocha\u0142 innych przez ciebie, zawsze wtedy jest Bo\u017ce Narodzenie\u201d, \u017cyczy\u0142a wszystkim, aby nadchodz\u0105ce \u015awi\u0119ta by\u0142y zwiastunem wielkiej rado\u015bci, jaka mo\u017ce go\u015bci\u0107 w naszych sercach ka\u017cdego dnia, zawsze wtedy, gdy pozwolimy Jezusowi rodzi\u0107 si\u0119 nie w ubogiej stajni, ale w\u0142a\u015bnie w naszych sercach pe\u0142nych mi\u0142o\u015bci wzgl\u0119dem Niego. W imieniu przedstawicieli samorz\u0105du terytorialnego wszystkim zebranym \u017cyczenia \u015bwi\u0105teczne z\u0142o\u017cy\u0142 w\u00f3jt gminy Turek pan Karol Miko\u0142ajczyk.<\/p>\n<p>Nast\u0119pnie ks. Leszek przeczyta\u0142 ewangeli\u0119 o narodzeniu Pa\u0144skim, a po modlitwie, kt\u00f3rej przewodniczy\u0142 ks. Proboszcz przyszed\u0142 czas na \u017cyczenia i wsp\u00f3lne \u0142amanie si\u0119 op\u0142atkiem. Rado\u015b\u0107 i u\u015bmiech a niekiedy nawet \u0142zy wzruszenia towarzyszy\u0142y serdecznym s\u0142owom wypowiadanym sobie nawzajem\u2026 Nast\u0119pnie zebrani go\u015bcie usiedli przy wsp\u00f3lnym stole, a zaraz po posi\u0142ku spotkanie ubogaci\u0142a cz\u0119\u015b\u0107 artystyczna w wykonaniu dzieci ze Szko\u0142y Podstawowej im. Jana Paw\u0142a II w Kaczkach \u015arednich. Grupa muzyczna zaprezentowa\u0142a kol\u0119d\u0119 \u201eLulaj\u017ce Jezuniu\u201d zagran\u0105 na fletach, a nast\u0119pnie dzieci przedstawi\u0142y jase\u0142ka ubogacone \u015bpiewem kol\u0119d, w kt\u00f3ry bardzo ch\u0119tnie w\u0142\u0105czali si\u0119 uczestnicy spotkania. Za pi\u0119kny wyst\u0119p dzieci otrzyma\u0142y s\u0142odycze ofiarowane przez pa\u0144stwa Kasprzak\u00f3w prowadz\u0105cych sklep spo\u017cywczy na terenie parafii. A wszyscy zgromadzeni zostali obdarowani lukrowanymi pierniczkami w kszta\u0142cie choinek przygotowanymi przez dzieci z Domu dla Dzieci i M\u0142odzie\u017cy w Kaczkach \u015arednich. Pierniczki te wraz z serdecznymi \u017cyczeniami i s\u0142owami wdzi\u0119czno\u015bci wobec ks. Proboszcza oraz Parafialnego zespo\u0142u Caritas przekaza\u0142a dyrektor tej plac\u00f3wki \u2013 pani Ma\u0142gorzata Krzesi\u0144ska.<\/p>\n<p>Ciep\u0142a atmosfera, mi\u0142o\u015b\u0107 i \u017cyczliwo\u015b\u0107, kt\u00f3re by\u0142y razem z uczestnikami tego spotkania na pewno na d\u0142ugo zostan\u0105 w ich sercach i pami\u0119ci\u2026 Parafialny Zesp\u00f3\u0142 Caritas sk\u0142ada serdeczne podzi\u0119kowania wszystkim sponsorom oraz ludziom dobrej woli, kt\u00f3rzy bezinteresownie w\u0142\u0105czyli si\u0119 do zorganizowana tej donios\u0142ej i tak wa\u017cnej dla lokalnej spo\u0142eczno\u015bci wieczerzy wigilijnej.<\/p>\n<p>Anna Majewska, Prezes PZC<\/p>\n\n\t\t<style type=\"text\/css\">\n\t\t\t#gallery-1 {\n\t\t\t\tmargin: auto;\n\t\t\t}\n\t\t\t#gallery-1 .gallery-item {\n\t\t\t\tfloat: left;\n\t\t\t\tmargin-top: 10px;\n\t\t\t\ttext-align: center;\n\t\t\t\twidth: 20%;\n\t\t\t}\n\t\t\t#gallery-1 img {\n\t\t\t\tborder: 2px solid #cfcfcf;\n\t\t\t}\n\t\t\t#gallery-1 .gallery-caption {\n\t\t\t\tmargin-left: 0;\n\t\t\t}\n\t\t\t\/* see gallery_shortcode() in wp-includes\/media.php *\/\n\t\t<\/style>\n\t\t<div id='gallery-1' class='gallery galleryid-382 gallery-columns-5 gallery-size-thumbnail'><dl class='gallery-item'>\n\t\t\t<dt class='gallery-icon landscape'>\n\t\t\t\t<a href='http:\/\/caritas.diecezja.wloclawek.pl\/?attachment_id=383'><img width=\"150\" height=\"150\" src=\"http:\/\/caritas.diecezja.wloclawek.pl\/wp-content\/uploads\/2017\/10\/kaczki-150x150.jpg\" class=\"attachment-thumbnail size-thumbnail\" alt=\"\" loading=\"lazy\" srcset=\"http:\/\/caritas.diecezja.wloclawek.pl\/wp-content\/uploads\/2017\/10\/kaczki-150x150.jpg 150w, http:\/\/caritas.diecezja.wloclawek.pl\/wp-content\/uploads\/2017\/10\/kaczki-160x160.jpg 160w, http:\/\/caritas.diecezja.wloclawek.pl\/wp-content\/uploads\/2017\/10\/kaczki-320x320.jpg 320w\" sizes=\"(max-width: 150px) 100vw, 150px\" \/><\/a>\n\t\t\t<\/dt><\/dl><dl class='gallery-item'>\n\t\t\t<dt class='gallery-icon landscape'>\n\t\t\t\t<a href='http:\/\/caritas.diecezja.wloclawek.pl\/?attachment_id=384'><img width=\"150\" height=\"150\" src=\"http:\/\/caritas.diecezja.wloclawek.pl\/wp-content\/uploads\/2017\/10\/kaczki1-150x150.jpg\" class=\"attachment-thumbnail size-thumbnail\" alt=\"\" loading=\"lazy\" srcset=\"http:\/\/caritas.diecezja.wloclawek.pl\/wp-content\/uploads\/2017\/10\/kaczki1-150x150.jpg 150w, http:\/\/caritas.diecezja.wloclawek.pl\/wp-content\/uploads\/2017\/10\/kaczki1-160x160.jpg 160w, http:\/\/caritas.diecezja.wloclawek.pl\/wp-content\/uploads\/2017\/10\/kaczki1-320x320.jpg 320w\" sizes=\"(max-width: 150px) 100vw, 150px\" \/><\/a>\n\t\t\t<\/dt><\/dl><dl class='gallery-item'>\n\t\t\t<dt class='gallery-icon landscape'>\n\t\t\t\t<a href='http:\/\/caritas.diecezja.wloclawek.pl\/?attachment_id=385'><img width=\"150\" height=\"150\" src=\"http:\/\/caritas.diecezja.wloclawek.pl\/wp-content\/uploads\/2017\/10\/kaczki2-150x150.jpg\" class=\"attachment-thumbnail size-thumbnail\" alt=\"\" loading=\"lazy\" srcset=\"http:\/\/caritas.diecezja.wloclawek.pl\/wp-content\/uploads\/2017\/10\/kaczki2-150x150.jpg 150w, http:\/\/caritas.diecezja.wloclawek.pl\/wp-content\/uploads\/2017\/10\/kaczki2-160x160.jpg 160w, http:\/\/caritas.diecezja.wloclawek.pl\/wp-content\/uploads\/2017\/10\/kaczki2-320x320.jpg 320w\" sizes=\"(max-width: 150px) 100vw, 150px\" \/><\/a>\n\t\t\t<\/dt><\/dl><dl class='gallery-item'>\n\t\t\t<dt class='gallery-icon landscape'>\n\t\t\t\t<a href='http:\/\/caritas.diecezja.wloclawek.pl\/?attachment_id=386'><img width=\"150\" height=\"150\" src=\"http:\/\/caritas.diecezja.wloclawek.pl\/wp-content\/uploads\/2017\/10\/kaczki3-150x150.jpg\" class=\"attachment-thumbnail size-thumbnail\" alt=\"\" loading=\"lazy\" srcset=\"http:\/\/caritas.diecezja.wloclawek.pl\/wp-content\/uploads\/2017\/10\/kaczki3-150x150.jpg 150w, http:\/\/caritas.diecezja.wloclawek.pl\/wp-content\/uploads\/2017\/10\/kaczki3-160x160.jpg 160w, http:\/\/caritas.diecezja.wloclawek.pl\/wp-content\/uploads\/2017\/10\/kaczki3-320x320.jpg 320w\" sizes=\"(max-width: 150px) 100vw, 150px\" \/><\/a>\n\t\t\t<\/dt><\/dl><dl class='gallery-item'>\n\t\t\t<dt class='gallery-icon landscape'>\n\t\t\t\t<a href='http:\/\/caritas.diecezja.wloclawek.pl\/?attachment_id=387'><img width=\"150\" height=\"150\" src=\"http:\/\/caritas.diecezja.wloclawek.pl\/wp-content\/uploads\/2017\/10\/kaczki4-150x150.jpg\" class=\"attachment-thumbnail size-thumbnail\" alt=\"\" loading=\"lazy\" srcset=\"http:\/\/caritas.diecezja.wloclawek.pl\/wp-content\/uploads\/2017\/10\/kaczki4-150x150.jpg 150w, http:\/\/caritas.diecezja.wloclawek.pl\/wp-content\/uploads\/2017\/10\/kaczki4-160x160.jpg 160w, http:\/\/caritas.diecezja.wloclawek.pl\/wp-content\/uploads\/2017\/10\/kaczki4-320x320.jpg 320w\" sizes=\"(max-width: 150px) 100vw, 150px\" \/><\/a>\n\t\t\t<\/dt><\/dl><br style=\"clear: both\" \/><dl class='gallery-item'>\n\t\t\t<dt class='gallery-icon landscape'>\n\t\t\t\t<a href='http:\/\/caritas.diecezja.wloclawek.pl\/?attachment_id=388'><img width=\"150\" height=\"150\" src=\"http:\/\/caritas.diecezja.wloclawek.pl\/wp-content\/uploads\/2017\/10\/kaczki5-150x150.jpg\" class=\"attachment-thumbnail size-thumbnail\" alt=\"\" loading=\"lazy\" srcset=\"http:\/\/caritas.diecezja.wloclawek.pl\/wp-content\/uploads\/2017\/10\/kaczki5-150x150.jpg 150w, http:\/\/caritas.diecezja.wloclawek.pl\/wp-content\/uploads\/2017\/10\/kaczki5-160x160.jpg 160w, http:\/\/caritas.diecezja.wloclawek.pl\/wp-content\/uploads\/2017\/10\/kaczki5-320x320.jpg 320w\" sizes=\"(max-width: 150px) 100vw, 150px\" \/><\/a>\n\t\t\t<\/dt><\/dl><dl class='gallery-item'>\n\t\t\t<dt class='gallery-icon landscape'>\n\t\t\t\t<a href='http:\/\/caritas.diecezja.wloclawek.pl\/?attachment_id=389'><img width=\"150\" height=\"150\" src=\"http:\/\/caritas.diecezja.wloclawek.pl\/wp-content\/uploads\/2017\/10\/kaczki6-150x150.jpg\" class=\"attachment-thumbnail size-thumbnail\" alt=\"\" loading=\"lazy\" srcset=\"http:\/\/caritas.diecezja.wloclawek.pl\/wp-content\/uploads\/2017\/10\/kaczki6-150x150.jpg 150w, http:\/\/caritas.diecezja.wloclawek.pl\/wp-content\/uploads\/2017\/10\/kaczki6-160x160.jpg 160w, http:\/\/caritas.diecezja.wloclawek.pl\/wp-content\/uploads\/2017\/10\/kaczki6-320x320.jpg 320w\" sizes=\"(max-width: 150px) 100vw, 150px\" \/><\/a>\n\t\t\t<\/dt><\/dl><dl class='gallery-item'>\n\t\t\t<dt class='gallery-icon landscape'>\n\t\t\t\t<a href='http:\/\/caritas.diecezja.wloclawek.pl\/?attachment_id=390'><img width=\"150\" height=\"150\" src=\"http:\/\/caritas.diecezja.wloclawek.pl\/wp-content\/uploads\/2017\/10\/kaczki7-150x150.jpg\" class=\"attachment-thumbnail size-thumbnail\" alt=\"\" loading=\"lazy\" srcset=\"http:\/\/caritas.diecezja.wloclawek.pl\/wp-content\/uploads\/2017\/10\/kaczki7-150x150.jpg 150w, http:\/\/caritas.diecezja.wloclawek.pl\/wp-content\/uploads\/2017\/10\/kaczki7-160x160.jpg 160w, http:\/\/caritas.diecezja.wloclawek.pl\/wp-content\/uploads\/2017\/10\/kaczki7-320x320.jpg 320w\" sizes=\"(max-width: 150px) 100vw, 150px\" \/><\/a>\n\t\t\t<\/dt><\/dl><dl class='gallery-item'>\n\t\t\t<dt class='gallery-icon landscape'>\n\t\t\t\t<a href='http:\/\/caritas.diecezja.wloclawek.pl\/?attachment_id=391'><img width=\"150\" height=\"150\" src=\"http:\/\/caritas.diecezja.wloclawek.pl\/wp-content\/uploads\/2017\/10\/kaczki8-150x150.jpg\" class=\"attachment-thumbnail size-thumbnail\" alt=\"\" loading=\"lazy\" srcset=\"http:\/\/caritas.diecezja.wloclawek.pl\/wp-content\/uploads\/2017\/10\/kaczki8-150x150.jpg 150w, http:\/\/caritas.diecezja.wloclawek.pl\/wp-content\/uploads\/2017\/10\/kaczki8-160x160.jpg 160w, http:\/\/caritas.diecezja.wloclawek.pl\/wp-content\/uploads\/2017\/10\/kaczki8-320x320.jpg 320w\" sizes=\"(max-width: 150px) 100vw, 150px\" \/><\/a>\n\t\t\t<\/dt><\/dl><dl class='gallery-item'>\n\t\t\t<dt class='gallery-icon landscape'>\n\t\t\t\t<a href='http:\/\/caritas.diecezja.wloclawek.pl\/?attachment_id=392'><img width=\"150\" height=\"150\" src=\"http:\/\/caritas.diecezja.wloclawek.pl\/wp-content\/uploads\/2017\/10\/kaczki9-150x150.jpg\" class=\"attachment-thumbnail size-thumbnail\" alt=\"\" loading=\"lazy\" srcset=\"http:\/\/caritas.diecezja.wloclawek.pl\/wp-content\/uploads\/2017\/10\/kaczki9-150x150.jpg 150w, http:\/\/caritas.diecezja.wloclawek.pl\/wp-content\/uploads\/2017\/10\/kaczki9-160x160.jpg 160w, http:\/\/caritas.diecezja.wloclawek.pl\/wp-content\/uploads\/2017\/10\/kaczki9-320x320.jpg 320w\" sizes=\"(max-width: 150px) 100vw, 150px\" \/><\/a>\n\t\t\t<\/dt><\/dl><br style=\"clear: both\" \/><dl class='gallery-item'>\n\t\t\t<dt class='gallery-icon landscape'>\n\t\t\t\t<a href='http:\/\/caritas.diecezja.wloclawek.pl\/?attachment_id=393'><img width=\"150\" height=\"150\" src=\"http:\/\/caritas.diecezja.wloclawek.pl\/wp-content\/uploads\/2017\/10\/kaczki10-150x150.jpg\" class=\"attachment-thumbnail size-thumbnail\" alt=\"\" loading=\"lazy\" srcset=\"http:\/\/caritas.diecezja.wloclawek.pl\/wp-content\/uploads\/2017\/10\/kaczki10-150x150.jpg 150w, http:\/\/caritas.diecezja.wloclawek.pl\/wp-content\/uploads\/2017\/10\/kaczki10-160x160.jpg 160w, http:\/\/caritas.diecezja.wloclawek.pl\/wp-content\/uploads\/2017\/10\/kaczki10-320x320.jpg 320w\" sizes=\"(max-width: 150px) 100vw, 150px\" \/><\/a>\n\t\t\t<\/dt><\/dl><dl class='gallery-item'>\n\t\t\t<dt class='gallery-icon landscape'>\n\t\t\t\t<a href='http:\/\/caritas.diecezja.wloclawek.pl\/?attachment_id=394'><img width=\"150\" height=\"150\" src=\"http:\/\/caritas.diecezja.wloclawek.pl\/wp-content\/uploads\/2017\/10\/kaczki11-150x150.jpg\" class=\"attachment-thumbnail size-thumbnail\" alt=\"\" loading=\"lazy\" srcset=\"http:\/\/caritas.diecezja.wloclawek.pl\/wp-content\/uploads\/2017\/10\/kaczki11-150x150.jpg 150w, http:\/\/caritas.diecezja.wloclawek.pl\/wp-content\/uploads\/2017\/10\/kaczki11-160x160.jpg 160w, http:\/\/caritas.diecezja.wloclawek.pl\/wp-content\/uploads\/2017\/10\/kaczki11-320x320.jpg 320w\" sizes=\"(max-width: 150px) 100vw, 150px\" \/><\/a>\n\t\t\t<\/dt><\/dl><dl class='gallery-item'>\n\t\t\t<dt class='gallery-icon landscape'>\n\t\t\t\t<a href='http:\/\/caritas.diecezja.wloclawek.pl\/?attachment_id=395'><img width=\"150\" height=\"150\" src=\"http:\/\/caritas.diecezja.wloclawek.pl\/wp-content\/uploads\/2017\/10\/kaczki12-150x150.jpg\" class=\"attachment-thumbnail size-thumbnail\" alt=\"\" loading=\"lazy\" srcset=\"http:\/\/caritas.diecezja.wloclawek.pl\/wp-content\/uploads\/2017\/10\/kaczki12-150x150.jpg 150w, http:\/\/caritas.diecezja.wloclawek.pl\/wp-content\/uploads\/2017\/10\/kaczki12-160x160.jpg 160w, http:\/\/caritas.diecezja.wloclawek.pl\/wp-content\/uploads\/2017\/10\/kaczki12-320x320.jpg 320w\" sizes=\"(max-width: 150px) 100vw, 150px\" \/><\/a>\n\t\t\t<\/dt><\/dl><dl class='gallery-item'>\n\t\t\t<dt class='gallery-icon landscape'>\n\t\t\t\t<a href='http:\/\/caritas.diecezja.wloclawek.pl\/?attachment_id=396'><img width=\"150\" height=\"150\" src=\"http:\/\/caritas.diecezja.wloclawek.pl\/wp-content\/uploads\/2017\/10\/kaczki13-150x150.jpg\" class=\"attachment-thumbnail size-thumbnail\" alt=\"\" loading=\"lazy\" srcset=\"http:\/\/caritas.diecezja.wloclawek.pl\/wp-content\/uploads\/2017\/10\/kaczki13-150x150.jpg 150w, http:\/\/caritas.diecezja.wloclawek.pl\/wp-content\/uploads\/2017\/10\/kaczki13-160x160.jpg 160w, http:\/\/caritas.diecezja.wloclawek.pl\/wp-content\/uploads\/2017\/10\/kaczki13-320x320.jpg 320w\" sizes=\"(max-width: 150px) 100vw, 150px\" \/><\/a>\n\t\t\t<\/dt><\/dl>\n\t\t\t<br style='clear: both' \/>\n\t\t<\/div>\n\n","protected":false},"excerpt":{"rendered":"<p>&#46;&#46;&#46;<\/p>\n","protected":false},"author":1,"featured_media":386,"comment_status":"open","ping_status":"open","sticky":false,"template":"","format":"standard","meta":[],"categories":[2],"tags":[],"_links":{"self":[{"href":"http:\/\/caritas.diecezja.wloclawek.pl\/index.php?rest_route=\/wp\/v2\/posts\/382"}],"collection":[{"href":"http:\/\/caritas.diecezja.wloclawek.pl\/index.php?rest_route=\/wp\/v2\/posts"}],"about":[{"href":"http:\/\/caritas.diecezja.wloclawek.pl\/index.php?rest_route=\/wp\/v2\/types\/post"}],"author":[{"embeddable":true,"href":"http:\/\/caritas.diecezja.wloclawek.pl\/index.php?rest_route=\/wp\/v2\/users\/1"}],"replies":[{"embeddable":true,"href":"http:\/\/caritas.diecezja.wloclawek.pl\/index.php?rest_route=%2Fwp%2Fv2%2Fcomments&post=382"}],"version-history":[{"count":1,"href":"http:\/\/caritas.diecezja.wloclawek.pl\/index.php?rest_route=\/wp\/v2\/posts\/382\/revisions"}],"predecessor-version":[{"id":397,"href":"http:\/\/caritas.diecezja.wloclawek.pl\/index.php?rest_route=\/wp\/v2\/posts\/382\/revisions\/397"}],"wp:featuredmedia":[{"embeddable":true,"href":"http:\/\/caritas.diecezja.wloclawek.pl\/index.php?rest_route=\/wp\/v2\/media\/386"}],"wp:attachment":[{"href":"http:\/\/caritas.diecezja.wloclawek.pl\/index.php?rest_route=%2Fwp%2Fv2%2Fmedia&parent=382"}],"wp:term":[{"taxonomy":"category","embeddable":true,"href":"http:\/\/caritas.diecezja.wloclawek.pl\/index.php?rest_route=%2Fwp%2Fv2%2Fcategories&post=382"},{"taxonomy":"post_tag","embeddable":true,"href":"http:\/\/caritas.diecezja.wloclawek.pl\/index.php?rest_route=%2Fwp%2Fv2%2Ftags&post=382"}],"curies":[{"name":"wp","href":"https:\/\/api.w.org\/{rel}","templated":true}]}}