{"id":379,"date":"2014-12-31T08:33:45","date_gmt":"2014-12-31T07:33:45","guid":{"rendered":"http:\/\/caritas.diecezja.wloclawek.pl\/?p=379"},"modified":"2017-10-25T08:35:54","modified_gmt":"2017-10-25T07:35:54","slug":"caritas-zebrala-okolo-4549-tony-zywnosci-podczas-bozonarodzeniowej-zbiorki-zywnosci-tak-pomagam","status":"publish","type":"post","link":"http:\/\/caritas.diecezja.wloclawek.pl\/?p=379","title":{"rendered":"Caritas zebra\u0142a oko\u0142o 454,9 tony \u017cywno\u015bci podczas Bo\u017conarodzeniowej Zbi\u00f3rki \u017cywno\u015bci \u201eTak, Pomagam\u201d"},"content":{"rendered":"<p>Oko\u0142o 454,9 tony \u017cywno\u015bci trafi\u0142o przed \u015bwi\u0119tami Bo\u017cego Narodzenia do oko\u0142o 89,8 tys. os\u00f3b z rodzin wielodzietnych, samotnych rodzic\u00f3w, bezdomnych i chorych oraz do plac\u00f3wek prowadzonych przez 36 diecezjalne Caritas dzi\u0119ki przeprowadzonej w dniach 12-13 grudnia 2014 roku VI Zbi\u00f3rce \u017bywno\u015bci.<\/p>\n<p>W akcj\u0119 zaanga\u017cowanych by\u0142o prawie 23 tys. wolontariuszy z Parafialnych Zespo\u0142\u00f3w Caritas i Szkolnych K\u00f3\u0142 Caritas w ca\u0142ej Polsce, kt\u00f3rzy zbierali \u017cywno\u015b\u0107 w 2,068 sklepach, by m\u00f3c przygotowa\u0107 \u015bwi\u0105teczne paczki i posi\u0142ki dla potrzebuj\u0105cych.<\/p>\n<p>VII Zbi\u00f3rka \u017bywno\u015bci Caritas trwa\u0142a dwa dni &#8211; odby\u0142a si\u0119 w pi\u0105tek i sobot\u0119 12-13 grudnia 2014 br. Wolontariusze pracowali w ponad 2 068 sklepach w ca\u0142ej Polsce, w tym w 928 sklepach sieci Biedronka, 70 sklepach sieci Lewiatan, 102 sklepach POLOmarket oraz 37 hipermarketach Carrefour, 23 sklepach ABC, 71 sklepach Netto, w 20 sklepach Intermarche i 55 sklepach Spo\u0142em. Wolontariusze zbierali r\u00f3wnie\u017c w sklepach: Auchan, Piotr i Pawe\u0142, Real, Stokrotka, Tesco i wielu innych.<\/p>\n<p>W koszach Caritas znalaz\u0142y si\u0119: mleko, m\u0105ka, cukier, makaron, ry\u017c, p\u0142atki kukurydziane, olej, konserwy mi\u0119sne i warzywne, d\u017cemy, majonez, sosy i zupy w proszku, herbata, p\u0142atki \u015bniadaniowe, napoje i s\u0142odycze dla najm\u0142odszych, a tak\u017ce \u015brodki czysto\u015bci.<\/p>\n<p>Zebrane artyku\u0142y zostan\u0105 przekazane potrzebuj\u0105cym w formie \u015bwi\u0105tecznych paczek oraz jako pomoc dora\u017ana dla plac\u00f3wek Caritas. Okres \u015awi\u0105teczny jest czasem szczeg\u00f3lnej troski o potrzebuj\u0105cych. W ostatnich latach przyby\u0142o w naszym kraju rodzin w niezwykle trudnej sytuacji materialnej, co jest odczuwalne we wszystkich diecezjalnych Caritas, udzielaj\u0105cych pomocy dora\u017anej.<\/p>\n<p>Sk\u0142adam serdeczne podzi\u0119kowania ka\u017cdemu, kto zaanga\u017cowa\u0142 si\u0119 w przeprowadzane przez Caritas zbi\u00f3rki. Jestem zadowolony, \u017ce uda\u0142o si\u0119 nam zebra\u0107 w czasie siedmiu przeprowadzonych zbi\u00f3rek oko\u0142o 1 tys. 830 ton \u017cywno\u015bci, kt\u00f3ra znalaz\u0142a si\u0119 dotychczas i znajdzie na tegorocznym Wielkanocnym stole u ok. 447 tys. potrzebuj\u0105cych, kt\u00f3rzy czekaj\u0105 na nasz\u0105 pomoc. To dzi\u0119ki ludziom dobrej woli \u2013 mo\u017cemy pomaga\u0107. Szczeg\u00f3lne podzi\u0119kowania nale\u017c\u0105 si\u0119 dyrektorom i kierownikom sklep\u00f3w, w kt\u00f3rych uda\u0142o si\u0119 po raz sz\u00f3sty przeprowadzi\u0107 zbi\u00f3rk\u0119 oraz wolontariuszom \u2013 powiedzia\u0142 dyrektor Caritas Polska, ks. Marian Subocz.<\/p>\n<p>&nbsp;<\/p>\n<p>Struktura pomocy:<\/p>\n<p>rodziny wielodzietne ok. 23,2 tys.<br \/>\nrodziny dysfunkcyjne ok. 24,0 tys.<br \/>\nosoby samotne ok. 19,2 tys.<br \/>\nosoby bezrobotne ok. 17,3 tys.<br \/>\nosoby bezdomne ok. 9,1 tys.<br \/>\nosoby niepe\u0142nosprawne ok. 7,2 tys.<\/p>\n<p><a href=\"http:\/\/caritas.diecezja.wloclawek.pl\/wp-content\/uploads\/2017\/10\/zbiorka-BN-2014.jpg\"><img loading=\"lazy\" class=\"aligncenter  wp-image-380\" src=\"http:\/\/caritas.diecezja.wloclawek.pl\/wp-content\/uploads\/2017\/10\/zbiorka-BN-2014-300x189.jpg\" alt=\"\" width=\"353\" height=\"222\" srcset=\"http:\/\/caritas.diecezja.wloclawek.pl\/wp-content\/uploads\/2017\/10\/zbiorka-BN-2014-300x189.jpg 300w, http:\/\/caritas.diecezja.wloclawek.pl\/wp-content\/uploads\/2017\/10\/zbiorka-BN-2014.jpg 432w\" sizes=\"(max-width: 353px) 100vw, 353px\" \/><\/a><\/p>\n","protected":false},"excerpt":{"rendered":"<p>&#46;&#46;&#46;<\/p>\n","protected":false},"author":1,"featured_media":380,"comment_status":"open","ping_status":"open","sticky":false,"template":"","format":"standard","meta":[],"categories":[2],"tags":[],"_links":{"self":[{"href":"http:\/\/caritas.diecezja.wloclawek.pl\/index.php?rest_route=\/wp\/v2\/posts\/379"}],"collection":[{"href":"http:\/\/caritas.diecezja.wloclawek.pl\/index.php?rest_route=\/wp\/v2\/posts"}],"about":[{"href":"http:\/\/caritas.diecezja.wloclawek.pl\/index.php?rest_route=\/wp\/v2\/types\/post"}],"author":[{"embeddable":true,"href":"http:\/\/caritas.diecezja.wloclawek.pl\/index.php?rest_route=\/wp\/v2\/users\/1"}],"replies":[{"embeddable":true,"href":"http:\/\/caritas.diecezja.wloclawek.pl\/index.php?rest_route=%2Fwp%2Fv2%2Fcomments&post=379"}],"version-history":[{"count":1,"href":"http:\/\/caritas.diecezja.wloclawek.pl\/index.php?rest_route=\/wp\/v2\/posts\/379\/revisions"}],"predecessor-version":[{"id":381,"href":"http:\/\/caritas.diecezja.wloclawek.pl\/index.php?rest_route=\/wp\/v2\/posts\/379\/revisions\/381"}],"wp:featuredmedia":[{"embeddable":true,"href":"http:\/\/caritas.diecezja.wloclawek.pl\/index.php?rest_route=\/wp\/v2\/media\/380"}],"wp:attachment":[{"href":"http:\/\/caritas.diecezja.wloclawek.pl\/index.php?rest_route=%2Fwp%2Fv2%2Fmedia&parent=379"}],"wp:term":[{"taxonomy":"category","embeddable":true,"href":"http:\/\/caritas.diecezja.wloclawek.pl\/index.php?rest_route=%2Fwp%2Fv2%2Fcategories&post=379"},{"taxonomy":"post_tag","embeddable":true,"href":"http:\/\/caritas.diecezja.wloclawek.pl\/index.php?rest_route=%2Fwp%2Fv2%2Ftags&post=379"}],"curies":[{"name":"wp","href":"https:\/\/api.w.org\/{rel}","templated":true}]}}