{"id":3788,"date":"2021-12-29T17:03:39","date_gmt":"2021-12-29T16:03:39","guid":{"rendered":"http:\/\/caritas.diecezja.wloclawek.pl\/?p=3788"},"modified":"2021-12-29T17:03:39","modified_gmt":"2021-12-29T16:03:39","slug":"paczuszka-dla-maluszka-w-domu-samotnej-matki","status":"publish","type":"post","link":"http:\/\/caritas.diecezja.wloclawek.pl\/?p=3788","title":{"rendered":"Paczuszka dla Maluszka w Domu Samotnej Matki"},"content":{"rendered":"<p><strong><em>Paczuszka dla Maluszka<\/em><\/strong><em>\u00a0<\/em>to bo\u017conarodzeniowa akcja, do kt\u00f3rej od 2013 r., zawsze w \u015bwi\u0105tecznej atmosferze, zaprasza Fundacja Ma\u0142ych St\u00f3pek. Jej adresatami s\u0105 zaprzyja\u017anione instytucje takie jak: domy dziecka, domy ma\u0142ego dziecka, domy samotnej matki oraz hospicja. Ponadto owoce zbi\u00f3rki trafiaj\u0105 r\u00f3wnie\u017c do mam w trudnej sytuacji \u017cyciowej, oczekuj\u0105cych narodzin dzieci\u0105tka oraz podopiecznych naszej organizacji, kt\u00f3rych maluchy ju\u017c pojawi\u0142y si\u0119 na \u015bwiecie. Symbolem akcji od samego pocz\u0105tku jest specjalna \u201epaczuszkowa\u201d bombka.<\/p>\n<p>W gronie instytucji, dla kt\u00f3rych w tym roku by\u0142y przygotowane paczki znalaz\u0142 si\u0119 prowadzony przez Caritas Diecezji W\u0142oc\u0142awskiej Dom Samotnej Matki w Ciechocinku.<\/p>\n<p>Zbi\u00f3rk\u0119 \u015brodk\u00f3w higienicznych dla matki i dziecka, pieluch oraz innych produkt\u00f3w przydatnych w piel\u0119gnacji niemowl\u0105t przeprowadzili wierni z parafii \u015bw. Wita w Tuliszkowie, uczniowie ze Szko\u0142y Podstawowej nr 3 im. Polskich Olimpijczyk\u00f3w w Ciechocinku oraz Zespo\u0142u Szk\u00f3\u0142 w Brudnowie. Przed \u015bwi\u0119tami delegacje wymienionych spo\u0142eczno\u015bci przyby\u0142y do DSM z mn\u00f3stwem prezent\u00f3w dla podopiecznych Domu. Serdecznie dzi\u0119kujemy wszystkim, kt\u00f3rzy w\u0142\u0105czyli si\u0119 w akcj\u0119 i sprawili rado\u015b\u0107 wychowankom Domu Samotnej Matki!<\/p>\n\n\t\t<style type=\"text\/css\">\n\t\t\t#gallery-1 {\n\t\t\t\tmargin: auto;\n\t\t\t}\n\t\t\t#gallery-1 .gallery-item {\n\t\t\t\tfloat: left;\n\t\t\t\tmargin-top: 10px;\n\t\t\t\ttext-align: center;\n\t\t\t\twidth: 33%;\n\t\t\t}\n\t\t\t#gallery-1 img {\n\t\t\t\tborder: 2px solid #cfcfcf;\n\t\t\t}\n\t\t\t#gallery-1 .gallery-caption {\n\t\t\t\tmargin-left: 0;\n\t\t\t}\n\t\t\t\/* see gallery_shortcode() in wp-includes\/media.php *\/\n\t\t<\/style>\n\t\t<div id='gallery-1' class='gallery galleryid-3788 gallery-columns-3 gallery-size-thumbnail'><dl class='gallery-item'>\n\t\t\t<dt class='gallery-icon portrait'>\n\t\t\t\t<a href='http:\/\/caritas.diecezja.wloclawek.pl\/?attachment_id=3789'><img width=\"150\" height=\"150\" src=\"http:\/\/caritas.diecezja.wloclawek.pl\/wp-content\/uploads\/2021\/12\/1-4-150x150.jpg\" class=\"attachment-thumbnail size-thumbnail\" alt=\"\" loading=\"lazy\" srcset=\"http:\/\/caritas.diecezja.wloclawek.pl\/wp-content\/uploads\/2021\/12\/1-4-150x150.jpg 150w, http:\/\/caritas.diecezja.wloclawek.pl\/wp-content\/uploads\/2021\/12\/1-4-80x80.jpg 80w, http:\/\/caritas.diecezja.wloclawek.pl\/wp-content\/uploads\/2021\/12\/1-4-320x320.jpg 320w\" sizes=\"(max-width: 150px) 100vw, 150px\" \/><\/a>\n\t\t\t<\/dt><\/dl><dl class='gallery-item'>\n\t\t\t<dt class='gallery-icon landscape'>\n\t\t\t\t<a href='http:\/\/caritas.diecezja.wloclawek.pl\/?attachment_id=3790'><img width=\"150\" height=\"150\" src=\"http:\/\/caritas.diecezja.wloclawek.pl\/wp-content\/uploads\/2021\/12\/2-3-150x150.jpg\" class=\"attachment-thumbnail size-thumbnail\" alt=\"\" loading=\"lazy\" srcset=\"http:\/\/caritas.diecezja.wloclawek.pl\/wp-content\/uploads\/2021\/12\/2-3-150x150.jpg 150w, http:\/\/caritas.diecezja.wloclawek.pl\/wp-content\/uploads\/2021\/12\/2-3-80x80.jpg 80w, http:\/\/caritas.diecezja.wloclawek.pl\/wp-content\/uploads\/2021\/12\/2-3-320x320.jpg 320w\" sizes=\"(max-width: 150px) 100vw, 150px\" \/><\/a>\n\t\t\t<\/dt><\/dl><dl class='gallery-item'>\n\t\t\t<dt class='gallery-icon landscape'>\n\t\t\t\t<a href='http:\/\/caritas.diecezja.wloclawek.pl\/?attachment_id=3791'><img width=\"150\" height=\"150\" src=\"http:\/\/caritas.diecezja.wloclawek.pl\/wp-content\/uploads\/2021\/12\/3-3-150x150.jpg\" class=\"attachment-thumbnail size-thumbnail\" alt=\"\" loading=\"lazy\" srcset=\"http:\/\/caritas.diecezja.wloclawek.pl\/wp-content\/uploads\/2021\/12\/3-3-150x150.jpg 150w, http:\/\/caritas.diecezja.wloclawek.pl\/wp-content\/uploads\/2021\/12\/3-3-80x80.jpg 80w, http:\/\/caritas.diecezja.wloclawek.pl\/wp-content\/uploads\/2021\/12\/3-3-320x320.jpg 320w\" sizes=\"(max-width: 150px) 100vw, 150px\" \/><\/a>\n\t\t\t<\/dt><\/dl><br style=\"clear: both\" \/><dl class='gallery-item'>\n\t\t\t<dt class='gallery-icon portrait'>\n\t\t\t\t<a href='http:\/\/caritas.diecezja.wloclawek.pl\/?attachment_id=3792'><img width=\"150\" height=\"150\" src=\"http:\/\/caritas.diecezja.wloclawek.pl\/wp-content\/uploads\/2021\/12\/4-3-150x150.jpg\" class=\"attachment-thumbnail size-thumbnail\" alt=\"\" loading=\"lazy\" srcset=\"http:\/\/caritas.diecezja.wloclawek.pl\/wp-content\/uploads\/2021\/12\/4-3-150x150.jpg 150w, http:\/\/caritas.diecezja.wloclawek.pl\/wp-content\/uploads\/2021\/12\/4-3-80x80.jpg 80w, http:\/\/caritas.diecezja.wloclawek.pl\/wp-content\/uploads\/2021\/12\/4-3-320x320.jpg 320w\" sizes=\"(max-width: 150px) 100vw, 150px\" \/><\/a>\n\t\t\t<\/dt><\/dl><dl class='gallery-item'>\n\t\t\t<dt class='gallery-icon portrait'>\n\t\t\t\t<a href='http:\/\/caritas.diecezja.wloclawek.pl\/?attachment_id=3793'><img width=\"150\" height=\"150\" src=\"http:\/\/caritas.diecezja.wloclawek.pl\/wp-content\/uploads\/2021\/12\/5-1-150x150.jpg\" class=\"attachment-thumbnail size-thumbnail\" alt=\"\" loading=\"lazy\" srcset=\"http:\/\/caritas.diecezja.wloclawek.pl\/wp-content\/uploads\/2021\/12\/5-1-150x150.jpg 150w, http:\/\/caritas.diecezja.wloclawek.pl\/wp-content\/uploads\/2021\/12\/5-1-80x80.jpg 80w, http:\/\/caritas.diecezja.wloclawek.pl\/wp-content\/uploads\/2021\/12\/5-1-320x320.jpg 320w\" sizes=\"(max-width: 150px) 100vw, 150px\" \/><\/a>\n\t\t\t<\/dt><\/dl><dl class='gallery-item'>\n\t\t\t<dt class='gallery-icon landscape'>\n\t\t\t\t<a href='http:\/\/caritas.diecezja.wloclawek.pl\/?attachment_id=3794'><img width=\"150\" height=\"150\" src=\"http:\/\/caritas.diecezja.wloclawek.pl\/wp-content\/uploads\/2021\/12\/6-1-150x150.jpg\" class=\"attachment-thumbnail size-thumbnail\" alt=\"\" loading=\"lazy\" srcset=\"http:\/\/caritas.diecezja.wloclawek.pl\/wp-content\/uploads\/2021\/12\/6-1-150x150.jpg 150w, http:\/\/caritas.diecezja.wloclawek.pl\/wp-content\/uploads\/2021\/12\/6-1-80x80.jpg 80w, http:\/\/caritas.diecezja.wloclawek.pl\/wp-content\/uploads\/2021\/12\/6-1-320x320.jpg 320w\" sizes=\"(max-width: 150px) 100vw, 150px\" \/><\/a>\n\t\t\t<\/dt><\/dl><br style=\"clear: both\" \/><dl class='gallery-item'>\n\t\t\t<dt class='gallery-icon landscape'>\n\t\t\t\t<a href='http:\/\/caritas.diecezja.wloclawek.pl\/?attachment_id=3795'><img width=\"150\" height=\"150\" src=\"http:\/\/caritas.diecezja.wloclawek.pl\/wp-content\/uploads\/2021\/12\/7-1-150x150.jpg\" class=\"attachment-thumbnail size-thumbnail\" alt=\"\" loading=\"lazy\" srcset=\"http:\/\/caritas.diecezja.wloclawek.pl\/wp-content\/uploads\/2021\/12\/7-1-150x150.jpg 150w, http:\/\/caritas.diecezja.wloclawek.pl\/wp-content\/uploads\/2021\/12\/7-1-80x80.jpg 80w, http:\/\/caritas.diecezja.wloclawek.pl\/wp-content\/uploads\/2021\/12\/7-1-320x320.jpg 320w\" sizes=\"(max-width: 150px) 100vw, 150px\" \/><\/a>\n\t\t\t<\/dt><\/dl><dl class='gallery-item'>\n\t\t\t<dt class='gallery-icon landscape'>\n\t\t\t\t<a href='http:\/\/caritas.diecezja.wloclawek.pl\/?attachment_id=3796'><img width=\"150\" height=\"150\" src=\"http:\/\/caritas.diecezja.wloclawek.pl\/wp-content\/uploads\/2021\/12\/8-1-150x150.jpg\" class=\"attachment-thumbnail size-thumbnail\" alt=\"\" loading=\"lazy\" srcset=\"http:\/\/caritas.diecezja.wloclawek.pl\/wp-content\/uploads\/2021\/12\/8-1-150x150.jpg 150w, http:\/\/caritas.diecezja.wloclawek.pl\/wp-content\/uploads\/2021\/12\/8-1-80x80.jpg 80w, http:\/\/caritas.diecezja.wloclawek.pl\/wp-content\/uploads\/2021\/12\/8-1-320x320.jpg 320w\" sizes=\"(max-width: 150px) 100vw, 150px\" \/><\/a>\n\t\t\t<\/dt><\/dl>\n\t\t\t<br style='clear: both' \/>\n\t\t<\/div>\n\n","protected":false},"excerpt":{"rendered":"<p>&#46;&#46;&#46;<\/p>\n","protected":false},"author":2,"featured_media":3797,"comment_status":"closed","ping_status":"closed","sticky":false,"template":"","format":"standard","meta":[],"categories":[2],"tags":[],"_links":{"self":[{"href":"http:\/\/caritas.diecezja.wloclawek.pl\/index.php?rest_route=\/wp\/v2\/posts\/3788"}],"collection":[{"href":"http:\/\/caritas.diecezja.wloclawek.pl\/index.php?rest_route=\/wp\/v2\/posts"}],"about":[{"href":"http:\/\/caritas.diecezja.wloclawek.pl\/index.php?rest_route=\/wp\/v2\/types\/post"}],"author":[{"embeddable":true,"href":"http:\/\/caritas.diecezja.wloclawek.pl\/index.php?rest_route=\/wp\/v2\/users\/2"}],"replies":[{"embeddable":true,"href":"http:\/\/caritas.diecezja.wloclawek.pl\/index.php?rest_route=%2Fwp%2Fv2%2Fcomments&post=3788"}],"version-history":[{"count":1,"href":"http:\/\/caritas.diecezja.wloclawek.pl\/index.php?rest_route=\/wp\/v2\/posts\/3788\/revisions"}],"predecessor-version":[{"id":3798,"href":"http:\/\/caritas.diecezja.wloclawek.pl\/index.php?rest_route=\/wp\/v2\/posts\/3788\/revisions\/3798"}],"wp:featuredmedia":[{"embeddable":true,"href":"http:\/\/caritas.diecezja.wloclawek.pl\/index.php?rest_route=\/wp\/v2\/media\/3797"}],"wp:attachment":[{"href":"http:\/\/caritas.diecezja.wloclawek.pl\/index.php?rest_route=%2Fwp%2Fv2%2Fmedia&parent=3788"}],"wp:term":[{"taxonomy":"category","embeddable":true,"href":"http:\/\/caritas.diecezja.wloclawek.pl\/index.php?rest_route=%2Fwp%2Fv2%2Fcategories&post=3788"},{"taxonomy":"post_tag","embeddable":true,"href":"http:\/\/caritas.diecezja.wloclawek.pl\/index.php?rest_route=%2Fwp%2Fv2%2Ftags&post=3788"}],"curies":[{"name":"wp","href":"https:\/\/api.w.org\/{rel}","templated":true}]}}