{"id":377,"date":"2014-12-31T08:31:47","date_gmt":"2014-12-31T07:31:47","guid":{"rendered":"http:\/\/caritas.diecezja.wloclawek.pl\/?p=377"},"modified":"2017-10-25T08:33:32","modified_gmt":"2017-10-25T07:33:32","slug":"slowo-ksiedza-mariana-subocza-dyrektora-caritas-polska-na-rok-caritas-2015","status":"publish","type":"post","link":"http:\/\/caritas.diecezja.wloclawek.pl\/?p=377","title":{"rendered":"S\u0142owo Ksi\u0119dza Mariana Subocza, Dyrektora Caritas Polska na Rok Caritas 2015"},"content":{"rendered":"<p>W nadchodz\u0105cym 2015 roku Caritas Polska oraz wiele Caritas diecezjalnych obchodz\u0105 jubileusz 25-lecia pos\u0142ugi charytatywnej. Chcemy, \u017ceby by\u0142 rokiem szczeg\u00f3lnym dla wszystkich Caritas w Polsce. B\u0119dzie to rok wsp\u00f3lnego podzi\u0119kowania darczy\u0144com, wolontariuszom i pracownikom Caritas. B\u0119dzie r\u00f3wnie\u017c okazj\u0105 do \u015bwi\u0119towania z osobami, kt\u00f3re otrzyma\u0142y od nas pomoc oraz do postawienia sobie pytania o nowe zadania, kt\u00f3rych przecie\u017c nigdy nie zabraknie. Zawsze bowiem cz\u0142owiek b\u0119dzie potrzebowa\u0142 drugiego cz\u0142owieka.<\/p>\n<p>Pomimo trudnych pocz\u0105tk\u00f3w po 1990 roku, dzi\u0119ki wielkiemu wysi\u0142kowi os\u00f3b zaanga\u017cowanych w pomoc drugiemu cz\u0142owiekowi oraz zaufaniu Polak\u00f3w, mo\u017cemy dzi\u015b dzi\u0119kowa\u0107 za 25 lat ze \u015bwiadomo\u015bci\u0105 godnej odpowiedzi na bol\u0105czki polskiego spo\u0142ecze\u0144stwa. Caritas dzia\u0142aj\u0105ca w Polsce w 44 diecezjach to obecnie ponad 100 tysi\u0119cy wolontariuszy, 900 plac\u00f3wek z wykwalifikowan\u0105 kadr\u0105 \u015bwiadcz\u0105c\u0105 codzienn\u0105 pomoc na wszelkich polach ludzkiej biedy i problem\u00f3w. Najbardziej znanym symbolem Caritas w Polsce jest \u015bwieca Wigilijnego Dzie\u0142a Pomocy Dzieciom. Tych \u015bwiec rozprowadzono w Polsce ju\u017c ponad 20 mln. Dzi\u0119ki temu blisko milion dzieci otrzyma\u0142o pomoc. Rokrocznie wydajemy osobom ubogim ok. 1 mln 800 tys. posi\u0142k\u00f3w. Prowadzimy noclegownie, jad\u0142odajnie, domy samotnej matki, okna \u017cycia, \u015bwietlice socjoterapeutyczne, hospicja, punkty wydawania odzie\u017cy, punkty dystrybucji \u017cywno\u015bci, warsztaty terapii zaj\u0119ciowej, o\u015brodki interwencji kryzysowej. Staramy si\u0119 by\u0107 wsz\u0119dzie tam, gdzie kto\u015b potrzebuje pomocy.<\/p>\n<p>Caritas w Polsce wsp\u00f3\u0142pracuj\u0105ca z Caritas Europa i Caritas Internationalis anga\u017cuje si\u0119 r\u00f3wnie\u017c w pomoc zagraniczn\u0105; tylko w ostatnim roku pomagali\u015bmy na Ukrainie, w Gazie, Iraku, Syrii, Libanie, Jordanii, na Ba\u0142kanach, na Filipinach i w kilkudziesi\u0119ciu innych miejscach. Caritas w Polsce to niezliczona ilo\u015b\u0107 dzie\u0142 pomocy realizowanych nieustannie przez \u0107wier\u0107 wieku.<\/p>\n<p>Caritas Polska przygotowuje specjalny program obchod\u00f3w 25-lecia swojej dzia\u0142alno\u015bci. Priorytetem jest rodzina, gdy\u017c id\u0105c za wezwaniem Ojc\u00f3w Synodalnych, chcemy towarzyszy\u0107 rodzinie, szuka\u0107 systemowych rozwi\u0105za\u0144 oraz efektywnego wsparcia tej pierwszej szko\u0142y mi\u0142o\u015bci. Rok 2015 b\u0119dzie czasem dyskusji nad Relacj\u0105 i Or\u0119dziem III Nadzwyczajnego Zgromadzenia Og\u00f3lnego Synodu Biskup\u00f3w, kt\u00f3ry obradowa\u0142 w pa\u017adzierniku br. pod has\u0142em: Wyzwania duszpasterskie zwi\u0105zane z rodzin\u0105 w kontek\u015bcie ewangelizacji.<\/p>\n<p>Caritas w Polsce otacza trosk\u0105 i wsparciem rodziny i jej cz\u0142onk\u00f3w od pocz\u0119cia do naturalnej \u015bmierci. Poza tym, podczas ka\u017cdego z 12 miesi\u0119cy roku 2015 b\u0119dziemy prezentowali jedn\u0105 z aktywno\u015bci Caritas. W wybranych miastach b\u0119d\u0105 odbywa\u0142y si\u0119 wystawy, pikniki, koncerty, konferencje i inne wydarzenia. 9 pa\u017adziernika 2015 roku zorganizujemy mi\u0119dzynarodow\u0105 konferencj\u0119 Rodzina trosk\u0105 Caritas, a dzie\u0144 p\u00f3\u017aniej 10 pa\u017adziernika podczas uroczystej gali dwudziestopi\u0119ciolecia zostan\u0105 wr\u0119czone odznaczenia dla os\u00f3b najbardziej zas\u0142u\u017conych w pracy charytatywnej. Poprosili\u015bmy Papie\u017ca Franciszka o zapalenie \u015bwiecy Wigilijnego Dzie\u0142a Pomocy Dzieciom na Placu \u015awi\u0119tego Piotra. Rodzina Caritas w Polsce otrzyma\u0142a r\u00f3wnie\u017c od Papie\u017ca specjalne b\u0142ogos\u0142awie\u0144stwo na rok 2015, z kt\u00f3rym rozpoczniemy nasze \u015bwi\u0119towanie.<\/p>\n<p>Ks. dr Marian Subocz, dyrektor Caritas Polska<\/p>\n<p>&nbsp;<\/p>\n","protected":false},"excerpt":{"rendered":"<p>&#46;&#46;&#46;<\/p>\n","protected":false},"author":1,"featured_media":0,"comment_status":"open","ping_status":"open","sticky":false,"template":"","format":"standard","meta":[],"categories":[2],"tags":[],"_links":{"self":[{"href":"http:\/\/caritas.diecezja.wloclawek.pl\/index.php?rest_route=\/wp\/v2\/posts\/377"}],"collection":[{"href":"http:\/\/caritas.diecezja.wloclawek.pl\/index.php?rest_route=\/wp\/v2\/posts"}],"about":[{"href":"http:\/\/caritas.diecezja.wloclawek.pl\/index.php?rest_route=\/wp\/v2\/types\/post"}],"author":[{"embeddable":true,"href":"http:\/\/caritas.diecezja.wloclawek.pl\/index.php?rest_route=\/wp\/v2\/users\/1"}],"replies":[{"embeddable":true,"href":"http:\/\/caritas.diecezja.wloclawek.pl\/index.php?rest_route=%2Fwp%2Fv2%2Fcomments&post=377"}],"version-history":[{"count":1,"href":"http:\/\/caritas.diecezja.wloclawek.pl\/index.php?rest_route=\/wp\/v2\/posts\/377\/revisions"}],"predecessor-version":[{"id":378,"href":"http:\/\/caritas.diecezja.wloclawek.pl\/index.php?rest_route=\/wp\/v2\/posts\/377\/revisions\/378"}],"wp:attachment":[{"href":"http:\/\/caritas.diecezja.wloclawek.pl\/index.php?rest_route=%2Fwp%2Fv2%2Fmedia&parent=377"}],"wp:term":[{"taxonomy":"category","embeddable":true,"href":"http:\/\/caritas.diecezja.wloclawek.pl\/index.php?rest_route=%2Fwp%2Fv2%2Fcategories&post=377"},{"taxonomy":"post_tag","embeddable":true,"href":"http:\/\/caritas.diecezja.wloclawek.pl\/index.php?rest_route=%2Fwp%2Fv2%2Ftags&post=377"}],"curies":[{"name":"wp","href":"https:\/\/api.w.org\/{rel}","templated":true}]}}