{"id":375,"date":"2015-01-19T08:28:39","date_gmt":"2015-01-19T07:28:39","guid":{"rendered":"http:\/\/caritas.diecezja.wloclawek.pl\/?p=375"},"modified":"2017-10-25T08:31:21","modified_gmt":"2017-10-25T07:31:21","slug":"zywnosc-zalega-magazyny-caritas-w-polsce","status":"publish","type":"post","link":"http:\/\/caritas.diecezja.wloclawek.pl\/?p=375","title":{"rendered":"\u017bywno\u015b\u0107 zalega magazyny Caritas w Polsce"},"content":{"rendered":"<p>Z powodu rygorystycznych zasad dotycz\u0105cych udzielania pomocy najbiedniejszym, \u017cywno\u015b\u0107 przekazywana w ramach Europejskiego Funduszu Pomocy Najbardziej Potrzebuj\u0105cym (FEAD) zamiast zosta\u0107 rozdysponowana, zalega w magazynach Caritas w Polsce.<\/p>\n<p>W ramach \u017cywno\u015bciowej pomocy unijnej, zarz\u0105dzanej przez Ministerstwo Pracy i Polityki Spo\u0142ecznej, Caritas w Polsce otrzyma\u0142y \u017cywno\u015b\u0107, kt\u00f3ra ma trafi\u0107 do potrzebuj\u0105cych. Jedyn\u0105 podstaw\u0105 udzielania tej pomocy jest kryterium dochodowe beneficjent\u00f3w. Wiele os\u00f3b znajduj\u0105cych si\u0119 w trudnej sytuacji materialnej z powodu choroby, niepe\u0142nosprawno\u015bci lub skomplikowanej sytuacji rodzinnej nie otrzyma pomocy. Instytucj\u0105 kwalifikuj\u0105c\u0105 do otrzymania \u017cywno\u015bci przez osoby ubogie s\u0105 O\u015brodki Pomocy Spo\u0142ecznej. A organizacje pozarz\u0105dowe, w tym Caritas, kwalifikuj\u0105 jedynie bezdomnych. Caritas posiadaj\u0105ca du\u017ce do\u015bwiadczenie w udzielaniu pomocy, zaanga\u017cowanych wolontariuszy, znajomo\u015b\u0107 lokalnych \u015brodowisk oraz skali ub\u00f3stwa, nie mo\u017ce samodzielnie kwalifikowa\u0107 do pomocy \u017cywno\u015bciowej. Za pomoc przekazan\u0105 bez kwalifikacji OPS na Caritas na\u0142o\u017cone zostan\u0105 kary. Za nierozdysponowanie \u017cywno\u015bci, kt\u00f3ra zalega w magazynach r\u00f3wnie\u017c przewidziane s\u0105 kary. Mi\u0119dzy Caritas w Polsce a Ministerstwem Pracy i Polityki Spo\u0142ecznej trwaj\u0105 rozmowy dotycz\u0105ce zmiany zasad przekazywania \u017cywno\u015bci.<\/p>\n<p><em>\u0179r\u00f3d\u0142o: Caritas Polska<\/em><\/p>\n<p>&nbsp;<\/p>\n","protected":false},"excerpt":{"rendered":"<p>&#46;&#46;&#46;<\/p>\n","protected":false},"author":1,"featured_media":0,"comment_status":"open","ping_status":"open","sticky":false,"template":"","format":"standard","meta":[],"categories":[2],"tags":[],"_links":{"self":[{"href":"http:\/\/caritas.diecezja.wloclawek.pl\/index.php?rest_route=\/wp\/v2\/posts\/375"}],"collection":[{"href":"http:\/\/caritas.diecezja.wloclawek.pl\/index.php?rest_route=\/wp\/v2\/posts"}],"about":[{"href":"http:\/\/caritas.diecezja.wloclawek.pl\/index.php?rest_route=\/wp\/v2\/types\/post"}],"author":[{"embeddable":true,"href":"http:\/\/caritas.diecezja.wloclawek.pl\/index.php?rest_route=\/wp\/v2\/users\/1"}],"replies":[{"embeddable":true,"href":"http:\/\/caritas.diecezja.wloclawek.pl\/index.php?rest_route=%2Fwp%2Fv2%2Fcomments&post=375"}],"version-history":[{"count":1,"href":"http:\/\/caritas.diecezja.wloclawek.pl\/index.php?rest_route=\/wp\/v2\/posts\/375\/revisions"}],"predecessor-version":[{"id":376,"href":"http:\/\/caritas.diecezja.wloclawek.pl\/index.php?rest_route=\/wp\/v2\/posts\/375\/revisions\/376"}],"wp:attachment":[{"href":"http:\/\/caritas.diecezja.wloclawek.pl\/index.php?rest_route=%2Fwp%2Fv2%2Fmedia&parent=375"}],"wp:term":[{"taxonomy":"category","embeddable":true,"href":"http:\/\/caritas.diecezja.wloclawek.pl\/index.php?rest_route=%2Fwp%2Fv2%2Fcategories&post=375"},{"taxonomy":"post_tag","embeddable":true,"href":"http:\/\/caritas.diecezja.wloclawek.pl\/index.php?rest_route=%2Fwp%2Fv2%2Ftags&post=375"}],"curies":[{"name":"wp","href":"https:\/\/api.w.org\/{rel}","templated":true}]}}