{"id":372,"date":"2015-02-09T08:25:00","date_gmt":"2015-02-09T07:25:00","guid":{"rendered":"http:\/\/caritas.diecezja.wloclawek.pl\/?p=372"},"modified":"2017-10-25T08:28:23","modified_gmt":"2017-10-25T07:28:23","slug":"trwa-najtrudniejszy-dla-osob-bezdomnych-czas-w-roku","status":"publish","type":"post","link":"http:\/\/caritas.diecezja.wloclawek.pl\/?p=372","title":{"rendered":"Trwa najtrudniejszy dla os\u00f3b bezdomnych czas w roku"},"content":{"rendered":"<p>Caritas Polska wraz z zespo\u0142ami Caritas zajmuj\u0105cymi si\u0119 pomoc\u0105 osobom bezdomnym prosz\u0105 o \u201ewyobra\u017ani\u0119 mi\u0142osierdzia\u201d.<br \/>\n\u201eObserwujemy, \u017ce zg\u0142aszaj\u0105cy si\u0119 bezdomni s\u0105 w coraz gorszym stanie zdrowia i wymagaj\u0105 coraz wi\u0119kszej opieki. Miejsc w schroniskach brakuje ju\u017c nie tylko w zimie\u201d \u2013 ocenia sytuacj\u0119 Joanna Kaup-Markiewicz, kierowniczka schroniska Caritas Archidiecezji Warszawskiej \u201ePrzysta\u0144\u201d<\/p>\n<p>Caritas apeluje do spo\u0142ecze\u0144stwa, o zwr\u00f3cenie uwagi na osoby bezdomne przebywaj\u0105ce w miejscach publicznych, a w szczeg\u00f3lno\u015bci w miejscach odosobnionych, takich jak pustostany, piwnice, w\u0119z\u0142y cieplne, dzia\u0142ki, sza\u0142asy i namioty. Zwracajmy r\u00f3wnie\u017c uwag\u0119 na sytuacj\u0119 os\u00f3b starszych, mieszkaj\u0105cych samotnie, kt\u00f3re opr\u00f3cz bezdomnych s\u0105 najcz\u0119stszymi ofiarami zimy. Od pa\u017adziernika do ko\u0144ca stycznia b.r. zmar\u0142y ju\u017c w Polsce z wyzi\u0119bienia 64 osoby, z czego 5 w wojew\u00f3dztwie mazowieckim. W wielu przypadkach mo\u017cna by\u0142o temu zapobiec. Od jednego telefonu do Stra\u017cy Miejskiej lub Policji mo\u017ce zale\u017ce\u0107 ludzkie \u017cycie.<\/p>\n<p>\u201eW okresie zimowym wsp\u00f3lnie z jad\u0142odajniami w dzielnicach wsp\u00f3\u0142pracujemy rozwo\u017c\u0105c gor\u0105ce posi\u0142ki po pustostanach, po barakach, tam, gdzie oni przebywaj\u0105. S\u0105 to ludzie, bli\u017ani\u2026 czy s\u0105 trze\u017awi, czy nie \u2013 Stra\u017c Miejska zawsze udzieli takiej pomocy\u201d m\u00f3wi Beata W\u0105sowska z patrolu warszawskiej Stra\u017cy Miejskiej.<\/p>\n<p>Telefon interwencyjny do Stra\u017cy Miejskiej w ca\u0142ej Polsce: 986, do Policji: 997<\/p>\n<p>Caritas wydaje rocznie 1 800 000 posi\u0142k\u00f3w dla os\u00f3b ubogich. W ca\u0142ej Polsce Funkcjonuje sie\u0107 noclegowni, jad\u0142odajni, punkt\u00f3w wydawania odzie\u017cy i schronisk Caritas przeznaczonych dla os\u00f3b bezdomnych i ubogich.<\/p>\n<p>&nbsp;<\/p>\n<p><em>Tekst i foto: Caritas Polska<\/em><\/p>\n<p>&nbsp;<\/p>\n<p><a href=\"http:\/\/caritas.diecezja.wloclawek.pl\/wp-content\/uploads\/2017\/10\/Pomoc-bezdomnym-Caritas-Polska.jpg\"><img loading=\"lazy\" class=\"aligncenter  wp-image-373\" src=\"http:\/\/caritas.diecezja.wloclawek.pl\/wp-content\/uploads\/2017\/10\/Pomoc-bezdomnym-Caritas-Polska-300x199.jpg\" alt=\"\" width=\"392\" height=\"260\" srcset=\"http:\/\/caritas.diecezja.wloclawek.pl\/wp-content\/uploads\/2017\/10\/Pomoc-bezdomnym-Caritas-Polska-300x199.jpg 300w, http:\/\/caritas.diecezja.wloclawek.pl\/wp-content\/uploads\/2017\/10\/Pomoc-bezdomnym-Caritas-Polska-768x511.jpg 768w, http:\/\/caritas.diecezja.wloclawek.pl\/wp-content\/uploads\/2017\/10\/Pomoc-bezdomnym-Caritas-Polska-1024x681.jpg 1024w, http:\/\/caritas.diecezja.wloclawek.pl\/wp-content\/uploads\/2017\/10\/Pomoc-bezdomnym-Caritas-Polska.jpg 1805w\" sizes=\"(max-width: 392px) 100vw, 392px\" \/><\/a><\/p>\n","protected":false},"excerpt":{"rendered":"<p>&#46;&#46;&#46;<\/p>\n","protected":false},"author":1,"featured_media":373,"comment_status":"open","ping_status":"open","sticky":false,"template":"","format":"standard","meta":[],"categories":[2],"tags":[],"_links":{"self":[{"href":"http:\/\/caritas.diecezja.wloclawek.pl\/index.php?rest_route=\/wp\/v2\/posts\/372"}],"collection":[{"href":"http:\/\/caritas.diecezja.wloclawek.pl\/index.php?rest_route=\/wp\/v2\/posts"}],"about":[{"href":"http:\/\/caritas.diecezja.wloclawek.pl\/index.php?rest_route=\/wp\/v2\/types\/post"}],"author":[{"embeddable":true,"href":"http:\/\/caritas.diecezja.wloclawek.pl\/index.php?rest_route=\/wp\/v2\/users\/1"}],"replies":[{"embeddable":true,"href":"http:\/\/caritas.diecezja.wloclawek.pl\/index.php?rest_route=%2Fwp%2Fv2%2Fcomments&post=372"}],"version-history":[{"count":1,"href":"http:\/\/caritas.diecezja.wloclawek.pl\/index.php?rest_route=\/wp\/v2\/posts\/372\/revisions"}],"predecessor-version":[{"id":374,"href":"http:\/\/caritas.diecezja.wloclawek.pl\/index.php?rest_route=\/wp\/v2\/posts\/372\/revisions\/374"}],"wp:featuredmedia":[{"embeddable":true,"href":"http:\/\/caritas.diecezja.wloclawek.pl\/index.php?rest_route=\/wp\/v2\/media\/373"}],"wp:attachment":[{"href":"http:\/\/caritas.diecezja.wloclawek.pl\/index.php?rest_route=%2Fwp%2Fv2%2Fmedia&parent=372"}],"wp:term":[{"taxonomy":"category","embeddable":true,"href":"http:\/\/caritas.diecezja.wloclawek.pl\/index.php?rest_route=%2Fwp%2Fv2%2Fcategories&post=372"},{"taxonomy":"post_tag","embeddable":true,"href":"http:\/\/caritas.diecezja.wloclawek.pl\/index.php?rest_route=%2Fwp%2Fv2%2Ftags&post=372"}],"curies":[{"name":"wp","href":"https:\/\/api.w.org\/{rel}","templated":true}]}}