{"id":368,"date":"2015-02-11T22:50:45","date_gmt":"2015-02-11T21:50:45","guid":{"rendered":"http:\/\/caritas.diecezja.wloclawek.pl\/?p=368"},"modified":"2017-10-23T22:53:25","modified_gmt":"2017-10-23T21:53:25","slug":"caritas-w-polsce-w-swiatowym-dniu-chorego","status":"publish","type":"post","link":"http:\/\/caritas.diecezja.wloclawek.pl\/?p=368","title":{"rendered":"Caritas w Polsce w \u015awiatowym Dniu Chorego"},"content":{"rendered":"<p>Obchodzony dzi\u015b \u015awiatowy Dzie\u0144 Chorego jest okazj\u0105 do podzi\u0119kowania wolontariuszom i pracownikom zaanga\u017cowanym w pos\u0142ug\u0119 wobec chorych w licznych plac\u00f3wkach Caritas w Polsce. Jest to r\u00f3wnie\u017c sposobno\u015b\u0107 do pytania o to, jak mo\u017cna poprawi\u0107 dzia\u0142ania na rzecz chorych.<\/p>\n<p>S\u0105 r\u00f3\u017cne postawy wobec choroby i cierpienia. Istot\u0105 s\u0142u\u017cby Caritas jest trwanie przy bli\u017anim. To jest absolutny priorytet i fundament norm moralnych. Dlatego Caritas nigdy nie zrezygnuje z opieki nad chorymi, niepe\u0142nosprawnymi, \u017ale si\u0119 maj\u0105cymi. Nie zamkniemy stacji i dom\u00f3w opieki, hospicj\u00f3w, nie pozbawimy domowej piel\u0119gnacji chorych i starych. W tej pos\u0142udze pracownicy i wolontariusze Caritas powinni by\u0107 pierwsi \u2013 powiedzia\u0142 ksi\u0105dz Marian Subocz, dyrektor Caritas Polska<\/p>\n<p>Caritas w Polsce od 25 lat rozwija pos\u0142ug\u0119 mi\u0142osierdzia i wyspecjalizowanej pomocy wobec os\u00f3b chorych i starszych. Pierwszym dzia\u0142aniem podj\u0119tym przez Caritas by\u0142y Stacje Opieki, \u015bwiadcz\u0105ce pomoc osobom ob\u0142o\u017cnie chorym w ich domach. Stacji Opieki Caritas jest w Polsce ponad 250. R\u00f3wnie sprawna jest opieka hospicyjna Caritas, zar\u00f3wno stacjonarna jak i domowa. W Polsce funkcjonuje ponad 50 hospicj\u00f3w Caritas, kt\u00f3re poza wyspecjalizowan\u0105 kadr\u0105 wspomagane s\u0105 przez licznych wolontariuszy. Caritas w Polsce prowadz\u0105 r\u00f3wnie\u017c nieustannie akcj\u0119 zbi\u00f3rki krwi realizowan\u0105 pod has\u0142em \u201ePodaruj kropl\u0119 mi\u0142o\u015bci\u201d.<\/p>\n<p>Wa\u017cny w opiece nad chorymi jest r\u00f3wnie\u017c dost\u0119p do sprz\u0119tu medycznego. W 114 wypo\u017cyczalniach specjalistycznego sprz\u0119tu medycznego za symboliczn\u0105 kwot\u0119 mo\u017cna wynaj\u0105\u0107 i d\u0142ugoterminowo korzysta\u0107 z nierefundowanych urz\u0105dze\u0144 \u2013 czyli z \u0142\u00f3\u017cek sterowanych elektrycznie z materacem przeciwodle\u017cynowym, koncentrator\u00f3w tlenu, ssak\u00f3w medycznych i innych. Caritas prowadz\u0105 poradnie leczenia b\u00f3lu, centra rehabilitacyjne, domy opieki i wiele innych instytucji w kt\u00f3rych pracuje wyspecjalizowana kadra oraz tysi\u0105ce wolontariuszy wnosz\u0105cych w pos\u0142ug\u0119 wobec chorych bezinteresown\u0105 wra\u017cliwo\u015b\u0107, energi\u0119 i mi\u0142o\u015b\u0107.<\/p>\n<p>\u015awiatowy Dzie\u0144 Chorego zosta\u0142 ustanowiony przez Papie\u017ca Jana Paw\u0142a II 13 maja 1992 roku w dniu 75. rocznicy objawie\u0144 fatimskich i 11. rocznicy zamachu na \u017cycie Papie\u017ca. 11 lutego ka\u017cdego roku Ko\u015bci\u00f3\u0142 Katolicki szczeg\u00f3lnie wyra\u017ca trosk\u0119 o osoby chore, potrzebuj\u0105ce opieki i wsparcia. Wyj\u0105tkow\u0105 pos\u0142ug\u0119 wobec tych os\u00f3b \u015bwiadczy Caritas, organizacja charytatywna Ko\u015bcio\u0142a Katolickiego.<\/p>\n<p><em>\u0179r\u00f3d\u0142o i foto: Caritas Polska<\/em><\/p>\n<p>&nbsp;<\/p>\n<p><a href=\"http:\/\/caritas.diecezja.wloclawek.pl\/wp-content\/uploads\/2017\/10\/Caritas_Dzien-Chorego_2015.jpg\"><img loading=\"lazy\" class=\"aligncenter  wp-image-369\" src=\"http:\/\/caritas.diecezja.wloclawek.pl\/wp-content\/uploads\/2017\/10\/Caritas_Dzien-Chorego_2015-174x300.jpg\" alt=\"\" width=\"246\" height=\"424\" srcset=\"http:\/\/caritas.diecezja.wloclawek.pl\/wp-content\/uploads\/2017\/10\/Caritas_Dzien-Chorego_2015-174x300.jpg 174w, http:\/\/caritas.diecezja.wloclawek.pl\/wp-content\/uploads\/2017\/10\/Caritas_Dzien-Chorego_2015.jpg 379w\" sizes=\"(max-width: 246px) 100vw, 246px\" \/><\/a><\/p>\n","protected":false},"excerpt":{"rendered":"<p>&#46;&#46;&#46;<\/p>\n","protected":false},"author":1,"featured_media":369,"comment_status":"open","ping_status":"open","sticky":false,"template":"","format":"standard","meta":[],"categories":[2],"tags":[],"_links":{"self":[{"href":"http:\/\/caritas.diecezja.wloclawek.pl\/index.php?rest_route=\/wp\/v2\/posts\/368"}],"collection":[{"href":"http:\/\/caritas.diecezja.wloclawek.pl\/index.php?rest_route=\/wp\/v2\/posts"}],"about":[{"href":"http:\/\/caritas.diecezja.wloclawek.pl\/index.php?rest_route=\/wp\/v2\/types\/post"}],"author":[{"embeddable":true,"href":"http:\/\/caritas.diecezja.wloclawek.pl\/index.php?rest_route=\/wp\/v2\/users\/1"}],"replies":[{"embeddable":true,"href":"http:\/\/caritas.diecezja.wloclawek.pl\/index.php?rest_route=%2Fwp%2Fv2%2Fcomments&post=368"}],"version-history":[{"count":1,"href":"http:\/\/caritas.diecezja.wloclawek.pl\/index.php?rest_route=\/wp\/v2\/posts\/368\/revisions"}],"predecessor-version":[{"id":370,"href":"http:\/\/caritas.diecezja.wloclawek.pl\/index.php?rest_route=\/wp\/v2\/posts\/368\/revisions\/370"}],"wp:featuredmedia":[{"embeddable":true,"href":"http:\/\/caritas.diecezja.wloclawek.pl\/index.php?rest_route=\/wp\/v2\/media\/369"}],"wp:attachment":[{"href":"http:\/\/caritas.diecezja.wloclawek.pl\/index.php?rest_route=%2Fwp%2Fv2%2Fmedia&parent=368"}],"wp:term":[{"taxonomy":"category","embeddable":true,"href":"http:\/\/caritas.diecezja.wloclawek.pl\/index.php?rest_route=%2Fwp%2Fv2%2Fcategories&post=368"},{"taxonomy":"post_tag","embeddable":true,"href":"http:\/\/caritas.diecezja.wloclawek.pl\/index.php?rest_route=%2Fwp%2Fv2%2Ftags&post=368"}],"curies":[{"name":"wp","href":"https:\/\/api.w.org\/{rel}","templated":true}]}}