{"id":365,"date":"2015-02-19T22:47:10","date_gmt":"2015-02-19T21:47:10","guid":{"rendered":"http:\/\/caritas.diecezja.wloclawek.pl\/?p=365"},"modified":"2017-10-23T22:54:17","modified_gmt":"2017-10-23T21:54:17","slug":"jalmuzna-wielkopostna-746-tysiecy-skarbonek-trafi-do-polskich-domow-z-racji-rozpoczetego-wielkiego-postu","status":"publish","type":"post","link":"http:\/\/caritas.diecezja.wloclawek.pl\/?p=365","title":{"rendered":"Ja\u0142mu\u017cna Wielkopostna: 746 tysi\u0119cy skarbonek trafi do polskich dom\u00f3w z racji rozpocz\u0119tego Wielkiego Postu"},"content":{"rendered":"<p>Ja\u0142mu\u017cna Wielkopostna to ekumeniczna akcja charytatywna organizowana przez Caritas Ko\u015bcio\u0142a Katolickiego, Eleos Ko\u015bcio\u0142a Prawos\u0142awnego oraz Diakoni\u0119 Ko\u015bcio\u0142a Ewangelickiego. Drobne datki zbierane przez m\u0142odzie\u017c i dzieci odmawiaj\u0105ce sobie s\u0142odyczy i innych prostych przyjemno\u015bci przeznaczone zostan\u0105 na pomoc osobom chorym i starszym.<\/p>\n<p>Celem akcji jest zwr\u00f3cenie uwagi na kondycj\u0119 i potrzeby os\u00f3b chorych i starszych oraz konkretna pomoc na ich rzecz. Zebrane \u015brodki rozdysponowane zostan\u0105 przez Caritas parafialne i diecezjalne.<\/p>\n<p>Skarbonk\u0119 Ja\u0142mu\u017cny Wielkopostnej mo\u017ce otrzyma\u0107 ka\u017cdy, akcja szczeg\u00f3lnie jednak promowana jest przez Szkolne Ko\u0142a Caritas, kt\u00f3rych jest w Polsce blisko 4900 i przez Parafialne Zespo\u0142y Caritas, kt\u00f3rych funkcjonuje 5000. M\u0142odzie\u017c w \u015brodowiskach szkolnych uwra\u017cliwiana jest na potrzeby i problemy os\u00f3b starszych i chorych, cz\u0142onkowie Parafialnych Zespo\u0142\u00f3w Caritas za\u015b, bezpo\u015brednio s\u0142u\u017c\u0105 osobom potrzebuj\u0105cym na terenie parafii. \u0141\u0105cznie pos\u0142uguje w Polsce blisko 100 000 wolontariuszy Caritas.<\/p>\n<p>&#8211; W \u015bwiecie, w kt\u00f3rym tak wiele jest egoizmu i nastawienia na szybki zysk, osoby starsze i chore cz\u0119sto s\u0105 pomijane i niezauwa\u017cane. Odmawiaj\u0105c sobie czego\u015b drobnego w czasie Wielkiego Postu pomy\u015blmy o tych, kt\u00f3rzy cz\u0119sto s\u0105 samotni i potrzebuj\u0105 pomocy \u2013 powiedzia\u0142 ksi\u0105dz Marian Subocz dyrektor Caritas Polska.<\/p>\n<p>Bardzo wa\u017cny jest ekumeniczny wymiar akcji. Od kilku lat uczestnicz\u0105 w niej organizacje charytatywne ko\u015bcio\u0142\u00f3w Ewangelickiego i Prawos\u0142awnego. Skarbonki oznaczone symbolami organizacji charytatywnych Eleos i Diakoni trafi\u0105 do parafii ewangelickich i prawos\u0142awnych w Polsce.<\/p>\n<p>Akcj\u0119 mo\u017cna r\u00f3wnie\u017c wspom\u00f3c wysy\u0142aj\u0105c charytatywny SMS z has\u0142em POMAGAM pod numer 72052 kosz 2,46 z VAT lub dokonuj\u0105c wp\u0142aty na konto Caritas Polska z dopiskiem Ja\u0142mu\u017cna Wielkopostna \u2013 www.caritas.pl\/chce-pomoc.<\/p>\n<p><em>Tekst i foto: Caritas Polska<\/em><\/p>\n<p>&nbsp;<\/p>\n<p><a href=\"http:\/\/caritas.diecezja.wloclawek.pl\/wp-content\/uploads\/2017\/10\/Skarbonka_plakat2015.jpg\"><img loading=\"lazy\" class=\"aligncenter wp-image-366\" src=\"http:\/\/caritas.diecezja.wloclawek.pl\/wp-content\/uploads\/2017\/10\/Skarbonka_plakat2015-212x300.jpg\" alt=\"\" width=\"289\" height=\"409\" srcset=\"http:\/\/caritas.diecezja.wloclawek.pl\/wp-content\/uploads\/2017\/10\/Skarbonka_plakat2015-212x300.jpg 212w, http:\/\/caritas.diecezja.wloclawek.pl\/wp-content\/uploads\/2017\/10\/Skarbonka_plakat2015-768x1086.jpg 768w, http:\/\/caritas.diecezja.wloclawek.pl\/wp-content\/uploads\/2017\/10\/Skarbonka_plakat2015-724x1024.jpg 724w, http:\/\/caritas.diecezja.wloclawek.pl\/wp-content\/uploads\/2017\/10\/Skarbonka_plakat2015.jpg 1488w\" sizes=\"(max-width: 289px) 100vw, 289px\" \/><\/a><\/p>\n","protected":false},"excerpt":{"rendered":"<p>&#46;&#46;&#46;<\/p>\n","protected":false},"author":1,"featured_media":366,"comment_status":"open","ping_status":"open","sticky":false,"template":"","format":"standard","meta":[],"categories":[2],"tags":[],"_links":{"self":[{"href":"http:\/\/caritas.diecezja.wloclawek.pl\/index.php?rest_route=\/wp\/v2\/posts\/365"}],"collection":[{"href":"http:\/\/caritas.diecezja.wloclawek.pl\/index.php?rest_route=\/wp\/v2\/posts"}],"about":[{"href":"http:\/\/caritas.diecezja.wloclawek.pl\/index.php?rest_route=\/wp\/v2\/types\/post"}],"author":[{"embeddable":true,"href":"http:\/\/caritas.diecezja.wloclawek.pl\/index.php?rest_route=\/wp\/v2\/users\/1"}],"replies":[{"embeddable":true,"href":"http:\/\/caritas.diecezja.wloclawek.pl\/index.php?rest_route=%2Fwp%2Fv2%2Fcomments&post=365"}],"version-history":[{"count":1,"href":"http:\/\/caritas.diecezja.wloclawek.pl\/index.php?rest_route=\/wp\/v2\/posts\/365\/revisions"}],"predecessor-version":[{"id":367,"href":"http:\/\/caritas.diecezja.wloclawek.pl\/index.php?rest_route=\/wp\/v2\/posts\/365\/revisions\/367"}],"wp:featuredmedia":[{"embeddable":true,"href":"http:\/\/caritas.diecezja.wloclawek.pl\/index.php?rest_route=\/wp\/v2\/media\/366"}],"wp:attachment":[{"href":"http:\/\/caritas.diecezja.wloclawek.pl\/index.php?rest_route=%2Fwp%2Fv2%2Fmedia&parent=365"}],"wp:term":[{"taxonomy":"category","embeddable":true,"href":"http:\/\/caritas.diecezja.wloclawek.pl\/index.php?rest_route=%2Fwp%2Fv2%2Fcategories&post=365"},{"taxonomy":"post_tag","embeddable":true,"href":"http:\/\/caritas.diecezja.wloclawek.pl\/index.php?rest_route=%2Fwp%2Fv2%2Ftags&post=365"}],"curies":[{"name":"wp","href":"https:\/\/api.w.org\/{rel}","templated":true}]}}