{"id":362,"date":"2015-03-30T22:44:53","date_gmt":"2015-03-30T21:44:53","guid":{"rendered":"http:\/\/caritas.diecezja.wloclawek.pl\/?p=362"},"modified":"2017-10-23T22:47:00","modified_gmt":"2017-10-23T21:47:00","slug":"caritas-w-polsce-zebrala-blisko-438-ton-zywnosci-podczas-wielkanocnej-zbiorki-zywnosci-tak-pomagam","status":"publish","type":"post","link":"http:\/\/caritas.diecezja.wloclawek.pl\/?p=362","title":{"rendered":"Caritas w Polsce zebra\u0142a blisko 438 ton \u017cywno\u015bci podczas Wielkanocnej Zbi\u00f3rki \u017bywno\u015bci \u201eTak, Pomagam\u201d!"},"content":{"rendered":"<p>Blisko 437,5 ton \u017cywno\u015bci trafi przed \u015bwi\u0119tami Wielkanocnymi do oko\u0142o 71 tysi\u0119cy os\u00f3b z rodzin wielodzietnych, samotnych rodzic\u00f3w, bezdomnych i chorych oraz do plac\u00f3wek prowadzonych przez 36 diecezjalnych Caritas. \u017bywno\u015b\u0107 zosta\u0142a zabrana podczas przeprowadzonej w dniach 13-14 marca VIII Zbi\u00f3rki \u017bywno\u015bci TAK POMAGAM.<\/p>\n<p>W akcj\u0119 zaanga\u017cowanych by\u0142o prawie 20 tysi\u0119cy wolontariuszy z Parafialnych Zespo\u0142\u00f3w Caritas i Szkolnych K\u00f3\u0142 Caritas w ca\u0142ej Polsce, kt\u00f3rzy zbierali \u017cywno\u015b\u0107 w 2 052 sklepach.<\/p>\n<p>Wolontariusze zbierali \u017cywno\u015b\u0107 w 938 sklepach sieci Biedronka, 83 sklepach sieci Lewiatan, 62 sklepach POLOmarket oraz 40 hipermarketach Carrefour, 8 sklepach ABC, 66 sklepach Netto, w 21 sklepach Intermarche, 81 sklepach Spo\u0142em oraz w 30 sklepach TESCO. W akcj\u0119 zaanga\u017cowa\u0142y si\u0119 r\u00f3wnie\u017c sieci sklep\u00f3w: Auchan, Piotr i Pawe\u0142, Real, Stokrotka i wielu innych.<\/p>\n<p>W koszach Caritas znalaz\u0142y si\u0119: mleko, m\u0105ka, cukier, makaron, ry\u017c, p\u0142atki kukurydziane, olej, konserwy mi\u0119sne i warzywne, d\u017cemy, majonez, sosy i zupy w proszku, herbata, p\u0142atki \u015bniadaniowe, napoje i s\u0142odycze dla najm\u0142odszych, a tak\u017ce \u015brodki czysto\u015bci.<\/p>\n<p>Zebrane artyku\u0142y zostan\u0105 przekazane potrzebuj\u0105cym w formie \u015bwi\u0105tecznych paczek oraz jako pomoc dora\u017ana dla plac\u00f3wek Caritas. Okres \u015awi\u0105teczny jest czasem szczeg\u00f3lnej troski o potrzebuj\u0105cych. W ostatnich latach przyby\u0142o w naszym kraju rodzin w niezwykle trudnej sytuacji materialnej, co jest odczuwalne we wszystkich diecezjalnych Caritas, udzielaj\u0105cych pomocy dora\u017anej.<\/p>\n<p>Sk\u0142adam serdeczne podzi\u0119kowania ka\u017cdemu, kto zaanga\u017cowa\u0142 si\u0119 w przeprowadzane przez Caritas zbi\u00f3rki. Jestem zadowolony, \u017ce uda\u0142o si\u0119 nam zebra\u0107 w czasie o\u015bmiu przeprowadzonych zbi\u00f3rek ok. 2 tys. 267 ton \u017cywno\u015bci, kt\u00f3ra znalaz\u0142a si\u0119 dotychczas i znajdzie na tegorocznym Wielkanocnym stole \u0142\u0105cznie u ok. 518 tys. potrzebuj\u0105cych, kt\u00f3rzy czekaj\u0105 na nasz\u0105 pomoc. To dzi\u0119ki ludziom dobrej woli \u2013 mo\u017cemy pomaga\u0107. Szczeg\u00f3lne podzi\u0119kowania nale\u017c\u0105 si\u0119 dyrektorom i kierownikom sklep\u00f3w, w kt\u00f3rych uda\u0142o si\u0119 po raz \u00f3smy przeprowadzi\u0107 zbi\u00f3rk\u0119 oraz wolontariuszom \u2013 powiedzia\u0142 dyrektor Caritas Polska, ks. Marian Subocz.<\/p>\n<p>Struktura pomocy udzielonej z wielkanocnej zbi\u00f3rki TAK POMAGAM:<\/p>\n<p>rodziny wielodzietne \u2013 ok. 17,5 tys. os\u00f3b<br \/>\nrodziny dysfunkcyjne \u2013 ok. 14,6 tys. os\u00f3b<br \/>\nosoby samotne \u2013 ok. 10,5 tys. os\u00f3b<br \/>\nosoby bezrobotne \u2013 ok. 12,8 tys. os\u00f3b<br \/>\nosoby bezdomne \u2013 ok. 8,8 tys. os\u00f3b<br \/>\nosoby niepe\u0142nosprawne \u2013 ok. 6,9 tys. os\u00f3b<\/p>\n<p>Razem 71,1 tys. os\u00f3b.<\/p>\n<p><em>\u0179r\u00f3d\u0142o: Caritas Polska<\/em><\/p>\n<p><a href=\"http:\/\/caritas.diecezja.wloclawek.pl\/wp-content\/uploads\/2017\/10\/Tak-Pomagam-2015-styczen.jpg\"><img loading=\"lazy\" class=\"aligncenter size-medium wp-image-363\" src=\"http:\/\/caritas.diecezja.wloclawek.pl\/wp-content\/uploads\/2017\/10\/Tak-Pomagam-2015-styczen-300x300.jpg\" alt=\"\" width=\"300\" height=\"300\" srcset=\"http:\/\/caritas.diecezja.wloclawek.pl\/wp-content\/uploads\/2017\/10\/Tak-Pomagam-2015-styczen-300x300.jpg 300w, http:\/\/caritas.diecezja.wloclawek.pl\/wp-content\/uploads\/2017\/10\/Tak-Pomagam-2015-styczen-150x150.jpg 150w, http:\/\/caritas.diecezja.wloclawek.pl\/wp-content\/uploads\/2017\/10\/Tak-Pomagam-2015-styczen-768x768.jpg 768w, http:\/\/caritas.diecezja.wloclawek.pl\/wp-content\/uploads\/2017\/10\/Tak-Pomagam-2015-styczen-160x160.jpg 160w, http:\/\/caritas.diecezja.wloclawek.pl\/wp-content\/uploads\/2017\/10\/Tak-Pomagam-2015-styczen-320x320.jpg 320w, http:\/\/caritas.diecezja.wloclawek.pl\/wp-content\/uploads\/2017\/10\/Tak-Pomagam-2015-styczen.jpg 800w\" sizes=\"(max-width: 300px) 100vw, 300px\" \/><\/a><\/p>\n","protected":false},"excerpt":{"rendered":"<p>&#46;&#46;&#46;<\/p>\n","protected":false},"author":1,"featured_media":363,"comment_status":"open","ping_status":"open","sticky":false,"template":"","format":"standard","meta":[],"categories":[2],"tags":[],"_links":{"self":[{"href":"http:\/\/caritas.diecezja.wloclawek.pl\/index.php?rest_route=\/wp\/v2\/posts\/362"}],"collection":[{"href":"http:\/\/caritas.diecezja.wloclawek.pl\/index.php?rest_route=\/wp\/v2\/posts"}],"about":[{"href":"http:\/\/caritas.diecezja.wloclawek.pl\/index.php?rest_route=\/wp\/v2\/types\/post"}],"author":[{"embeddable":true,"href":"http:\/\/caritas.diecezja.wloclawek.pl\/index.php?rest_route=\/wp\/v2\/users\/1"}],"replies":[{"embeddable":true,"href":"http:\/\/caritas.diecezja.wloclawek.pl\/index.php?rest_route=%2Fwp%2Fv2%2Fcomments&post=362"}],"version-history":[{"count":1,"href":"http:\/\/caritas.diecezja.wloclawek.pl\/index.php?rest_route=\/wp\/v2\/posts\/362\/revisions"}],"predecessor-version":[{"id":364,"href":"http:\/\/caritas.diecezja.wloclawek.pl\/index.php?rest_route=\/wp\/v2\/posts\/362\/revisions\/364"}],"wp:featuredmedia":[{"embeddable":true,"href":"http:\/\/caritas.diecezja.wloclawek.pl\/index.php?rest_route=\/wp\/v2\/media\/363"}],"wp:attachment":[{"href":"http:\/\/caritas.diecezja.wloclawek.pl\/index.php?rest_route=%2Fwp%2Fv2%2Fmedia&parent=362"}],"wp:term":[{"taxonomy":"category","embeddable":true,"href":"http:\/\/caritas.diecezja.wloclawek.pl\/index.php?rest_route=%2Fwp%2Fv2%2Fcategories&post=362"},{"taxonomy":"post_tag","embeddable":true,"href":"http:\/\/caritas.diecezja.wloclawek.pl\/index.php?rest_route=%2Fwp%2Fv2%2Ftags&post=362"}],"curies":[{"name":"wp","href":"https:\/\/api.w.org\/{rel}","templated":true}]}}