{"id":359,"date":"2015-03-31T22:42:19","date_gmt":"2015-03-31T21:42:19","guid":{"rendered":"http:\/\/caritas.diecezja.wloclawek.pl\/?p=359"},"modified":"2017-10-23T22:44:37","modified_gmt":"2017-10-23T21:44:37","slug":"wielkanocna-pomoc-w-parafii-sw-pawla-w-zdunskiej-woli","status":"publish","type":"post","link":"http:\/\/caritas.diecezja.wloclawek.pl\/?p=359","title":{"rendered":"Wielkanocna pomoc w parafii \u015bw. Paw\u0142a w Zdu\u0144skiej Woli"},"content":{"rendered":"<p>Parafialny Zesp\u00f3\u0142 Caritas przy Parafii \u015bw. Paw\u0142a Aposto\u0142a w Zdu\u0144skiej Woli oraz Szkolne Ko\u0142o Caritas dzia\u0142aj\u0105ce przy Zespole Szk\u00f3\u0142 nr 1 podczas akcji og\u00f3lnopolskiej \u201eTak pomagamy\u201d zebra\u0142o w dyskoncie Biedronki 450 kg \u017cywno\u015bci. Z ofiar z\u0142o\u017conych na ja\u0142mu\u017cn\u0119 postn\u0105 zakupiono 1450 kg \u017cywno\u015bci.<\/p>\n<p>&nbsp;<\/p>\n<p>W sobot\u0119 28 marca rozdano paczki na \u015bwi\u0119ta wielkanocne dla 105 rodzin obj\u0119tych pomoc\u0105 Caritas, a Szkolne Ko\u0142o Caritas przygotowa\u0142o i roznios\u0142o po domach 37 paczek \u015bwi\u0105tecznych ze s\u0142odyczami dla dzieci.<\/p>\n<p><em>ks. Andrzej Jaworski<\/em><\/p>\n<p>&nbsp;<\/p>\n<p><a href=\"http:\/\/caritas.diecezja.wloclawek.pl\/wp-content\/uploads\/2017\/10\/Caritas-w-Zd-Woli.jpg\"><img loading=\"lazy\" class=\"aligncenter  wp-image-360\" src=\"http:\/\/caritas.diecezja.wloclawek.pl\/wp-content\/uploads\/2017\/10\/Caritas-w-Zd-Woli-300x200.jpg\" alt=\"\" width=\"405\" height=\"270\" srcset=\"http:\/\/caritas.diecezja.wloclawek.pl\/wp-content\/uploads\/2017\/10\/Caritas-w-Zd-Woli-300x200.jpg 300w, http:\/\/caritas.diecezja.wloclawek.pl\/wp-content\/uploads\/2017\/10\/Caritas-w-Zd-Woli-768x512.jpg 768w, http:\/\/caritas.diecezja.wloclawek.pl\/wp-content\/uploads\/2017\/10\/Caritas-w-Zd-Woli.jpg 800w\" sizes=\"(max-width: 405px) 100vw, 405px\" \/><\/a><\/p>\n","protected":false},"excerpt":{"rendered":"<p>&#46;&#46;&#46;<\/p>\n","protected":false},"author":1,"featured_media":360,"comment_status":"open","ping_status":"open","sticky":false,"template":"","format":"standard","meta":[],"categories":[2],"tags":[],"_links":{"self":[{"href":"http:\/\/caritas.diecezja.wloclawek.pl\/index.php?rest_route=\/wp\/v2\/posts\/359"}],"collection":[{"href":"http:\/\/caritas.diecezja.wloclawek.pl\/index.php?rest_route=\/wp\/v2\/posts"}],"about":[{"href":"http:\/\/caritas.diecezja.wloclawek.pl\/index.php?rest_route=\/wp\/v2\/types\/post"}],"author":[{"embeddable":true,"href":"http:\/\/caritas.diecezja.wloclawek.pl\/index.php?rest_route=\/wp\/v2\/users\/1"}],"replies":[{"embeddable":true,"href":"http:\/\/caritas.diecezja.wloclawek.pl\/index.php?rest_route=%2Fwp%2Fv2%2Fcomments&post=359"}],"version-history":[{"count":1,"href":"http:\/\/caritas.diecezja.wloclawek.pl\/index.php?rest_route=\/wp\/v2\/posts\/359\/revisions"}],"predecessor-version":[{"id":361,"href":"http:\/\/caritas.diecezja.wloclawek.pl\/index.php?rest_route=\/wp\/v2\/posts\/359\/revisions\/361"}],"wp:featuredmedia":[{"embeddable":true,"href":"http:\/\/caritas.diecezja.wloclawek.pl\/index.php?rest_route=\/wp\/v2\/media\/360"}],"wp:attachment":[{"href":"http:\/\/caritas.diecezja.wloclawek.pl\/index.php?rest_route=%2Fwp%2Fv2%2Fmedia&parent=359"}],"wp:term":[{"taxonomy":"category","embeddable":true,"href":"http:\/\/caritas.diecezja.wloclawek.pl\/index.php?rest_route=%2Fwp%2Fv2%2Fcategories&post=359"},{"taxonomy":"post_tag","embeddable":true,"href":"http:\/\/caritas.diecezja.wloclawek.pl\/index.php?rest_route=%2Fwp%2Fv2%2Ftags&post=359"}],"curies":[{"name":"wp","href":"https:\/\/api.w.org\/{rel}","templated":true}]}}