{"id":356,"date":"2015-03-02T22:38:53","date_gmt":"2015-03-02T21:38:53","guid":{"rendered":"http:\/\/caritas.diecezja.wloclawek.pl\/?p=356"},"modified":"2017-10-23T22:42:13","modified_gmt":"2017-10-23T21:42:13","slug":"zyczenia-wielkanocne-2015","status":"publish","type":"post","link":"http:\/\/caritas.diecezja.wloclawek.pl\/?p=356","title":{"rendered":"\u017byczenia Wielkanocne 2015"},"content":{"rendered":"<h2 style=\"text-align: center;\">Drodzy Przyjaciele Caritas,<\/h2>\n<p style=\"text-align: center;\">Niech Zmartwychwsta\u0142y Chrystus roz\u015bwietla nasz\u0105 codzienno\u015b\u0107,<br \/>\nwlewa rado\u015b\u0107 i nadziej\u0119 w nasze serca.<br \/>\nPrzyjmijmy Chrystusa jak Przyjaciela, pe\u0142ni ufno\u015bci<br \/>\ni otwarci na niespodzianki Boga,<br \/>\nbo prawdziwie tylko On jest Drog\u0105, Prawd\u0105 i \u017byciem.<\/p>\n<p style=\"text-align: center;\">\u017byczymy, aby ka\u017cdy z nas odkry\u0142 na nowo moc Zmartwychwstania,<br \/>\nkt\u00f3ra budzi nadziej\u0119, o\u017cywia marzenia,<br \/>\nrodzi zapa\u0142 do pracy wsz\u0119dzie tam<br \/>\ngdzie posy\u0142a nas Pan.<\/p>\n<p style=\"text-align: center;\">Z wdzi\u0119czno\u015bci\u0105 i modlitw\u0105<\/p>\n<p style=\"text-align: center;\"><strong>ks. Marek Soboci\u0144ski, dyrektor<\/strong><br \/>\n<strong>ks. Krzysztof Stawicki, zast\u0119pca dyrektora<\/strong><br \/>\n<strong>oraz pracownicy Caritas Diecezji W\u0142oc\u0142awskiej<\/strong><\/p>\n<p>&nbsp;<\/p>\n<p><a href=\"http:\/\/caritas.diecezja.wloclawek.pl\/wp-content\/uploads\/2017\/10\/Zyczenia-Wielkanocne-2015.jpg\"><img loading=\"lazy\" class=\"aligncenter  wp-image-357\" src=\"http:\/\/caritas.diecezja.wloclawek.pl\/wp-content\/uploads\/2017\/10\/Zyczenia-Wielkanocne-2015-223x300.jpg\" alt=\"\" width=\"286\" height=\"385\" srcset=\"http:\/\/caritas.diecezja.wloclawek.pl\/wp-content\/uploads\/2017\/10\/Zyczenia-Wielkanocne-2015-223x300.jpg 223w, http:\/\/caritas.diecezja.wloclawek.pl\/wp-content\/uploads\/2017\/10\/Zyczenia-Wielkanocne-2015.jpg 445w\" sizes=\"(max-width: 286px) 100vw, 286px\" \/><\/a><\/p>\n","protected":false},"excerpt":{"rendered":"<p>&#46;&#46;&#46;<\/p>\n","protected":false},"author":1,"featured_media":357,"comment_status":"open","ping_status":"open","sticky":false,"template":"","format":"standard","meta":[],"categories":[2],"tags":[],"_links":{"self":[{"href":"http:\/\/caritas.diecezja.wloclawek.pl\/index.php?rest_route=\/wp\/v2\/posts\/356"}],"collection":[{"href":"http:\/\/caritas.diecezja.wloclawek.pl\/index.php?rest_route=\/wp\/v2\/posts"}],"about":[{"href":"http:\/\/caritas.diecezja.wloclawek.pl\/index.php?rest_route=\/wp\/v2\/types\/post"}],"author":[{"embeddable":true,"href":"http:\/\/caritas.diecezja.wloclawek.pl\/index.php?rest_route=\/wp\/v2\/users\/1"}],"replies":[{"embeddable":true,"href":"http:\/\/caritas.diecezja.wloclawek.pl\/index.php?rest_route=%2Fwp%2Fv2%2Fcomments&post=356"}],"version-history":[{"count":1,"href":"http:\/\/caritas.diecezja.wloclawek.pl\/index.php?rest_route=\/wp\/v2\/posts\/356\/revisions"}],"predecessor-version":[{"id":358,"href":"http:\/\/caritas.diecezja.wloclawek.pl\/index.php?rest_route=\/wp\/v2\/posts\/356\/revisions\/358"}],"wp:featuredmedia":[{"embeddable":true,"href":"http:\/\/caritas.diecezja.wloclawek.pl\/index.php?rest_route=\/wp\/v2\/media\/357"}],"wp:attachment":[{"href":"http:\/\/caritas.diecezja.wloclawek.pl\/index.php?rest_route=%2Fwp%2Fv2%2Fmedia&parent=356"}],"wp:term":[{"taxonomy":"category","embeddable":true,"href":"http:\/\/caritas.diecezja.wloclawek.pl\/index.php?rest_route=%2Fwp%2Fv2%2Fcategories&post=356"},{"taxonomy":"post_tag","embeddable":true,"href":"http:\/\/caritas.diecezja.wloclawek.pl\/index.php?rest_route=%2Fwp%2Fv2%2Ftags&post=356"}],"curies":[{"name":"wp","href":"https:\/\/api.w.org\/{rel}","templated":true}]}}