{"id":353,"date":"2015-04-11T22:36:49","date_gmt":"2015-04-11T21:36:49","guid":{"rendered":"http:\/\/caritas.diecezja.wloclawek.pl\/?p=353"},"modified":"2017-10-23T22:38:35","modified_gmt":"2017-10-23T21:38:35","slug":"niedziela-milosierdzia-patronalnym-swietem-caritas","status":"publish","type":"post","link":"http:\/\/caritas.diecezja.wloclawek.pl\/?p=353","title":{"rendered":"Niedziela Mi\u0142osierdzia \u2013 patronalnym \u015bwi\u0119tem Caritas"},"content":{"rendered":"<p>Niedziela Mi\u0142osierdzia b\u0119d\u0105ca patronalnym \u015bwi\u0119tem Caritas rozpocznie 71. Tydzie\u0144 Mi\u0142osierdzia obchodzony pod has\u0142em \u201eCaritas dla rodziny\u201d.<\/p>\n<p>Naturalnym \u015brodowiskiem wzrostu cz\u0142owieka jest rodzina, gdzie mi\u0142o\u015b\u0107, czyli Caritas pe\u0142ni zasadnicz\u0105 rol\u0119. Ta mi\u0142o\u015b\u0107 buduj\u0105ca rodzin\u0119 znajduje si\u0119 w samym centrum cywilizacji mi\u0142o\u015bci. Jednocze\u015bnie wi\u0119kszo\u015b\u0107 dzie\u0142 Caritas w Polsce stanowi pomoc dla cz\u0142onk\u00f3w rodziny lub ca\u0142ych rodzin \u2013 m\u00f3wi ksi\u0105dz Marek Dec, zast\u0119pca dyrektora Caritas Polska.<\/p>\n<p>&nbsp;<\/p>\n<p>Obchody Tygodnia Mi\u0142osierdzia odbywaj\u0105 si\u0119 przede wszystkim w diecezjach. Zazwyczaj przewodniczy im biskup diecezjalny, organizuj\u0105 je Caritas Diecezjalne. Jest to zawsze okazja do radosnego i \u015bwi\u0105tecznego spotkania tych, kt\u00f3rzy na co dzie\u0144 oddaj\u0105 si\u0119 pracy charytatywnej, nios\u0105c pomoc bli\u017anim. Chodzi tu przede wszystkim o wolontariuszy zw\u0142aszcza ze Szkolnych K\u00f3\u0142 Caritas i Parafialnych Zespo\u0142\u00f3w Caritas. To tak\u017ce \u015bwi\u0119to wszystkich, kt\u00f3rzy czuj\u0105 si\u0119 wewn\u0119trznie wezwani do tego, \u017ceby na\u015bladowa\u0107 Chrystusa, jako Dobrego Samarytanina i dla samej Caritas okazja do wyra\u017cenia wdzi\u0119czno\u015bci wszystkim naszym ofiarodawcom.<\/p>\n<p>W roku 25-lecia Caritas w Polsce, b\u0119d\u0105cego Rokiem Caritas, Tydzie\u0144 Mi\u0142osierdzia prze\u017cywany jest w spos\u00f3b szczeg\u00f3lny. Niekt\u00f3re Caritas diecezjalne w tym czasie obchodz\u0105 swoje patronalne jubileusze.<\/p>\n<p>Co roku w Tygodniu Mi\u0142osierdzia w sanktuarium Bo\u017cego Mi\u0142osierdzia w Krakowie-\u0141agiewnikach ma miejsce og\u00f3lnopolskie spotkanie wolontariuszy Caritas w Polsce. W tym roku spotkanie to odb\u0119dzie si\u0119 18 kwietnia. Uroczyst\u0105 Msz\u0119 \u015bw. odprawi Ksi\u0105dz Kardyna\u0142 Stanis\u0142aw Dziwisz, w koncelebrze udzia\u0142 wezm\u0105 dyrektorzy Caritas diecezjalnych w Polsce i Caritas Polska. Po Mszy \u015bw. odb\u0119dzie si\u0119 spotkanie wolontariuszy po\u0142\u0105czone z koncertem, \u015bwiadectwami wolontariuszy i integracj\u0105.<\/p>\n<p><em>Teks i zdj\u0119cie: Caritas Polska<\/em><\/p>\n<p>&nbsp;<\/p>\n<p><a href=\"http:\/\/caritas.diecezja.wloclawek.pl\/wp-content\/uploads\/2017\/10\/Tydzie\u0144-Mi\u0142osiedzia.jpg\"><img loading=\"lazy\" class=\"aligncenter  wp-image-354\" src=\"http:\/\/caritas.diecezja.wloclawek.pl\/wp-content\/uploads\/2017\/10\/Tydzie\u0144-Mi\u0142osiedzia-214x300.jpg\" alt=\"\" width=\"247\" height=\"346\" srcset=\"http:\/\/caritas.diecezja.wloclawek.pl\/wp-content\/uploads\/2017\/10\/Tydzie\u0144-Mi\u0142osiedzia-214x300.jpg 214w, http:\/\/caritas.diecezja.wloclawek.pl\/wp-content\/uploads\/2017\/10\/Tydzie\u0144-Mi\u0142osiedzia-768x1079.jpg 768w, http:\/\/caritas.diecezja.wloclawek.pl\/wp-content\/uploads\/2017\/10\/Tydzie\u0144-Mi\u0142osiedzia-729x1024.jpg 729w, http:\/\/caritas.diecezja.wloclawek.pl\/wp-content\/uploads\/2017\/10\/Tydzie\u0144-Mi\u0142osiedzia.jpg 1194w\" sizes=\"(max-width: 247px) 100vw, 247px\" \/><\/a><\/p>\n","protected":false},"excerpt":{"rendered":"<p>&#46;&#46;&#46;<\/p>\n","protected":false},"author":1,"featured_media":354,"comment_status":"open","ping_status":"open","sticky":false,"template":"","format":"standard","meta":[],"categories":[2],"tags":[],"_links":{"self":[{"href":"http:\/\/caritas.diecezja.wloclawek.pl\/index.php?rest_route=\/wp\/v2\/posts\/353"}],"collection":[{"href":"http:\/\/caritas.diecezja.wloclawek.pl\/index.php?rest_route=\/wp\/v2\/posts"}],"about":[{"href":"http:\/\/caritas.diecezja.wloclawek.pl\/index.php?rest_route=\/wp\/v2\/types\/post"}],"author":[{"embeddable":true,"href":"http:\/\/caritas.diecezja.wloclawek.pl\/index.php?rest_route=\/wp\/v2\/users\/1"}],"replies":[{"embeddable":true,"href":"http:\/\/caritas.diecezja.wloclawek.pl\/index.php?rest_route=%2Fwp%2Fv2%2Fcomments&post=353"}],"version-history":[{"count":1,"href":"http:\/\/caritas.diecezja.wloclawek.pl\/index.php?rest_route=\/wp\/v2\/posts\/353\/revisions"}],"predecessor-version":[{"id":355,"href":"http:\/\/caritas.diecezja.wloclawek.pl\/index.php?rest_route=\/wp\/v2\/posts\/353\/revisions\/355"}],"wp:featuredmedia":[{"embeddable":true,"href":"http:\/\/caritas.diecezja.wloclawek.pl\/index.php?rest_route=\/wp\/v2\/media\/354"}],"wp:attachment":[{"href":"http:\/\/caritas.diecezja.wloclawek.pl\/index.php?rest_route=%2Fwp%2Fv2%2Fmedia&parent=353"}],"wp:term":[{"taxonomy":"category","embeddable":true,"href":"http:\/\/caritas.diecezja.wloclawek.pl\/index.php?rest_route=%2Fwp%2Fv2%2Fcategories&post=353"},{"taxonomy":"post_tag","embeddable":true,"href":"http:\/\/caritas.diecezja.wloclawek.pl\/index.php?rest_route=%2Fwp%2Fv2%2Ftags&post=353"}],"curies":[{"name":"wp","href":"https:\/\/api.w.org\/{rel}","templated":true}]}}