{"id":350,"date":"2015-04-16T22:34:28","date_gmt":"2015-04-16T21:34:28","guid":{"rendered":"http:\/\/caritas.diecezja.wloclawek.pl\/?p=350"},"modified":"2017-10-23T22:36:37","modified_gmt":"2017-10-23T21:36:37","slug":"xii-ogolnopolska-pielgrzymka-caritas-do-lagiewnik-codziennie-z-miloscia","status":"publish","type":"post","link":"http:\/\/caritas.diecezja.wloclawek.pl\/?p=350","title":{"rendered":"XII Og\u00f3lnopolska Pielgrzymka Caritas do \u0141agiewnik \u2013 \u201eCodziennie z mi\u0142o\u015bci\u0105\u201d"},"content":{"rendered":"<p>Pod has\u0142em \u201eCodziennie z mi\u0142o\u015bci\u0105\u201d, ju\u017c w najbli\u017csz\u0105 sobot\u0119, 18 kwietnia odb\u0119dzie si\u0119 XII Pielgrzymka Pracownik\u00f3w i Wolontariuszy Caritas. W Sanktuarium Bo\u017cego Mi\u0142osierdzia w Krakowie &#8211; \u0141agiewnikach, szczeg\u00f3lnym miejscu na duchowej mapie Polski, spotkaj\u0105 si\u0119 pracownicy, wolontariusze, a tak\u017ce dobroczy\u0144cy i sympatycy Caritas w Polsce.<\/p>\n<p>W trwaj\u0105cym Roku Caritas b\u0119dzie to czas szczeg\u00f3lnego podzi\u0119kowania za pos\u0142ug\u0119 wszystkim, kt\u00f3rzy od 25 lat codziennie z mi\u0142o\u015bci\u0105 nios\u0105 bezinteresown\u0105 pomoc drugiemu cz\u0142owiekowi. Poni\u017cej plan obchod\u00f3w:<\/p>\n<p>Krak\u00f3w-\u0141agiewniki, 18 kwietnia 2015 (sobota)<\/p>\n<p>9:00 \u2013 10:00 Rejestracja uczestnik\u00f3w<\/p>\n<p>10:00 \u2013 10:45 Powitanie Pielgrzym\u00f3w przez o. Huberta A. Matusiewicza, OH \u2013 Zast\u0119pc\u0119 Dyrektora Caritas Polska i ks. Bogdana Kordul\u0119 \u2013 Dyrektora Caritas Archidiecezji Krakowskiej<\/p>\n<p>Konferencja \u201eJak efektywnie pomaga\u0107\u201d \u2013 ks. Andrzej Augusty\u0144ski<\/p>\n<p>\u015awiadectwa wolontariuszy Caritas<\/p>\n<p>10:45 \u2013 11:00 Zawi\u0105zanie wsp\u00f3lnoty: przygotowanie do Eucharystii poprzez wsp\u00f3lny \u015bpiew<\/p>\n<p>11:00 \u2013 12:15 Uroczysta Msza \u015bw. pod przewodnictwem J. Em. Stanis\u0142awa Kard. Dziwisza, Metropolity Krakowskiego<\/p>\n<p>12:15 \u2013 13:30 Pocz\u0119stunek<\/p>\n<p>13:30 \u2013 14:30 Przej\u015bcie z wodzirejem do Centrum Jana Paw\u0142a II<\/p>\n<p>14:30 \u2013 15:45 Koncert zespo\u0142u El Saffron<\/p>\n<p>15:45 \u2013 16:00 Koronka do Bo\u017cego Mi\u0142osierdzia<\/p>\n<p>Po\u017cegnanie<\/p>\n<p><a href=\"http:\/\/caritas.diecezja.wloclawek.pl\/wp-content\/uploads\/2017\/10\/2015_rok_caritas.jpg\"><img loading=\"lazy\" class=\"aligncenter  wp-image-351\" src=\"http:\/\/caritas.diecezja.wloclawek.pl\/wp-content\/uploads\/2017\/10\/2015_rok_caritas-300x239.jpg\" alt=\"\" width=\"350\" height=\"279\" srcset=\"http:\/\/caritas.diecezja.wloclawek.pl\/wp-content\/uploads\/2017\/10\/2015_rok_caritas-300x239.jpg 300w, http:\/\/caritas.diecezja.wloclawek.pl\/wp-content\/uploads\/2017\/10\/2015_rok_caritas.jpg 326w\" sizes=\"(max-width: 350px) 100vw, 350px\" \/><\/a><\/p>\n","protected":false},"excerpt":{"rendered":"<p>&#46;&#46;&#46;<\/p>\n","protected":false},"author":1,"featured_media":351,"comment_status":"open","ping_status":"open","sticky":false,"template":"","format":"standard","meta":[],"categories":[2],"tags":[],"_links":{"self":[{"href":"http:\/\/caritas.diecezja.wloclawek.pl\/index.php?rest_route=\/wp\/v2\/posts\/350"}],"collection":[{"href":"http:\/\/caritas.diecezja.wloclawek.pl\/index.php?rest_route=\/wp\/v2\/posts"}],"about":[{"href":"http:\/\/caritas.diecezja.wloclawek.pl\/index.php?rest_route=\/wp\/v2\/types\/post"}],"author":[{"embeddable":true,"href":"http:\/\/caritas.diecezja.wloclawek.pl\/index.php?rest_route=\/wp\/v2\/users\/1"}],"replies":[{"embeddable":true,"href":"http:\/\/caritas.diecezja.wloclawek.pl\/index.php?rest_route=%2Fwp%2Fv2%2Fcomments&post=350"}],"version-history":[{"count":1,"href":"http:\/\/caritas.diecezja.wloclawek.pl\/index.php?rest_route=\/wp\/v2\/posts\/350\/revisions"}],"predecessor-version":[{"id":352,"href":"http:\/\/caritas.diecezja.wloclawek.pl\/index.php?rest_route=\/wp\/v2\/posts\/350\/revisions\/352"}],"wp:featuredmedia":[{"embeddable":true,"href":"http:\/\/caritas.diecezja.wloclawek.pl\/index.php?rest_route=\/wp\/v2\/media\/351"}],"wp:attachment":[{"href":"http:\/\/caritas.diecezja.wloclawek.pl\/index.php?rest_route=%2Fwp%2Fv2%2Fmedia&parent=350"}],"wp:term":[{"taxonomy":"category","embeddable":true,"href":"http:\/\/caritas.diecezja.wloclawek.pl\/index.php?rest_route=%2Fwp%2Fv2%2Fcategories&post=350"},{"taxonomy":"post_tag","embeddable":true,"href":"http:\/\/caritas.diecezja.wloclawek.pl\/index.php?rest_route=%2Fwp%2Fv2%2Ftags&post=350"}],"curies":[{"name":"wp","href":"https:\/\/api.w.org\/{rel}","templated":true}]}}