{"id":347,"date":"2015-04-10T22:31:56","date_gmt":"2015-04-10T21:31:56","guid":{"rendered":"http:\/\/caritas.diecezja.wloclawek.pl\/?p=347"},"modified":"2017-10-23T22:34:14","modified_gmt":"2017-10-23T21:34:14","slug":"lider-zyje-miloscia-xii-pielgrzymka-pracownikow-i-wolontariuszy-caritas","status":"publish","type":"post","link":"http:\/\/caritas.diecezja.wloclawek.pl\/?p=347","title":{"rendered":"Lider \u017cyje mi\u0142o\u015bci\u0105! XII Pielgrzymka Pracownik\u00f3w i Wolontariuszy Caritas"},"content":{"rendered":"<p>Ponad 2500 os\u00f3b z 20 Caritas diecezjalnych i Caritas Polska w sobot\u0119 18 kwietnia spotka\u0142o si\u0119 w wyj\u0105tkowym miejscu, Sanktuarium Bo\u017cego Mi\u0142osierdzia w Krakowie \u0141agiewnikach. Konferencj\u0119 na temat efektywnej pomocy drugiemu cz\u0142owiekowi wyg\u0142osi\u0142 jezuita, ojciec Grzegorz Kramer SJ. \u201eJe\u015bli chcesz pomaga\u0107 \u2013 stajesz si\u0119 liderem w wierze i w \u017cyciu dla innych ludzi. Lider to jest kto\u015b, kto czym\u015b \u017cyje\u2026 kto \u017cyje mi\u0142o\u015bci\u0105!\u201d powiedzia\u0142 mi\u0119dzy innymi jezuita.<\/p>\n<p>Nast\u0119pnie zgromadzeni wys\u0142uchali dw\u00f3ch \u015bwiadectw wolontariuszy Caritas Archidiecezji Krakowskiej. Pani Barbara Panu\u015b, wolontariuszka z parafii \u015bw. Klemensa w Wieliczce m\u00f3wi\u0142a o pos\u0142udze udzielanej samotnym osobom starszym, polegaj\u0105cej na aktywizacji i prowadzonych rozmowach. Drugie \u015bwiadectwo, pana Jana P\u0142oszczycy, opiekuna SKC w Spytkowicach, dotyczy\u0142o zak\u0142adania i prowadzenia Szkolnych K\u00f3\u0142 Caritas.<\/p>\n<p>Msz\u0119 \u015awi\u0119t\u0105 w Bazylice Mi\u0142osierdzia Bo\u017cego, pod przewodnictwem kardyna\u0142a Stanis\u0142awa Dziwisza, metropolity krakowskiego, sprawowali: biskup Jan Zaj\u0105c, przewodnicz\u0105cy Komisji Charytatywnej Konferencji Episkopatu Polski wraz z dyrektorami Caritas diecezjalnych i Caritas Polska. Kardyna\u0142 Stanis\u0142aw Dziwisz w homilii powiedzia\u0142 do zgromadzonych mi\u0119dzy innymi: \u201eCaritas chrze\u015bcija\u0144ska jest przede wszystkim odpowiedzi\u0105 na to, co w konkretnej sytuacji stanowi bezpo\u015bredni\u0105 konieczno\u015b\u0107. G\u0142odni musz\u0105 by\u0107 nasyceni, nadzy odziani, chorzy leczeni z nadziej\u0105 na uzdrowienie, wi\u0119\u017aniowie odwiedzani. Organizacje charytatywne Ko\u015bcio\u0142a pocz\u0105wszy od Caritas diecezjalnych, narodowych i mi\u0119dzynarodowych, musz\u0105 zrobi\u0107 wszystko co mo\u017cliwe, aby by\u0142y do dyspozycji\u201d.<\/p>\n<p>Druga cz\u0119\u015b\u0107 spotkania mia\u0142a miejsce przy Centrum Jana Paw\u0142a II. Pielgrzymi ze \u015bpiewem na ustach przeszli pod Krzy\u017c Papieski przez bram\u0119 \u201eNie l\u0119kajcie si\u0119\u201d. Tam oczekiwa\u0142 na nich animator-wodzirej, kt\u00f3ry wita\u0142 poszczeg\u00f3lne diecezje zapraszaj\u0105c do wsp\u00f3lnych zdj\u0119\u0107. Nast\u0119pnie wszyscy przeszli korowodem na plac przy Centrum. Ka\u017cda z diecezji otrzyma\u0142a od Caritas Polska flag\u0119, kt\u00f3r\u0105 jej przedstawiciele nie\u015bli podczas przemarszu. Pomimo niesprzyjaj\u0105cej, zmiennej pogody, pielgrzymi ochoczo ta\u0144czyli i \u015bpiewali przy d\u017awi\u0119kach lednickich piosenek takich jak: \u201eNie l\u0119kajcie si\u0119\u201d czy \u201eTak, tak Panie\u201d. Dope\u0142nieniem cz\u0119\u015bci artystycznej by\u0142 wyst\u0119p zespo\u0142u El Saffron, kt\u00f3ry wprowadzi\u0142 pielgrzym\u00f3w w klimatyczny \u015bwiat muzyki sefardyjskiej. Pielgrzymk\u0119 zako\u0144czy\u0142a wsp\u00f3lna modlitwa \u2013 Koronka do Mi\u0142osierdzia Bo\u017cego i odm\u00f3wiona przy relikwiach Litania do \u015bw. Jana Paw\u0142a II.<\/p>\n<p><em>\u0179r\u00f3d\u0142o: http:\/\/www.caritas.pl<\/em><\/p>\n<p>&nbsp;<\/p>\n<p><a href=\"http:\/\/caritas.diecezja.wloclawek.pl\/wp-content\/uploads\/2017\/10\/12.-Pielgrzymka-Pracownik\u00f3w-i-Wolontariuszy-Caritas-19.jpg\"><img loading=\"lazy\" class=\"aligncenter  wp-image-348\" src=\"http:\/\/caritas.diecezja.wloclawek.pl\/wp-content\/uploads\/2017\/10\/12.-Pielgrzymka-Pracownik\u00f3w-i-Wolontariuszy-Caritas-19-300x201.jpg\" alt=\"\" width=\"378\" height=\"253\" srcset=\"http:\/\/caritas.diecezja.wloclawek.pl\/wp-content\/uploads\/2017\/10\/12.-Pielgrzymka-Pracownik\u00f3w-i-Wolontariuszy-Caritas-19-300x201.jpg 300w, http:\/\/caritas.diecezja.wloclawek.pl\/wp-content\/uploads\/2017\/10\/12.-Pielgrzymka-Pracownik\u00f3w-i-Wolontariuszy-Caritas-19-768x515.jpg 768w, http:\/\/caritas.diecezja.wloclawek.pl\/wp-content\/uploads\/2017\/10\/12.-Pielgrzymka-Pracownik\u00f3w-i-Wolontariuszy-Caritas-19.jpg 1024w\" sizes=\"(max-width: 378px) 100vw, 378px\" \/><\/a><\/p>\n","protected":false},"excerpt":{"rendered":"<p>&#46;&#46;&#46;<\/p>\n","protected":false},"author":1,"featured_media":348,"comment_status":"open","ping_status":"open","sticky":false,"template":"","format":"standard","meta":[],"categories":[2],"tags":[],"_links":{"self":[{"href":"http:\/\/caritas.diecezja.wloclawek.pl\/index.php?rest_route=\/wp\/v2\/posts\/347"}],"collection":[{"href":"http:\/\/caritas.diecezja.wloclawek.pl\/index.php?rest_route=\/wp\/v2\/posts"}],"about":[{"href":"http:\/\/caritas.diecezja.wloclawek.pl\/index.php?rest_route=\/wp\/v2\/types\/post"}],"author":[{"embeddable":true,"href":"http:\/\/caritas.diecezja.wloclawek.pl\/index.php?rest_route=\/wp\/v2\/users\/1"}],"replies":[{"embeddable":true,"href":"http:\/\/caritas.diecezja.wloclawek.pl\/index.php?rest_route=%2Fwp%2Fv2%2Fcomments&post=347"}],"version-history":[{"count":1,"href":"http:\/\/caritas.diecezja.wloclawek.pl\/index.php?rest_route=\/wp\/v2\/posts\/347\/revisions"}],"predecessor-version":[{"id":349,"href":"http:\/\/caritas.diecezja.wloclawek.pl\/index.php?rest_route=\/wp\/v2\/posts\/347\/revisions\/349"}],"wp:featuredmedia":[{"embeddable":true,"href":"http:\/\/caritas.diecezja.wloclawek.pl\/index.php?rest_route=\/wp\/v2\/media\/348"}],"wp:attachment":[{"href":"http:\/\/caritas.diecezja.wloclawek.pl\/index.php?rest_route=%2Fwp%2Fv2%2Fmedia&parent=347"}],"wp:term":[{"taxonomy":"category","embeddable":true,"href":"http:\/\/caritas.diecezja.wloclawek.pl\/index.php?rest_route=%2Fwp%2Fv2%2Fcategories&post=347"},{"taxonomy":"post_tag","embeddable":true,"href":"http:\/\/caritas.diecezja.wloclawek.pl\/index.php?rest_route=%2Fwp%2Fv2%2Ftags&post=347"}],"curies":[{"name":"wp","href":"https:\/\/api.w.org\/{rel}","templated":true}]}}