{"id":344,"date":"2015-04-28T22:27:46","date_gmt":"2015-04-28T21:27:46","guid":{"rendered":"http:\/\/caritas.diecezja.wloclawek.pl\/?p=344"},"modified":"2017-10-23T22:31:35","modified_gmt":"2017-10-23T21:31:35","slug":"apel-o-pomoc-ofiarom-trzesienia-ziemi-w-nepalu","status":"publish","type":"post","link":"http:\/\/caritas.diecezja.wloclawek.pl\/?p=344","title":{"rendered":"Apel o pomoc ofiarom trz\u0119sienia ziemi w Nepalu"},"content":{"rendered":"<p>W zwi\u0105zku z trz\u0119sieniem ziemi w Nepalu Caritas Polska uruchomi\u0142a zbi\u00f3rk\u0119 \u015brodk\u00f3w na pomoc ofiarom. Pieni\u0105dze mo\u017cna wp\u0142aca\u0107 na konto Caritas Polska z dopiskiem Nepal lub wys\u0142a\u0107 SMS o tre\u015bci POMAGAM na numer 72052 (koszt 2,46 z\u0142 z VAT). Na pierwsz\u0105 piln\u0105 pomoc dla poszkodowanych Caritas Polska przekazuje 30 000 Euro.<\/p>\n<p>Liczba ofiar \u015bmiertelnych w Nepalu przekroczy\u0142a 3300 os\u00f3b. Blisko 6 mln os\u00f3b zosta\u0142o poszkodowanych. Niestety liczba ofiar wci\u0105\u017c ro\u015bnie.<\/p>\n<p>\u201eTo by\u0142o najgorsze trz\u0119sienie ziemi, jakiego do\u015bwiadczy\u0142em w \u017cyciu. Kolejne wstrz\u0105sy wci\u0105\u017c s\u0105 silne. To straszna katastrofa.\u201d \u2013 powiedzia\u0142 zaraz po tragedii dyrektor Caritas Nepal o. Pius Perumana SJ.<\/p>\n<p>Wstrz\u0105s o sile 7,9 w skali Richtera nast\u0105pi\u0142 przed po\u0142udniem czasu lokalnego. Jego epicentrum znajdowa\u0142o si\u0119 80 km na wsch\u00f3d od miasta Pokhara w \u015brodkowej cz\u0119\u015bci Nepalu. P\u00f3\u0142 godziny p\u00f3\u017aniej dosz\u0142o do kolejnego wstrz\u0105su o sile 6,6 w skali Richtera. P\u00f3\u017aniej mia\u0142a miejsce seria kolejnych, ale ju\u017c s\u0142abszych wstrz\u0105s\u00f3w.<\/p>\n<p>\u201ePriorytetem jest ratowanie \u017cycia, jednak wielu ludzi straci\u0142o swoje domy i przebywa obecnie na ulicach. Staramy si\u0119 zapewni\u0107 im jedzenie i tymczasowe schronienie\u201d \u2013 powiedzia\u0142 o. Perumana.<\/p>\n<p>Sobotnie trz\u0119sienie ziemi w Nepalu by\u0142o najsilniejszym od 81 lat. Pomoc ofiarom nap\u0142ywa z ca\u0142ego \u015bwiata. W niedziel\u0119 rano z Polski wyruszy\u0142a dwie grupy ratownik\u00f3w. Na miejscu jest ekipa Caritas Nepal.<\/p>\n<p><em>Tekst: Caritas Polska<\/em><br \/>\n<em>Fot.: Twitter.com \u2013 BusinessIndiaInsider<\/em><\/p>\n<p>\u015arodki na pomoc ofiarom mo\u017cna przekazywa\u0107 na konto Caritas Polska z dopiskiem NEPAL :<\/p>\n<p>Bank PKO BP S.A. 70 1020 1013 0000 0102 0002 6526<br \/>\nBank Millenium S.A. 77 1160 2202 0000 0000 3436 4384<\/p>\n<p>&nbsp;<\/p>\n<p><a href=\"http:\/\/caritas.diecezja.wloclawek.pl\/wp-content\/uploads\/2017\/10\/Nepal.jpg\"><img loading=\"lazy\" class=\"aligncenter  wp-image-345\" src=\"http:\/\/caritas.diecezja.wloclawek.pl\/wp-content\/uploads\/2017\/10\/Nepal-300x225.jpg\" alt=\"\" width=\"359\" height=\"269\" srcset=\"http:\/\/caritas.diecezja.wloclawek.pl\/wp-content\/uploads\/2017\/10\/Nepal-300x225.jpg 300w, http:\/\/caritas.diecezja.wloclawek.pl\/wp-content\/uploads\/2017\/10\/Nepal.jpg 720w\" sizes=\"(max-width: 359px) 100vw, 359px\" \/><\/a><\/p>\n","protected":false},"excerpt":{"rendered":"<p>&#46;&#46;&#46;<\/p>\n","protected":false},"author":1,"featured_media":345,"comment_status":"open","ping_status":"open","sticky":false,"template":"","format":"standard","meta":[],"categories":[2],"tags":[],"_links":{"self":[{"href":"http:\/\/caritas.diecezja.wloclawek.pl\/index.php?rest_route=\/wp\/v2\/posts\/344"}],"collection":[{"href":"http:\/\/caritas.diecezja.wloclawek.pl\/index.php?rest_route=\/wp\/v2\/posts"}],"about":[{"href":"http:\/\/caritas.diecezja.wloclawek.pl\/index.php?rest_route=\/wp\/v2\/types\/post"}],"author":[{"embeddable":true,"href":"http:\/\/caritas.diecezja.wloclawek.pl\/index.php?rest_route=\/wp\/v2\/users\/1"}],"replies":[{"embeddable":true,"href":"http:\/\/caritas.diecezja.wloclawek.pl\/index.php?rest_route=%2Fwp%2Fv2%2Fcomments&post=344"}],"version-history":[{"count":1,"href":"http:\/\/caritas.diecezja.wloclawek.pl\/index.php?rest_route=\/wp\/v2\/posts\/344\/revisions"}],"predecessor-version":[{"id":346,"href":"http:\/\/caritas.diecezja.wloclawek.pl\/index.php?rest_route=\/wp\/v2\/posts\/344\/revisions\/346"}],"wp:featuredmedia":[{"embeddable":true,"href":"http:\/\/caritas.diecezja.wloclawek.pl\/index.php?rest_route=\/wp\/v2\/media\/345"}],"wp:attachment":[{"href":"http:\/\/caritas.diecezja.wloclawek.pl\/index.php?rest_route=%2Fwp%2Fv2%2Fmedia&parent=344"}],"wp:term":[{"taxonomy":"category","embeddable":true,"href":"http:\/\/caritas.diecezja.wloclawek.pl\/index.php?rest_route=%2Fwp%2Fv2%2Fcategories&post=344"},{"taxonomy":"post_tag","embeddable":true,"href":"http:\/\/caritas.diecezja.wloclawek.pl\/index.php?rest_route=%2Fwp%2Fv2%2Ftags&post=344"}],"curies":[{"name":"wp","href":"https:\/\/api.w.org\/{rel}","templated":true}]}}