{"id":331,"date":"2015-05-25T11:19:22","date_gmt":"2015-05-25T10:19:22","guid":{"rendered":"http:\/\/caritas.diecezja.wloclawek.pl\/?p=331"},"modified":"2017-10-08T11:23:24","modified_gmt":"2017-10-08T10:23:24","slug":"tydzien-rodziny-26-maja-1-czerwca-pod-haslem-rodziny-razem","status":"publish","type":"post","link":"http:\/\/caritas.diecezja.wloclawek.pl\/?p=331","title":{"rendered":"Tydzie\u0144 Rodziny: 26 maja-1 czerwca pod has\u0142em \u201eRodziny razem\u201d"},"content":{"rendered":"<p>Tydzie\u0144 Rodziny w\u0142\u0105czony jest do obchod\u00f3w Roku Caritas i rozpoczyna si\u0119 w Dzie\u0144 Matki obchodzony w Polsce 26 maja i trwa przez kolejne dni do Dnia Dziecka.<br \/>\nObchody Tygodnia Rodziny podejmuj\u0105 pomys\u0142 ponownego zebrania do\u015bwiadcze\u0144 Caritas w dzia\u0142aniach na rzecz matek, ojc\u00f3w i dzieci. Przy okazji tych dni proponuje si\u0119 po\u0142\u0105czenie w jedn\u0105 ide\u0119 r\u00f3\u017cnorodne dzia\u0142ania grup charytatywnych i plac\u00f3wek Caritas na rzecz rodzin oraz os\u00f3b potrzebuj\u0105cych m.in. piknik\u00f3w rodzinnych i festyn\u00f3w.<\/p>\n<p>Przez ca\u0142y tydzie\u0144 poszczeg\u00f3lne parafie, grupy charytatywne i indywidualne osoby mog\u0105 rozwa\u017ca\u0107 zaproponowany program duchowy, kt\u00f3ry przygotowa\u0142a Caritas Polska.<\/p>\n<p>Celem Tygodnia Rodziny jest przede wszystkim formacja \u2013 budzenie wra\u017cliwo\u015bci na potrzeby dzieci, kt\u00f3re w rodzinie powinny znale\u017a\u0107 miejsce szcz\u0119\u015bliwego dzieci\u0144stwa a ponadto aby rodzina mog\u0142a cieszy\u0107 si\u0119 koniecznym wsparciem do wype\u0142nienia swoich zada\u0144. Obchody s\u0105 okazj\u0105 do g\u0142\u0119bszej refleksji na temat codziennej troski o rodziny oraz s\u0142u\u017c\u0105 tak\u017ce prezentacji pracy, jak\u0105 Caritas wykonuje dla rodzin, s\u0105 r\u00f3wnocze\u015bnie zach\u0119t\u0105 do aktywnego w\u0142\u0105czania si\u0119 w dzie\u0142a konkretne dzie\u0142a mi\u0142osierdzia.<\/p>\n<p>Dr Ma\u0142gorzata Zielonka w rozwa\u017caniach przygotowanych na Tydzie\u0144 Rodziny przypomina g\u0142os ojca \u015awi\u0119tego: \u201eW 2013 roku papie\u017c Franciszek przemawiaj\u0105c do Papieskiej Rady ds. Rodziny podkre\u015bli\u0142, \u017ce rodzina jest \u201ewsp\u00f3lnot\u0105 \u017cycia\u201d i \u201ekomuni\u0105 os\u00f3b\u201d, kt\u00f3ra ma swoj\u0105 warto\u015b\u0107 autonomiczn\u0105. Rodzina jest naturalnym centrum \u017cycia, to w niej uczymy si\u0119 kocha\u0107. Sk\u0142ada si\u0119 ona z \u201eos\u00f3b, kt\u00f3re kochaj\u0105, dialoguj\u0105, po\u015bwi\u0119caj\u0105 si\u0119 dla innych i broni\u0105 \u017cycia, szczeg\u00f3lnie najbardziej kruchego i s\u0142abego\u201d. Rodzina jest motorem \u015bwiata i historii. Jak zaznaczy\u0142 Franciszek, w rodzinie ka\u017cdy z nas buduje swoj\u0105 osobowo\u015b\u0107, wzrastaj\u0105c z mam\u0105 i tat\u0105, z rodze\u0144stwem, oddychaj\u0105c domowym ciep\u0142em. \u201eRodzina jest miejscem, gdzie otrzymujemy imi\u0119, jest miejscem uczu\u0107, przestrzeni\u0105 za\u017cy\u0142o\u015bci, gdzie cz\u0142owiek uczy si\u0119 sztuki dialogu i komunikacji mi\u0119dzyosobowej\u201d.<\/p>\n<p>Tak\u017ce 31 maja ulicami polskich miast przejd\u0105 Marsze dla \u017bycia i Rodziny. Inicjatyw\u0119 wspar\u0142y znane osobisto\u015bci \u017cycia publicznego: prezenter pogody Tomasz Zubilewicz, aktorzy Ewa Zi\u0119tek i Marcin Kwa\u015bny oraz aktorskie ma\u0142\u017ce\u0144stwo Ma\u0142gorzata Buczkowska \u2013 Szlenkier i Ksawery Szlenkier z dzie\u0107mi.<\/p>\n<p>Marsze dla \u017bycia i Rodziny s\u0105 manifestacj\u0105 przywi\u0105zania do warto\u015bci rodzinnych i szacunku dla \u017cycia ludzkiego. Wydarzenie wyr\u00f3\u017cnia pogodny charakter, poniewa\u017c Marsze to przede wszystkim \u015bwi\u0119to rodzin, stanowi\u0105ce okazj\u0119 do tego, by publicznie manifestowa\u0107 rado\u015b\u0107 z posiadania rodziny.<\/p>\n<p>Za\u0142\u0105czamy tabel\u0119 Marsze dla \u017cycia i rodziny_2015, na kt\u00f3rej znajduje si\u0119 wykaz marsz\u00f3w wraz z datami i lokalizacjami Natomiast szczeg\u00f3\u0142owe informacje dotycz\u0105ce Marsz\u00f3w w poszczeg\u00f3lnych miastach mo\u017cna znale\u017a\u0107 na stronie www.marsz.org.<\/p>\n<p>Tekst i foto: Caritas Polska<\/p>\n<p>&nbsp;<\/p>\n<p><a href=\"http:\/\/caritas.diecezja.wloclawek.pl\/wp-content\/uploads\/2017\/05\/Tydzie\u0144-Rodziny_plakat.jpg\"><img loading=\"lazy\" class=\"aligncenter size-medium wp-image-333\" src=\"http:\/\/caritas.diecezja.wloclawek.pl\/wp-content\/uploads\/2017\/05\/Tydzie\u0144-Rodziny_plakat-212x300.jpg\" alt=\"\" width=\"212\" height=\"300\" srcset=\"http:\/\/caritas.diecezja.wloclawek.pl\/wp-content\/uploads\/2017\/05\/Tydzie\u0144-Rodziny_plakat-212x300.jpg 212w, http:\/\/caritas.diecezja.wloclawek.pl\/wp-content\/uploads\/2017\/05\/Tydzie\u0144-Rodziny_plakat-768x1084.jpg 768w, http:\/\/caritas.diecezja.wloclawek.pl\/wp-content\/uploads\/2017\/05\/Tydzie\u0144-Rodziny_plakat-725x1024.jpg 725w, http:\/\/caritas.diecezja.wloclawek.pl\/wp-content\/uploads\/2017\/05\/Tydzie\u0144-Rodziny_plakat.jpg 1000w\" sizes=\"(max-width: 212px) 100vw, 212px\" \/><\/a><\/p>\n","protected":false},"excerpt":{"rendered":"<p>&#46;&#46;&#46;<\/p>\n","protected":false},"author":1,"featured_media":333,"comment_status":"open","ping_status":"open","sticky":false,"template":"","format":"standard","meta":[],"categories":[2],"tags":[],"_links":{"self":[{"href":"http:\/\/caritas.diecezja.wloclawek.pl\/index.php?rest_route=\/wp\/v2\/posts\/331"}],"collection":[{"href":"http:\/\/caritas.diecezja.wloclawek.pl\/index.php?rest_route=\/wp\/v2\/posts"}],"about":[{"href":"http:\/\/caritas.diecezja.wloclawek.pl\/index.php?rest_route=\/wp\/v2\/types\/post"}],"author":[{"embeddable":true,"href":"http:\/\/caritas.diecezja.wloclawek.pl\/index.php?rest_route=\/wp\/v2\/users\/1"}],"replies":[{"embeddable":true,"href":"http:\/\/caritas.diecezja.wloclawek.pl\/index.php?rest_route=%2Fwp%2Fv2%2Fcomments&post=331"}],"version-history":[{"count":2,"href":"http:\/\/caritas.diecezja.wloclawek.pl\/index.php?rest_route=\/wp\/v2\/posts\/331\/revisions"}],"predecessor-version":[{"id":334,"href":"http:\/\/caritas.diecezja.wloclawek.pl\/index.php?rest_route=\/wp\/v2\/posts\/331\/revisions\/334"}],"wp:featuredmedia":[{"embeddable":true,"href":"http:\/\/caritas.diecezja.wloclawek.pl\/index.php?rest_route=\/wp\/v2\/media\/333"}],"wp:attachment":[{"href":"http:\/\/caritas.diecezja.wloclawek.pl\/index.php?rest_route=%2Fwp%2Fv2%2Fmedia&parent=331"}],"wp:term":[{"taxonomy":"category","embeddable":true,"href":"http:\/\/caritas.diecezja.wloclawek.pl\/index.php?rest_route=%2Fwp%2Fv2%2Fcategories&post=331"},{"taxonomy":"post_tag","embeddable":true,"href":"http:\/\/caritas.diecezja.wloclawek.pl\/index.php?rest_route=%2Fwp%2Fv2%2Ftags&post=331"}],"curies":[{"name":"wp","href":"https:\/\/api.w.org\/{rel}","templated":true}]}}