{"id":328,"date":"2015-06-02T11:16:33","date_gmt":"2015-06-02T10:16:33","guid":{"rendered":"http:\/\/caritas.diecezja.wloclawek.pl\/?p=328"},"modified":"2017-10-08T11:19:11","modified_gmt":"2017-10-08T10:19:11","slug":"wystartowal-konkurs-siedmiu-wspanialych-wolontariatu-caritas","status":"publish","type":"post","link":"http:\/\/caritas.diecezja.wloclawek.pl\/?p=328","title":{"rendered":"Wystartowa\u0142 konkurs \u201eSiedmiu Wspania\u0142ych Wolontariatu Caritas\u201d"},"content":{"rendered":"<p>Caritas Polska og\u0142asza konkurs <strong>\u201eSIEDMIU WSPANIA\u0141YCH WOLONTARIATU CARITAS\u201d<\/strong>, kt\u00f3ry kierowany jest do wolontariuszy ze Szkolnych i Akademickich K\u00f3\u0142 Caritas, Parafialnych Zespo\u0142\u00f3w Caritas oraz Centr\u00f3w Wolontariatu ze wszystkich diecezji. Zadanie polega na zaprezentowaniu aktywno\u015bci wolontariackiej w ramach struktur Caritas.<\/p>\n<p>Konkurs ma charakter og\u00f3lnopolski i trwa: od 1 czerwca do 30 listopada 2015 r. Wyniki zostan\u0105 opublikowane w dniu 18 grudnia 2015.<\/p>\n<p>Zadanie konkursowe polega na zaprezentowaniu aktywno\u015bci wolontariackiej w ramach struktur Caritas. Na prac\u0119 t\u0119 sk\u0142adaj\u0105 si\u0119:<\/p>\n<p>&#8211; przygotowanie jeden raz w miesi\u0105cu sprawozdania z dzia\u0142alno\u015bci wolontariackiej,<\/p>\n<p>&#8211; prowadzenie bloga, w kt\u00f3rym wpisy na temat dzia\u0142a\u0144 nale\u017cy umieszcza\u0107 dwa razy w tygodniu.<\/p>\n<p>Konkurs potrwa pi\u0119\u0107 miesi\u0119cy, a uczestnicy winni dokumentowa\u0107 swoje dzia\u0142ania \u0142\u0105cznie przez trzy nast\u0119puj\u0105ce po sobie miesi\u0105ce.<\/p>\n<p>Na laureat\u00f3w czeka 7 tablet\u00f3w multimedialnych.<\/p>\n<p>Sprawd\u017a szczeg\u00f3\u0142y oraz regulamin konkursu na <a href=\"http:\/\/www.wolontariat.caritas.pl\">www.wolontariat.caritas.pl<\/a><\/p>\n<p>&nbsp;<\/p>\n<p><a href=\"http:\/\/caritas.diecezja.wloclawek.pl\/wp-content\/uploads\/2017\/10\/Siedmiu-wspanialych-20151.jpg\"><img loading=\"lazy\" class=\"aligncenter size-medium wp-image-329\" src=\"http:\/\/caritas.diecezja.wloclawek.pl\/wp-content\/uploads\/2017\/10\/Siedmiu-wspanialych-20151-212x300.jpg\" alt=\"\" width=\"212\" height=\"300\" srcset=\"http:\/\/caritas.diecezja.wloclawek.pl\/wp-content\/uploads\/2017\/10\/Siedmiu-wspanialych-20151-212x300.jpg 212w, http:\/\/caritas.diecezja.wloclawek.pl\/wp-content\/uploads\/2017\/10\/Siedmiu-wspanialych-20151-768x1087.jpg 768w, http:\/\/caritas.diecezja.wloclawek.pl\/wp-content\/uploads\/2017\/10\/Siedmiu-wspanialych-20151-724x1024.jpg 724w, http:\/\/caritas.diecezja.wloclawek.pl\/wp-content\/uploads\/2017\/10\/Siedmiu-wspanialych-20151.jpg 800w\" sizes=\"(max-width: 212px) 100vw, 212px\" \/><\/a><\/p>\n","protected":false},"excerpt":{"rendered":"<p>&#46;&#46;&#46;<\/p>\n","protected":false},"author":1,"featured_media":329,"comment_status":"open","ping_status":"open","sticky":false,"template":"","format":"standard","meta":[],"categories":[2],"tags":[],"_links":{"self":[{"href":"http:\/\/caritas.diecezja.wloclawek.pl\/index.php?rest_route=\/wp\/v2\/posts\/328"}],"collection":[{"href":"http:\/\/caritas.diecezja.wloclawek.pl\/index.php?rest_route=\/wp\/v2\/posts"}],"about":[{"href":"http:\/\/caritas.diecezja.wloclawek.pl\/index.php?rest_route=\/wp\/v2\/types\/post"}],"author":[{"embeddable":true,"href":"http:\/\/caritas.diecezja.wloclawek.pl\/index.php?rest_route=\/wp\/v2\/users\/1"}],"replies":[{"embeddable":true,"href":"http:\/\/caritas.diecezja.wloclawek.pl\/index.php?rest_route=%2Fwp%2Fv2%2Fcomments&post=328"}],"version-history":[{"count":1,"href":"http:\/\/caritas.diecezja.wloclawek.pl\/index.php?rest_route=\/wp\/v2\/posts\/328\/revisions"}],"predecessor-version":[{"id":330,"href":"http:\/\/caritas.diecezja.wloclawek.pl\/index.php?rest_route=\/wp\/v2\/posts\/328\/revisions\/330"}],"wp:featuredmedia":[{"embeddable":true,"href":"http:\/\/caritas.diecezja.wloclawek.pl\/index.php?rest_route=\/wp\/v2\/media\/329"}],"wp:attachment":[{"href":"http:\/\/caritas.diecezja.wloclawek.pl\/index.php?rest_route=%2Fwp%2Fv2%2Fmedia&parent=328"}],"wp:term":[{"taxonomy":"category","embeddable":true,"href":"http:\/\/caritas.diecezja.wloclawek.pl\/index.php?rest_route=%2Fwp%2Fv2%2Fcategories&post=328"},{"taxonomy":"post_tag","embeddable":true,"href":"http:\/\/caritas.diecezja.wloclawek.pl\/index.php?rest_route=%2Fwp%2Fv2%2Ftags&post=328"}],"curies":[{"name":"wp","href":"https:\/\/api.w.org\/{rel}","templated":true}]}}