{"id":322,"date":"2015-06-06T11:07:20","date_gmt":"2015-06-06T10:07:20","guid":{"rendered":"http:\/\/caritas.diecezja.wloclawek.pl\/?p=322"},"modified":"2017-10-08T11:16:20","modified_gmt":"2017-10-08T10:16:20","slug":"nagroda-im-wlodzimierza-pietrzaka-dla-caritas-polska","status":"publish","type":"post","link":"http:\/\/caritas.diecezja.wloclawek.pl\/?p=322","title":{"rendered":"Nagroda im. W\u0142odzimierza Pietrzaka dla Caritas Polska"},"content":{"rendered":"<p>Caritas Polska otrzyma\u0142a nagrod\u0119 imienia W\u0142odzimierza Pietrzaka nadawan\u0105 przez Civitas Christiana.<br \/>\nNagroda im. W\u0142odzimierza Pietrzaka nale\u017cy do najwa\u017cniejszych niepa\u0144stwowych wyr\u00f3\u017cnie\u0144 w dziedzinie polskiej kultury. Przyznawana jest nieprzerwanie od 1948 r. za wybitn\u0105 tw\u00f3rczo\u015b\u0107 naukow\u0105, artystyczn\u0105, literack\u0105 oraz za donios\u0142e osi\u0105gni\u0119cia w dzia\u0142alno\u015bci formacyjnej, kulturalnej i spo\u0142ecznej, b\u0119d\u0105ce \u015bwiadectwem uniwersalnych warto\u015bci ludzkich i chrze\u015bcija\u0144skich w \u017cyciu narodu. Jej laureatami by\u0142o wiele wybitnych postaci, m.in. Roman Brandstaetter, Pawe\u0142 Jasienica, Zofia Kossak-Szczucka, Ernest Bryll, ks. Jan Twardowski czy Centrum My\u015bli Jana Paw\u0142a II.<\/p>\n<p>Ceremonia wr\u0119czenia nagrody mia\u0142a miejsce 5 czerwca na Zamku Kr\u00f3lewskim w Warszawie. Patronem nagrody jest od pocz\u0105tku W\u0142odzimierz Pietrzak (1913-1944) \u2013 prawnik, pisarz i krytyk literacki, teoretyk kultury oraz publicysta, ale tak\u017ce dzia\u0142acz spo\u0142eczny. Zgin\u0105\u0142 podczas walk Powstania Warszawskiego w sierpniu 1944 r.<\/p>\n<p>To nagroda przede wszystkim dla ca\u0142ego \u015brodowiska Caritas w Polsce, dla Caritas diecezjalnych, ich dyrektor\u00f3w, pracownik\u00f3w, wolontariuszy i wszystkich bezimiennych ludzi ka\u017cdego dnia nios\u0105cych pomoc potrzebuj\u0105cym \u2013 powiedzia\u0142 po otrzymaniu nagrody dyrektor Caritas Polska ksi\u0105dz Marian Subocz.<\/p>\n<p>Zapraszamy do obejrzenia relacji z uroczysto\u015bci przygotowanej przez Telewizj\u0119 TRWAM<\/p>\n<p><iframe loading=\"lazy\" width=\"500\" height=\"281\" src=\"https:\/\/www.youtube.com\/embed\/ShMONYAJa94?feature=oembed&#038;wmode=opaque\" frameborder=\"0\" allowfullscreen><\/iframe><\/p>\n<p>&nbsp;<\/p>\n","protected":false},"excerpt":{"rendered":"<p>&#46;&#46;&#46;<\/p>\n","protected":false},"author":1,"featured_media":327,"comment_status":"open","ping_status":"open","sticky":false,"template":"","format":"standard","meta":[],"categories":[2],"tags":[],"_links":{"self":[{"href":"http:\/\/caritas.diecezja.wloclawek.pl\/index.php?rest_route=\/wp\/v2\/posts\/322"}],"collection":[{"href":"http:\/\/caritas.diecezja.wloclawek.pl\/index.php?rest_route=\/wp\/v2\/posts"}],"about":[{"href":"http:\/\/caritas.diecezja.wloclawek.pl\/index.php?rest_route=\/wp\/v2\/types\/post"}],"author":[{"embeddable":true,"href":"http:\/\/caritas.diecezja.wloclawek.pl\/index.php?rest_route=\/wp\/v2\/users\/1"}],"replies":[{"embeddable":true,"href":"http:\/\/caritas.diecezja.wloclawek.pl\/index.php?rest_route=%2Fwp%2Fv2%2Fcomments&post=322"}],"version-history":[{"count":4,"href":"http:\/\/caritas.diecezja.wloclawek.pl\/index.php?rest_route=\/wp\/v2\/posts\/322\/revisions"}],"predecessor-version":[{"id":326,"href":"http:\/\/caritas.diecezja.wloclawek.pl\/index.php?rest_route=\/wp\/v2\/posts\/322\/revisions\/326"}],"wp:featuredmedia":[{"embeddable":true,"href":"http:\/\/caritas.diecezja.wloclawek.pl\/index.php?rest_route=\/wp\/v2\/media\/327"}],"wp:attachment":[{"href":"http:\/\/caritas.diecezja.wloclawek.pl\/index.php?rest_route=%2Fwp%2Fv2%2Fmedia&parent=322"}],"wp:term":[{"taxonomy":"category","embeddable":true,"href":"http:\/\/caritas.diecezja.wloclawek.pl\/index.php?rest_route=%2Fwp%2Fv2%2Fcategories&post=322"},{"taxonomy":"post_tag","embeddable":true,"href":"http:\/\/caritas.diecezja.wloclawek.pl\/index.php?rest_route=%2Fwp%2Fv2%2Ftags&post=322"}],"curies":[{"name":"wp","href":"https:\/\/api.w.org\/{rel}","templated":true}]}}