{"id":315,"date":"2015-08-31T22:48:58","date_gmt":"2015-08-31T21:48:58","guid":{"rendered":"http:\/\/caritas.diecezja.wloclawek.pl\/?p=315"},"modified":"2017-10-08T11:07:08","modified_gmt":"2017-10-08T10:07:08","slug":"tornister-pelen-usmiechow-w-parafii-wieniec","status":"publish","type":"post","link":"http:\/\/caritas.diecezja.wloclawek.pl\/?p=315","title":{"rendered":"Tornister pe\u0142en u\u015bmiech\u00f3w w parafii Wieniec"},"content":{"rendered":"<p>Z inicjatywy p. Jolanty Wilczy\u0144skiej \u2013 opiekunki Szkolnego Ko\u0142a Caritas w Gimnazjum w Wie\u0144cu, ju\u017c po raz drugi Parafia pw. Przemienienia Pa\u0144skiego w Wie\u0144cu w\u0142\u0105czy\u0142a si\u0119 do akcji Caritas \u201eTornister pe\u0142en u\u015bmiech\u00f3w\u201d. Jeszcze w czerwcu, przed zako\u0144czeniem roku szkolnego wsp\u00f3lnie z ksi\u0119dzem proboszczem i paniami katechetkami stworzono list\u0119 25 dzieci z rodzin potrzebuj\u0105cych pomocy z terenu parafii, ucz\u0119szczaj\u0105cych do szk\u00f3\u0142 podstawowym i gimnazj\u00f3w.<\/p>\n<p>Zam\u00f3wione i otrzymane od Caritas diecezjalnej plecaki zosta\u0142y opatrzone informacj\u0105 o wieku i p\u0142ci dziecka, dla kt\u00f3rego ma by\u0107 przygotowana wyprawka i wy\u0142o\u017cone w zakrystii, sk\u0105d mog\u0142y je pobra\u0107 osoby indywidualne i rodziny. Ostatecznie 13 z 25 plecak\u00f3w zosta\u0142o nape\u0142nionych wyprawk\u0105 szkoln\u0105 w ten spos\u00f3b \u2013 bardzo cz\u0119sto mia\u0142y w tym udzia\u0142 dzieci, kt\u00f3re wraz z rodzicami przygotowywa\u0142y przybory szkolne dla swojego r\u00f3wie\u015bnika. Pozosta\u0142ych 12 plecak\u00f3w zosta\u0142o wype\u0142nionych przyborami szkolnym i elementami wyprawki szkolnej, kt\u00f3re mo\u017cna by\u0142o sk\u0142ada\u0107 do specjalnie wystawionego kosza w kruchcie ko\u015bcio\u0142a lub dostarczy\u0107 na plebani\u0119.<\/p>\n<p>Ponadto na ten cel przeprowadzono specjaln\u0105 zbi\u00f3rk\u0119 do puszek w ko\u015bciele w niedziel\u0119 23 sierpnia, podczas kt\u00f3rej uda\u0142o si\u0119 zebra\u0107 337,40 z\u0142. Na zakup brakuj\u0105cych element\u00f3w wyprawki do pozosta\u0142ych plecak\u00f3w wydano 599,30 z\u0142 pochodz\u0105cych ze zbi\u00f3rki i funduszy parafialnych przeznaczonych na dzia\u0142alno\u015b\u0107 charytatywn\u0105. Przed rozpocz\u0119ciem roku szkolnego wszystkie plecaki zosta\u0142y dostarczone do oczekuj\u0105cych na nie rodzin i dzieci.<\/p>\n<p>&nbsp;<\/p>\n<p><a href=\"http:\/\/caritas.diecezja.wloclawek.pl\/wp-content\/uploads\/2015\/08\/Tornister-pelen-usmiechow-biale-tlo.jpg\"><img loading=\"lazy\" class=\"aligncenter size-medium wp-image-320\" src=\"http:\/\/caritas.diecezja.wloclawek.pl\/wp-content\/uploads\/2015\/08\/Tornister-pelen-usmiechow-biale-tlo-300x125.jpg\" alt=\"\" width=\"300\" height=\"125\" srcset=\"http:\/\/caritas.diecezja.wloclawek.pl\/wp-content\/uploads\/2015\/08\/Tornister-pelen-usmiechow-biale-tlo-300x125.jpg 300w, http:\/\/caritas.diecezja.wloclawek.pl\/wp-content\/uploads\/2015\/08\/Tornister-pelen-usmiechow-biale-tlo-768x321.jpg 768w, http:\/\/caritas.diecezja.wloclawek.pl\/wp-content\/uploads\/2015\/08\/Tornister-pelen-usmiechow-biale-tlo.jpg 897w\" sizes=\"(max-width: 300px) 100vw, 300px\" \/><\/a><\/p>\n","protected":false},"excerpt":{"rendered":"<p>&#46;&#46;&#46;<\/p>\n","protected":false},"author":1,"featured_media":0,"comment_status":"open","ping_status":"open","sticky":false,"template":"","format":"standard","meta":[],"categories":[2],"tags":[],"_links":{"self":[{"href":"http:\/\/caritas.diecezja.wloclawek.pl\/index.php?rest_route=\/wp\/v2\/posts\/315"}],"collection":[{"href":"http:\/\/caritas.diecezja.wloclawek.pl\/index.php?rest_route=\/wp\/v2\/posts"}],"about":[{"href":"http:\/\/caritas.diecezja.wloclawek.pl\/index.php?rest_route=\/wp\/v2\/types\/post"}],"author":[{"embeddable":true,"href":"http:\/\/caritas.diecezja.wloclawek.pl\/index.php?rest_route=\/wp\/v2\/users\/1"}],"replies":[{"embeddable":true,"href":"http:\/\/caritas.diecezja.wloclawek.pl\/index.php?rest_route=%2Fwp%2Fv2%2Fcomments&post=315"}],"version-history":[{"count":2,"href":"http:\/\/caritas.diecezja.wloclawek.pl\/index.php?rest_route=\/wp\/v2\/posts\/315\/revisions"}],"predecessor-version":[{"id":321,"href":"http:\/\/caritas.diecezja.wloclawek.pl\/index.php?rest_route=\/wp\/v2\/posts\/315\/revisions\/321"}],"wp:attachment":[{"href":"http:\/\/caritas.diecezja.wloclawek.pl\/index.php?rest_route=%2Fwp%2Fv2%2Fmedia&parent=315"}],"wp:term":[{"taxonomy":"category","embeddable":true,"href":"http:\/\/caritas.diecezja.wloclawek.pl\/index.php?rest_route=%2Fwp%2Fv2%2Fcategories&post=315"},{"taxonomy":"post_tag","embeddable":true,"href":"http:\/\/caritas.diecezja.wloclawek.pl\/index.php?rest_route=%2Fwp%2Fv2%2Ftags&post=315"}],"curies":[{"name":"wp","href":"https:\/\/api.w.org\/{rel}","templated":true}]}}