{"id":312,"date":"2015-09-01T22:45:32","date_gmt":"2015-09-01T21:45:32","guid":{"rendered":"http:\/\/caritas.diecezja.wloclawek.pl\/?p=312"},"modified":"2017-10-07T22:48:26","modified_gmt":"2017-10-07T21:48:26","slug":"iii-akcja-tornister-pelen-usmiechow-dozywianie-dzieci-w-szkolach-w-zdunskiej-woli","status":"publish","type":"post","link":"http:\/\/caritas.diecezja.wloclawek.pl\/?p=312","title":{"rendered":"III akcja \u201eTornister pe\u0142en u\u015bmiech\u00f3w\u201d Do\u017cywianie dzieci w szko\u0142ach w Zdu\u0144skiej Woli"},"content":{"rendered":"<p><a href=\"http:\/\/caritas.diecezja.wloclawek.pl\/wp-content\/uploads\/2017\/10\/Caritas-285x300.jpg\"><img loading=\"lazy\" class=\"alignleft wp-image-313 size-thumbnail\" src=\"http:\/\/caritas.diecezja.wloclawek.pl\/wp-content\/uploads\/2017\/10\/Caritas-285x300-150x150.jpg\" alt=\"\" width=\"150\" height=\"150\" srcset=\"http:\/\/caritas.diecezja.wloclawek.pl\/wp-content\/uploads\/2017\/10\/Caritas-285x300-150x150.jpg 150w, http:\/\/caritas.diecezja.wloclawek.pl\/wp-content\/uploads\/2017\/10\/Caritas-285x300-160x160.jpg 160w, http:\/\/caritas.diecezja.wloclawek.pl\/wp-content\/uploads\/2017\/10\/Caritas-285x300-320x320.jpg 320w\" sizes=\"(max-width: 150px) 100vw, 150px\" \/><\/a><\/p>\n<p>&nbsp;<\/p>\n<p>Parafialny Zesp\u00f3\u0142 Caritas dzia\u0142aj\u0105cy przy Parafii \u015bw. Paw\u0142a Aposto\u0142a w Zdu\u0144skiej Woli w ramach akcji \u201eTornister pe\u0142en u\u015bmiechu\u201d przygotowa\u0142o wyprawki dla 49 dzieci z rodzin obj\u0119tych pomoc\u0105. Pomoc wynios\u0142a 3 200 z\u0142otych. Caritas Diecezji W\u0142oc\u0142awskiej przekaza\u0142a 35 plecak\u00f3w oraz z\u0142o\u017cono ofiary na ten cel w wysoko\u015bci 2 500 z\u0142. Plecaki z przyborami zosta\u0142y po\u015bwi\u0119cone 30 sierpnia w niedziel\u0119 i rozdane dzieciom.<\/p>\n<p>Od wrze\u015bnia Parafialny Zesp\u00f3\u0142 Caritas funduje w szko\u0142ach posi\u0142ki dla 14 uczni\u00f3w oraz 1 pobyt dziecka w bursie szkolnej. Fundusze na ten cel zostaj\u0105 pozyskiwane z ofiar sk\u0142adanych na ten cel do skarbonek Caritasu oraz ze zbi\u00f3rki makulatury. W roku 2015 podczas 4 zbi\u00f3rek pozyskali\u015bmy 16 ton makulatury. Akcja b\u0119dzie kontynuowana jeszcze w miesi\u0105cu wrze\u015bniu i listopadzie.<\/p>\n<p>ks. Andrzej Jaworski<\/p>\n","protected":false},"excerpt":{"rendered":"<p>&#46;&#46;&#46;<\/p>\n","protected":false},"author":1,"featured_media":313,"comment_status":"open","ping_status":"open","sticky":false,"template":"","format":"standard","meta":[],"categories":[2],"tags":[],"_links":{"self":[{"href":"http:\/\/caritas.diecezja.wloclawek.pl\/index.php?rest_route=\/wp\/v2\/posts\/312"}],"collection":[{"href":"http:\/\/caritas.diecezja.wloclawek.pl\/index.php?rest_route=\/wp\/v2\/posts"}],"about":[{"href":"http:\/\/caritas.diecezja.wloclawek.pl\/index.php?rest_route=\/wp\/v2\/types\/post"}],"author":[{"embeddable":true,"href":"http:\/\/caritas.diecezja.wloclawek.pl\/index.php?rest_route=\/wp\/v2\/users\/1"}],"replies":[{"embeddable":true,"href":"http:\/\/caritas.diecezja.wloclawek.pl\/index.php?rest_route=%2Fwp%2Fv2%2Fcomments&post=312"}],"version-history":[{"count":1,"href":"http:\/\/caritas.diecezja.wloclawek.pl\/index.php?rest_route=\/wp\/v2\/posts\/312\/revisions"}],"predecessor-version":[{"id":314,"href":"http:\/\/caritas.diecezja.wloclawek.pl\/index.php?rest_route=\/wp\/v2\/posts\/312\/revisions\/314"}],"wp:featuredmedia":[{"embeddable":true,"href":"http:\/\/caritas.diecezja.wloclawek.pl\/index.php?rest_route=\/wp\/v2\/media\/313"}],"wp:attachment":[{"href":"http:\/\/caritas.diecezja.wloclawek.pl\/index.php?rest_route=%2Fwp%2Fv2%2Fmedia&parent=312"}],"wp:term":[{"taxonomy":"category","embeddable":true,"href":"http:\/\/caritas.diecezja.wloclawek.pl\/index.php?rest_route=%2Fwp%2Fv2%2Fcategories&post=312"},{"taxonomy":"post_tag","embeddable":true,"href":"http:\/\/caritas.diecezja.wloclawek.pl\/index.php?rest_route=%2Fwp%2Fv2%2Ftags&post=312"}],"curies":[{"name":"wp","href":"https:\/\/api.w.org\/{rel}","templated":true}]}}