{"id":3107,"date":"2021-07-01T13:56:53","date_gmt":"2021-07-01T12:56:53","guid":{"rendered":"http:\/\/caritas.diecezja.wloclawek.pl\/?p=3107"},"modified":"2021-07-01T13:56:53","modified_gmt":"2021-07-01T12:56:53","slug":"wizyta-ksiedza-biskupa-krzysztofa-w-naszych-placowkach","status":"publish","type":"post","link":"http:\/\/caritas.diecezja.wloclawek.pl\/?p=3107","title":{"rendered":"Wizyta Ksi\u0119dza Biskupa Krzysztofa w naszych plac\u00f3wkach"},"content":{"rendered":"<p>Dzi\u015b &#8211; 1 lipca &#8211; mieli\u015bmy zaszczyt go\u015bci\u0107 w naszych plac\u00f3wkach Ksi\u0119dza Biskupa Ordynariusza Krzysztofa W\u0119tkowskiego, kt\u00f3remu towarzyszyli Dyrektor Caritas Diecezji W\u0142oc\u0142awskiej Ksi\u0105dz Jacek K\u0119dzierski, ksi\u0105dz pra\u0142at ekonom diecezjalny Les\u0142aw Witczak, ksi\u0105dz Mateusz Szurgot oraz kierownicy plac\u00f3wek.<\/p>\n<p>Podczas spotka\u0144 w Schronisku Caritas dla bezdomnych kobiet i m\u0119\u017cczyzn przy ul. Karnkowskiego 7, Schronisku Caritas z Us\u0142ugami Opieku\u0144czymi przy ul. P\u0142ockiej 2, Domu Dziecka Caritas\u00a0 przy ul. Le\u015bnej 2, \u015awietlicy \u015arodowiskowej Caritas przy ul. Gda\u0144skiej 6, jak r\u00f3wnie\u017c jad\u0142odajni przy ul. Gda\u0144skiej 6 i magazynie na ul. P\u0142ockiej 2, Ks. Bp. Krzysztof mia\u0142 okazj\u0119 zapozna\u0107 si\u0119 z charakterem plac\u00f3wek i potrzebami ka\u017cdego domu. By\u0142a to r\u00f3wnie\u017c sposobno\u015b\u0107 do poznania si\u0119 z pracownikami Caritas Diecezji W\u0142oc\u0142awskiej oraz podopiecznymi dom\u00f3w Caritas.<\/p>\n<p>W trakcie radosnych spotka\u0144 z Ksi\u0119dzem Biskupem mieszka\u0144cy schronisk, jak i dzieci z plac\u00f3wek opieku\u0144czych mog\u0142y podzieli\u0107 si\u0119 swoimi codziennymi troskami oraz rado\u015bciami. Podczas rozm\u00f3w spotkali si\u0119 z wielkim zrozumieniem i szacunkiem.<\/p>\n<p>Serdecznie dzi\u0119kujemy za mile sp\u0119dzony czas, jednocze\u015bnie maj\u0105c nadziej\u0119 na kolejne mi\u0142e spotkania z Ksi\u0119dzem Biskupem Krzysztofem.<\/p>\n<p>&nbsp;<\/p>\n\n\t\t<style type=\"text\/css\">\n\t\t\t#gallery-1 {\n\t\t\t\tmargin: auto;\n\t\t\t}\n\t\t\t#gallery-1 .gallery-item {\n\t\t\t\tfloat: left;\n\t\t\t\tmargin-top: 10px;\n\t\t\t\ttext-align: center;\n\t\t\t\twidth: 33%;\n\t\t\t}\n\t\t\t#gallery-1 img {\n\t\t\t\tborder: 2px solid #cfcfcf;\n\t\t\t}\n\t\t\t#gallery-1 .gallery-caption {\n\t\t\t\tmargin-left: 0;\n\t\t\t}\n\t\t\t\/* see gallery_shortcode() in wp-includes\/media.php *\/\n\t\t<\/style>\n\t\t<div id='gallery-1' class='gallery galleryid-3107 gallery-columns-3 gallery-size-thumbnail'><dl class='gallery-item'>\n\t\t\t<dt class='gallery-icon landscape'>\n\t\t\t\t<a href='http:\/\/caritas.diecezja.wloclawek.pl\/?attachment_id=3109'><img width=\"150\" height=\"150\" src=\"http:\/\/caritas.diecezja.wloclawek.pl\/wp-content\/uploads\/2021\/07\/1-1-150x150.jpg\" class=\"attachment-thumbnail size-thumbnail\" alt=\"\" loading=\"lazy\" srcset=\"http:\/\/caritas.diecezja.wloclawek.pl\/wp-content\/uploads\/2021\/07\/1-1-150x150.jpg 150w, http:\/\/caritas.diecezja.wloclawek.pl\/wp-content\/uploads\/2021\/07\/1-1-80x80.jpg 80w, http:\/\/caritas.diecezja.wloclawek.pl\/wp-content\/uploads\/2021\/07\/1-1-320x320.jpg 320w\" sizes=\"(max-width: 150px) 100vw, 150px\" \/><\/a>\n\t\t\t<\/dt><\/dl><dl class='gallery-item'>\n\t\t\t<dt class='gallery-icon landscape'>\n\t\t\t\t<a href='http:\/\/caritas.diecezja.wloclawek.pl\/?attachment_id=3110'><img width=\"150\" height=\"150\" src=\"http:\/\/caritas.diecezja.wloclawek.pl\/wp-content\/uploads\/2021\/07\/2-150x150.jpg\" class=\"attachment-thumbnail size-thumbnail\" alt=\"\" loading=\"lazy\" srcset=\"http:\/\/caritas.diecezja.wloclawek.pl\/wp-content\/uploads\/2021\/07\/2-150x150.jpg 150w, http:\/\/caritas.diecezja.wloclawek.pl\/wp-content\/uploads\/2021\/07\/2-80x80.jpg 80w, http:\/\/caritas.diecezja.wloclawek.pl\/wp-content\/uploads\/2021\/07\/2-320x320.jpg 320w\" sizes=\"(max-width: 150px) 100vw, 150px\" \/><\/a>\n\t\t\t<\/dt><\/dl><dl class='gallery-item'>\n\t\t\t<dt class='gallery-icon landscape'>\n\t\t\t\t<a href='http:\/\/caritas.diecezja.wloclawek.pl\/?attachment_id=3111'><img width=\"150\" height=\"150\" src=\"http:\/\/caritas.diecezja.wloclawek.pl\/wp-content\/uploads\/2021\/07\/3-150x150.jpg\" class=\"attachment-thumbnail size-thumbnail\" alt=\"\" loading=\"lazy\" srcset=\"http:\/\/caritas.diecezja.wloclawek.pl\/wp-content\/uploads\/2021\/07\/3-150x150.jpg 150w, http:\/\/caritas.diecezja.wloclawek.pl\/wp-content\/uploads\/2021\/07\/3-80x80.jpg 80w, http:\/\/caritas.diecezja.wloclawek.pl\/wp-content\/uploads\/2021\/07\/3-320x320.jpg 320w\" sizes=\"(max-width: 150px) 100vw, 150px\" \/><\/a>\n\t\t\t<\/dt><\/dl><br style=\"clear: both\" \/><dl class='gallery-item'>\n\t\t\t<dt class='gallery-icon landscape'>\n\t\t\t\t<a href='http:\/\/caritas.diecezja.wloclawek.pl\/?attachment_id=3112'><img width=\"150\" height=\"150\" src=\"http:\/\/caritas.diecezja.wloclawek.pl\/wp-content\/uploads\/2021\/07\/4-150x150.jpg\" class=\"attachment-thumbnail size-thumbnail\" alt=\"\" loading=\"lazy\" srcset=\"http:\/\/caritas.diecezja.wloclawek.pl\/wp-content\/uploads\/2021\/07\/4-150x150.jpg 150w, http:\/\/caritas.diecezja.wloclawek.pl\/wp-content\/uploads\/2021\/07\/4-80x80.jpg 80w, http:\/\/caritas.diecezja.wloclawek.pl\/wp-content\/uploads\/2021\/07\/4-320x320.jpg 320w\" sizes=\"(max-width: 150px) 100vw, 150px\" \/><\/a>\n\t\t\t<\/dt><\/dl><dl class='gallery-item'>\n\t\t\t<dt class='gallery-icon landscape'>\n\t\t\t\t<a href='http:\/\/caritas.diecezja.wloclawek.pl\/?attachment_id=3113'><img width=\"150\" height=\"150\" src=\"http:\/\/caritas.diecezja.wloclawek.pl\/wp-content\/uploads\/2021\/07\/5-150x150.jpg\" class=\"attachment-thumbnail size-thumbnail\" alt=\"\" loading=\"lazy\" srcset=\"http:\/\/caritas.diecezja.wloclawek.pl\/wp-content\/uploads\/2021\/07\/5-150x150.jpg 150w, http:\/\/caritas.diecezja.wloclawek.pl\/wp-content\/uploads\/2021\/07\/5-80x80.jpg 80w, http:\/\/caritas.diecezja.wloclawek.pl\/wp-content\/uploads\/2021\/07\/5-320x320.jpg 320w\" sizes=\"(max-width: 150px) 100vw, 150px\" \/><\/a>\n\t\t\t<\/dt><\/dl><dl class='gallery-item'>\n\t\t\t<dt class='gallery-icon landscape'>\n\t\t\t\t<a href='http:\/\/caritas.diecezja.wloclawek.pl\/?attachment_id=3114'><img width=\"150\" height=\"150\" src=\"http:\/\/caritas.diecezja.wloclawek.pl\/wp-content\/uploads\/2021\/07\/6-150x150.jpg\" class=\"attachment-thumbnail size-thumbnail\" alt=\"\" loading=\"lazy\" srcset=\"http:\/\/caritas.diecezja.wloclawek.pl\/wp-content\/uploads\/2021\/07\/6-150x150.jpg 150w, http:\/\/caritas.diecezja.wloclawek.pl\/wp-content\/uploads\/2021\/07\/6-80x80.jpg 80w, http:\/\/caritas.diecezja.wloclawek.pl\/wp-content\/uploads\/2021\/07\/6-320x320.jpg 320w\" sizes=\"(max-width: 150px) 100vw, 150px\" \/><\/a>\n\t\t\t<\/dt><\/dl><br style=\"clear: both\" \/><dl class='gallery-item'>\n\t\t\t<dt class='gallery-icon landscape'>\n\t\t\t\t<a href='http:\/\/caritas.diecezja.wloclawek.pl\/?attachment_id=3115'><img width=\"150\" height=\"150\" src=\"http:\/\/caritas.diecezja.wloclawek.pl\/wp-content\/uploads\/2021\/07\/7-150x150.jpg\" class=\"attachment-thumbnail size-thumbnail\" alt=\"\" loading=\"lazy\" srcset=\"http:\/\/caritas.diecezja.wloclawek.pl\/wp-content\/uploads\/2021\/07\/7-150x150.jpg 150w, http:\/\/caritas.diecezja.wloclawek.pl\/wp-content\/uploads\/2021\/07\/7-80x80.jpg 80w, http:\/\/caritas.diecezja.wloclawek.pl\/wp-content\/uploads\/2021\/07\/7-320x320.jpg 320w\" sizes=\"(max-width: 150px) 100vw, 150px\" \/><\/a>\n\t\t\t<\/dt><\/dl><dl class='gallery-item'>\n\t\t\t<dt class='gallery-icon landscape'>\n\t\t\t\t<a href='http:\/\/caritas.diecezja.wloclawek.pl\/?attachment_id=3116'><img width=\"150\" height=\"150\" src=\"http:\/\/caritas.diecezja.wloclawek.pl\/wp-content\/uploads\/2021\/07\/8-150x150.jpg\" class=\"attachment-thumbnail size-thumbnail\" alt=\"\" loading=\"lazy\" srcset=\"http:\/\/caritas.diecezja.wloclawek.pl\/wp-content\/uploads\/2021\/07\/8-150x150.jpg 150w, http:\/\/caritas.diecezja.wloclawek.pl\/wp-content\/uploads\/2021\/07\/8-80x80.jpg 80w, http:\/\/caritas.diecezja.wloclawek.pl\/wp-content\/uploads\/2021\/07\/8-320x320.jpg 320w\" sizes=\"(max-width: 150px) 100vw, 150px\" \/><\/a>\n\t\t\t<\/dt><\/dl><dl class='gallery-item'>\n\t\t\t<dt class='gallery-icon landscape'>\n\t\t\t\t<a href='http:\/\/caritas.diecezja.wloclawek.pl\/?attachment_id=3117'><img width=\"150\" height=\"150\" src=\"http:\/\/caritas.diecezja.wloclawek.pl\/wp-content\/uploads\/2021\/07\/9-150x150.jpg\" class=\"attachment-thumbnail size-thumbnail\" alt=\"\" loading=\"lazy\" srcset=\"http:\/\/caritas.diecezja.wloclawek.pl\/wp-content\/uploads\/2021\/07\/9-150x150.jpg 150w, http:\/\/caritas.diecezja.wloclawek.pl\/wp-content\/uploads\/2021\/07\/9-80x80.jpg 80w, http:\/\/caritas.diecezja.wloclawek.pl\/wp-content\/uploads\/2021\/07\/9-320x320.jpg 320w\" sizes=\"(max-width: 150px) 100vw, 150px\" \/><\/a>\n\t\t\t<\/dt><\/dl><br style=\"clear: both\" \/>\n\t\t<\/div>\n\n","protected":false},"excerpt":{"rendered":"<p>&#46;&#46;&#46;<\/p>\n","protected":false},"author":2,"featured_media":3108,"comment_status":"closed","ping_status":"closed","sticky":false,"template":"","format":"standard","meta":[],"categories":[2],"tags":[],"_links":{"self":[{"href":"http:\/\/caritas.diecezja.wloclawek.pl\/index.php?rest_route=\/wp\/v2\/posts\/3107"}],"collection":[{"href":"http:\/\/caritas.diecezja.wloclawek.pl\/index.php?rest_route=\/wp\/v2\/posts"}],"about":[{"href":"http:\/\/caritas.diecezja.wloclawek.pl\/index.php?rest_route=\/wp\/v2\/types\/post"}],"author":[{"embeddable":true,"href":"http:\/\/caritas.diecezja.wloclawek.pl\/index.php?rest_route=\/wp\/v2\/users\/2"}],"replies":[{"embeddable":true,"href":"http:\/\/caritas.diecezja.wloclawek.pl\/index.php?rest_route=%2Fwp%2Fv2%2Fcomments&post=3107"}],"version-history":[{"count":1,"href":"http:\/\/caritas.diecezja.wloclawek.pl\/index.php?rest_route=\/wp\/v2\/posts\/3107\/revisions"}],"predecessor-version":[{"id":3118,"href":"http:\/\/caritas.diecezja.wloclawek.pl\/index.php?rest_route=\/wp\/v2\/posts\/3107\/revisions\/3118"}],"wp:featuredmedia":[{"embeddable":true,"href":"http:\/\/caritas.diecezja.wloclawek.pl\/index.php?rest_route=\/wp\/v2\/media\/3108"}],"wp:attachment":[{"href":"http:\/\/caritas.diecezja.wloclawek.pl\/index.php?rest_route=%2Fwp%2Fv2%2Fmedia&parent=3107"}],"wp:term":[{"taxonomy":"category","embeddable":true,"href":"http:\/\/caritas.diecezja.wloclawek.pl\/index.php?rest_route=%2Fwp%2Fv2%2Fcategories&post=3107"},{"taxonomy":"post_tag","embeddable":true,"href":"http:\/\/caritas.diecezja.wloclawek.pl\/index.php?rest_route=%2Fwp%2Fv2%2Ftags&post=3107"}],"curies":[{"name":"wp","href":"https:\/\/api.w.org\/{rel}","templated":true}]}}