{"id":3089,"date":"2021-06-24T08:40:15","date_gmt":"2021-06-24T07:40:15","guid":{"rendered":"http:\/\/caritas.diecezja.wloclawek.pl\/?p=3089"},"modified":"2021-06-24T08:40:15","modified_gmt":"2021-06-24T07:40:15","slug":"projekt-trampolina-3","status":"publish","type":"post","link":"http:\/\/caritas.diecezja.wloclawek.pl\/?p=3089","title":{"rendered":"Projekt &#8222;Trampolina 3&#8221;"},"content":{"rendered":"<p>Od 1 lipca 2021 roku Regionalny O\u015brodek Polityki Spo\u0142ecznej w Toruniu b\u0119dzie realizowa\u0142 projekt partnerski wsp\u00f3\u0142finansowany w ramach Europejskiego Funduszu Spo\u0142ecznego pn. \u201eTrampolina 3\u201d. Przedsi\u0119wzi\u0119cie to jest dzia\u0142aniem nastawionym na praktyczne rozwi\u0105zanie z\u0142o\u017conych problem\u00f3w m\u0142odzie\u017cy obj\u0119tej s\u0105dowym \u015brodkiem wychowawczym przy wsp\u00f3\u0142udziale partnera, tj. Stowarzyszenia Wsparcia Spo\u0142ecznego \u201eAditus\u201d z W\u0142oc\u0142awka.<\/p>\n<p>&nbsp;<\/p>\n<p>Celem projektu jest wzrost aktywno\u015bci spo\u0142ecznej, edukacyjnej i zawodowej oraz zwi\u0119kszenie zdolno\u015bci funkcjonowania w spo\u0142ecze\u0144stwie m\u0142odzie\u017cy zagro\u017conej wykluczeniem spo\u0142ecznym tj. 300 os\u00f3b obj\u0119tych nadzorem kuratorskim lub \u015brodkiem wychowawczym, a tak\u017ce wzrost umiej\u0119tno\u015bci niezb\u0119dnych we wspieraniu rozwoju m\u0142odzie\u017cy u 100 os\u00f3b z otoczenia m\u0142odzie\u017cy obj\u0119tej projektem, \u00a0z terenu wojew\u00f3dztwa kujawsko-pomorskiego, w okresie od 01.07.2021 r. do 30.06.2023 r.<\/p>\n<p>&nbsp;<\/p>\n<p>Uczestnikami projektu b\u0119dzie m\u0142odzie\u017c zamieszka\u0142a lub ucz\u0105ca si\u0119 na terenie wojew\u00f3dztwa kujawsko-pomorskiego, wobec kt\u00f3rej zastosowano s\u0105dowy \u015brodek wychowawczy, np. nadz\u00f3r kuratora oraz otoczenie m\u0142odzie\u017cy tj. opiekunowie M\u0142odzie\u017cowych Centr\u00f3w oraz kuratorzy s\u0105dowi pracuj\u0105cy z m\u0142odzie\u017c\u0105 i\/lub rodzin\u0105.<\/p>\n<p>&nbsp;<\/p>\n<p>Dzi\u0119ki mo\u017cliwo\u015bci uzyskania dofinansowania ze \u015brodk\u00f3w Unii Europejskiej zaplanowano szeroki wachlarz wsparcia zar\u00f3wno indywidualnego jak i grupowego prowadz\u0105cego do aktywizacji spo\u0142eczno-zawodowej m.in. poprzez:<\/p>\n<ul>\n<li>opiek\u0119 wykwalifikowanej kadry specjalist\u00f3w, tj. wychowawc\u00f3w i specjalist\u00f3w ds. resocjalizacji;<\/li>\n<li>zaj\u0119cia profilaktyczno-wychowawcze maj\u0105ce na celu zapoznanie z alternatywnymi formami sp\u0119dzania czasu wolnego na terenie wojew\u00f3dztwa kujawsko-pomorskiego: m.in. wyj\u015bcia do kina, teatru, Planetarium, lokalnych o\u015brodk\u00f3w kultury, na paintball, survival;<\/li>\n<li>zaj\u0119cia z zasad racjonalnego od\u017cywiania si\u0119;<\/li>\n<li>organizacj\u0119 zaj\u0119\u0107 sportowych;<\/li>\n<li>organizacj\u0119 zaj\u0119\u0107 dziennikarsko-fotograficznych;<\/li>\n<li>obozy resocjalizacyjno-terapeutyczne;<\/li>\n<li>spotkania z psychologiem, socjoterapeut\u0105, doradc\u0105 zawodowym i edukatorami;<\/li>\n<li>kursy i szkolenia zawodowe;<\/li>\n<li>konferencje metodyczne dla kurator\u00f3w.<\/li>\n<\/ul>\n<p>&nbsp;<\/p>\n<p>Dzi\u0119ki wykorzystaniu infrastruktury wojew\u00f3dztwa kujawsko-pomorskiego prowadzonych b\u0119dzie 15 M\u0142odzie\u017cowych Centr\u00f3w skupiaj\u0105cych m\u0142odzie\u017c obj\u0119t\u0105 s\u0105dowym \u015brodkiem wychowawczym.<\/p>\n","protected":false},"excerpt":{"rendered":"<p>&#46;&#46;&#46;<\/p>\n","protected":false},"author":2,"featured_media":3090,"comment_status":"closed","ping_status":"closed","sticky":false,"template":"","format":"standard","meta":[],"categories":[2],"tags":[],"_links":{"self":[{"href":"http:\/\/caritas.diecezja.wloclawek.pl\/index.php?rest_route=\/wp\/v2\/posts\/3089"}],"collection":[{"href":"http:\/\/caritas.diecezja.wloclawek.pl\/index.php?rest_route=\/wp\/v2\/posts"}],"about":[{"href":"http:\/\/caritas.diecezja.wloclawek.pl\/index.php?rest_route=\/wp\/v2\/types\/post"}],"author":[{"embeddable":true,"href":"http:\/\/caritas.diecezja.wloclawek.pl\/index.php?rest_route=\/wp\/v2\/users\/2"}],"replies":[{"embeddable":true,"href":"http:\/\/caritas.diecezja.wloclawek.pl\/index.php?rest_route=%2Fwp%2Fv2%2Fcomments&post=3089"}],"version-history":[{"count":2,"href":"http:\/\/caritas.diecezja.wloclawek.pl\/index.php?rest_route=\/wp\/v2\/posts\/3089\/revisions"}],"predecessor-version":[{"id":3092,"href":"http:\/\/caritas.diecezja.wloclawek.pl\/index.php?rest_route=\/wp\/v2\/posts\/3089\/revisions\/3092"}],"wp:featuredmedia":[{"embeddable":true,"href":"http:\/\/caritas.diecezja.wloclawek.pl\/index.php?rest_route=\/wp\/v2\/media\/3090"}],"wp:attachment":[{"href":"http:\/\/caritas.diecezja.wloclawek.pl\/index.php?rest_route=%2Fwp%2Fv2%2Fmedia&parent=3089"}],"wp:term":[{"taxonomy":"category","embeddable":true,"href":"http:\/\/caritas.diecezja.wloclawek.pl\/index.php?rest_route=%2Fwp%2Fv2%2Fcategories&post=3089"},{"taxonomy":"post_tag","embeddable":true,"href":"http:\/\/caritas.diecezja.wloclawek.pl\/index.php?rest_route=%2Fwp%2Fv2%2Ftags&post=3089"}],"curies":[{"name":"wp","href":"https:\/\/api.w.org\/{rel}","templated":true}]}}