{"id":297,"date":"2015-09-08T22:30:08","date_gmt":"2015-09-08T21:30:08","guid":{"rendered":"http:\/\/caritas.diecezja.wloclawek.pl\/?p=297"},"modified":"2017-10-06T22:35:28","modified_gmt":"2017-10-06T21:35:28","slug":"pomoc-dla-ofiar-wojny-na-bliskim-wschodzie-oraz-dla-migrantow-i-uchodzcow-prowadzona-przez-caritas-polska-2012-2015","status":"publish","type":"post","link":"http:\/\/caritas.diecezja.wloclawek.pl\/?p=297","title":{"rendered":"Pomoc dla ofiar wojny na Bliskim Wschodzie oraz dla migrant\u00f3w i uchod\u017ac\u00f3w prowadzona przez Caritas Polska 2012 \u2013 2015"},"content":{"rendered":"<p>Caritas b\u0119d\u0105ca organizacj\u0105 charytatywn\u0105 dzia\u0142aj\u0105c\u0105 z ramienia Konferencji Episkopatu Polski od wielu lat prowadzi dzia\u0142ania na rzecz pomocy migrantom i uchod\u017acom zar\u00f3wno w miejscu ich przebywania poza Polsk\u0105 jak te\u017c w granicach naszego kraju. Przedstawiamy poni\u017cej informacje dotycz\u0105ce pomocy dla ofiar konflikt\u00f3w na Bliskim Wschodzie w latach 2012 \u2013 2015 oraz pomocy dla migrant\u00f3w i uchod\u017ac\u00f3w w Polsce za rok 2014.<\/p>\n<p><strong>Pomoc Caritas Polska realizowana dla ofiar konflikt\u00f3w na Bliskim Wschodzie w latach 2012-2015 oraz pomoc udzielana migrantom i uchod\u017acom przez Caritas w Polsce.<\/strong><\/p>\n<p><strong>Ofiary konfliktu syryjskiego i irackiego<\/strong><\/p>\n<p><strong>Liban<\/strong><\/p>\n<p>Pomoc chrze\u015bcijanom w Libanie w 2015<\/p>\n<p>80 rodzin uchod\u017ac\u00f3w irackich znajduj\u0105cych si\u0119 w trudnej sytuacji skorzysta z kupon\u00f3w na \u017cywno\u015b\u0107 w wysoko\u015bci 100 EUR na rodzin\u0119 w regionie Mount Lebanon, gdzie znalaz\u0142a schronienie najwi\u0119ksza liczba rodzin z Iraku.<\/p>\n<p>Wyposa\u017cenie 2 klinik dentystycznych Saida i Zahle -2014<\/p>\n<p>Caritas Polska sfinansowa\u0142a zakup wyposa\u017cenia dw\u00f3ch klinik dentystycznych w Saida i Zahle nale\u017c\u0105cych do Centrum Medyczno \u2013 Socjalnego Caritas Liban. Z kliniki dentystycznej korzysta\u0107 b\u0119d\u0105 z jednej strony biedni Liba\u0144czycy, kt\u00f3rych nie sta\u0107 na op\u0142acenie prywatnego ubezpieczenia (ponad 53,3 % gospodarstw jest pozbawionych pa\u0144stwowej opieki medycznej). Z drugiej strony us\u0142ugi b\u0119d\u0105 \u015bwiadczone dla Syryjczyk\u00f3w.<\/p>\n<p>Op\u0142acenie kolonii dla dzieci syryjskich i liba\u0144skich -2014<\/p>\n<p>Caritas Polska dofinansowa\u0142a wypoczynek letni dla 60 dzieci syryjskich oraz liba\u0144skich w wieku od 6 do 12 lat.<\/p>\n<p>Wsparcie Centrum Pomocy dla Uchod\u017ac\u00f3w -2012<\/p>\n<p>Caritas Polska przekaza\u0142a w marcu 2012 r. 30 000 EUR dla Caritas Liban, kt\u00f3ra prowadzi Centra Pomocy dla Uchod\u017ac\u00f3w w p\u00f3\u0142nocnym Libanie. Centrum pomaga uchod\u017acom syryjskim przebywaj\u0105cym na terenie Libanu.<\/p>\n<p><strong>Syria<\/strong><\/p>\n<p>Op\u0142acenie funkcjonowania Centrum Medycznego Bab Sharki w Damaszku \u2013 2015<\/p>\n<p>Caritas Syria planuje w Centrum Medycznym w 2015 r. przyj\u0105\u0107 1200 pacjent\u00f3w oraz przeprowadzi\u0107 376 operacji. W ramach Centrum istniej\u0105 3 apteki oraz przyjmuje 43 lekarzy z 17 specjalno\u015bci. Centrum nale\u017cy do Caritas Syria.<\/p>\n<p>Op\u0142acenie funkcjonowania Centrum Medycznego Bab Sharki w Damaszku \u2013 2014<\/p>\n<p>Caritas Polska sfinansowa\u0142a p\u00f3\u0142roczne (VII-XII 2014) funkcjonowanie Centrum Bab Sharki w Damaszku. Centrum w 2014 r. udzieli\u0142o 8576 skierowa\u0144 lekarskich, 3307 beneficjentom udzieli\u0142o pomocy medycznej, a 496 os\u00f3b hospitalizowano. Beneficjentami us\u0142ug medycznych s\u0105 Syryjczycy oraz uchod\u017acy z Iraku, kt\u00f3rzy uciekli do Syrii kilka lat temu. Ponad 3 letni konflikt wewn\u0105trz Syrii powoduje powi\u0119kszanie si\u0119 liczby uchod\u017ac\u00f3w wewn\u0119trznych, jak r\u00f3wnie\u017c ludzi ubogich, kt\u00f3rzy stali si\u0119 beneficjentami Centrum.<\/p>\n<p>Paczki wielkanocne dla dzieci \u2013 2014<\/p>\n<p>Przed \u015bwi\u0119tami Wielkanocnymi w 2014 r., Caritas Polska sfinansowa\u0142a 1000 paczek \u015bwi\u0105tecznych dla dzieci z Syrii z okolic Damaszku, Aleppo, Homs oraz Horan. Paczki zawiera\u0142y jedzenie oraz ubranie.<\/p>\n<p>Paczki bo\u017conarodzeniowe dla dzieci \u2013 2013<\/p>\n<p>Caritas Polska sfinansowa\u0142a paczki na Bo\u017ce Narodzenie dla kilku tysi\u0119cy dzieci w Syrii z okolic Damaszku, Dara i Homs. Projekt zosta\u0142 zrealizowany dzi\u0119ki kontaktom z Patriarch\u0105 Ko\u015bcio\u0142a Melchickiego Grzegorzem Lahamem.<\/p>\n<p><strong>Jordania<\/strong><\/p>\n<p>W latach 2012 -2013 Caritas Polska wraz z Caritas Jordan dzi\u0119ki wsparciu Ministerstwa Spraw Zagranicznych RP zrealizowa\u0142a 2 projekty:<\/p>\n<p>2012 r. \u2013 \u201ePromocja kszta\u0142cenia i spo\u0142ecznej integracji dzieci uchod\u017ac\u00f3w syryjskich w Jordanii\u201d<\/p>\n<p>2013 r. \u2013 \u201eOferta edukacyjna Caritas dla dzieci uchod\u017ac\u00f3w syryjskich w Jordanii\u201d<\/p>\n<p>Caritas Polska wspiera\u0142a dzieci uchod\u017ac\u00f3w syryjskich znajduj\u0105cych si\u0119 w Jordanii oferuj\u0105c im zaj\u0119cia edukacyjne. Celem by\u0142o zminimalizowanie negatywnych do\u015bwiadcze\u0144 spowodowanych traum\u0105 wojenn\u0105.<\/p>\n<p><strong>Irak<\/strong><\/p>\n<p>Zakup lek\u00f3w dla Mobilnej Kliniki im. Ks. Jerzego Popie\u0142uszki w Iraku w 2015<\/p>\n<p>Caritas Polska razem z Wy\u017csz\u0105 Szko\u0142\u0105 im. \u015aw. El\u017cbiety z Bratys\u0142awy wsp\u00f3\u0142finansuje zakup lek\u00f3w dla uchod\u017ac\u00f3w, w tym w du\u017cej mierze chrze\u015bcijan, kt\u00f3re b\u0119d\u0105 dystrybuowane przez powstaj\u0105c\u0105 Mobiln\u0105 Klinik\u0119 im. B\u0142. Ks. J. Popie\u0142uszki.<\/p>\n<p>Transport humanitarny do Iraku w 2014<\/p>\n<p>Caritas Polska dnia 17 sierpnia br. wys\u0142a\u0142a transport pomocy humanitarnej do Irbilu o warto\u015bci ok. 70 000 z\u0142. Transport zawiera\u0142 artyku\u0142y spo\u017cywcze, \u015brodki medyczne oraz koce i namioty. Transport by\u0142 zorganizowany we wsp\u00f3\u0142pracy z MSZ.<\/p>\n<p><strong>Ofiary konfliktu w Autonomii Palesty\u0144skiej<\/strong><\/p>\n<p><strong>Gaza<\/strong><\/p>\n<p>W lipcu 2014 r. Caritas Polska rozpocz\u0119\u0142a akcj\u0119 pomocy Gazie. Zebrano fundusze na zakup lek\u00f3w, protez i sprz\u0119tu medycznego oraz na wyposa\u017cenie plac\u00f3wek medycznych w Gazie. Kampania we wsp\u00f3\u0142pracy z Caritas Jerusalem.<\/p>\n<p><strong>Autonomia Palesty\u0144ska<\/strong><\/p>\n<p>W 2014 r. Caritas Polska we wsp\u00f3\u0142pracy z Caritas Jerusalem zrealizowa\u0142a projekt pt. \u201eWyr\u00f3wnywanie szans edukacyjnych kobiet w Autonomii Palesty\u0144skiej\u201d. Projekt by\u0142 wsp\u00f3\u0142finansowany ze \u015brodk\u00f3w Ministerstwa Spraw Zagranicznych RP. Celem projektu by\u0142o zwi\u0119kszenie szans na znalezienie zatrudnienia dla 80 kobiet. 80 wybranych do projektu uczestniczek wzi\u0119\u0142o udzia\u0142 w zaj\u0119ciach z edukacji administracyjno-biurowej, zaj\u0119ciach zawodowych z terapii upi\u0119kszaj\u0105cej, fryzjerstwa oraz palesty\u0144skiego haftu i r\u0119kodzie\u0142a. Nast\u0119pnie odby\u0142y si\u0119 praktyki i sta\u017ce.<\/p>\n<p>Warto\u015b\u0107 finansowa pomocy udzielonej przez Caritas Polska dla ofiar konfliktu na Bliskim Wschodzie wynosi ok. 1,2 mln USD. Z czego wi\u0119kszo\u015b\u0107 stanowi\u0105 \u015brodki w\u0142asne, cz\u0119\u015b\u0107 za\u015b \u015brodki MSZ wydatkowane w realizowanych wsp\u00f3lnie projektach.<\/p>\n<p><strong>Dzia\u0142ania Caritas Polska na rzecz migrant\u00f3w i uchod\u017ac\u00f3w za rok 2014<\/strong><\/p>\n<p>Caritas Polska zgodnie ze swoj\u0105 misj\u0105 wspiera migrant\u00f3w w ich zmaganiach w odnalezieniu si\u0119 w nowej ojczy\u017anie. Od 20 lat dzia\u0142aj\u0105 w Polsce Centra Pomocy Migrantom i Uchod\u017acom, w kt\u00f3rych udzielana jest pomoc bez wzgl\u0119du na przynale\u017cno\u015b\u0107 religijn\u0105 i kulturow\u0105 os\u00f3b potrzebuj\u0105cych wsparcia.<\/p>\n<p>W ramach pomocy dla cudzoziemc\u00f3w dzia\u0142aj\u0105 Centra Pomocy przy Caritas Diecezjalnych w Zielonej G\u00f3rze, Siedlcach, Bia\u0142ymstoku, Legnicy i Lublinie. Migranci i uchod\u017acy w 2014 roku otrzymali w nich wsparcie socjalne, psychologiczne, dop\u0142aty do wynajmu mieszka\u0144, pomoc w zakupie lek\u00f3w dla os\u00f3b przewlekle chorych, wsparcie edukacyjne \u2013 dop\u0142aty do przedszkoli i podr\u0119czniki do szko\u0142y. Centra oferowa\u0142y tak\u017ce pomoc w formalno\u015bciach prawnych dot. legalizacji pobytu oraz doradztwo zawodowe. Plac\u00f3wki te funkcjonowa\u0142y w oparciu o \u015brodki w\u0142asne Caritas Polska, \u015brodki unijne i dofinansowanie z bud\u017cetu pa\u0144stwa.<\/p>\n<p><strong>W roku 2014 Centra Caritas udzieli\u0142y pomocy ponad 3000 uchod\u017ac\u00f3w.<\/strong><\/p>\n<p>Od wielu lat organizacja jest r\u00f3wnie\u017c zaanga\u017cowana w projekty, kt\u00f3rych celem jest uwra\u017cliwienie spo\u0142ecze\u0144stwa polskiego na wielokulturowo\u015b\u0107, kt\u00f3ra jest nieod\u0142\u0105cznym zjawiskiem migracji.<\/p>\n<p>W\u015br\u00f3d beneficjent\u00f3w Centr\u00f3w Pomocy Caritas w 2014 roku znale\u017ali si\u0119 g\u0142\u00f3wnie Czeczeni i Ukrai\u0144cy, w mniejszej ilo\u015bci r\u00f3wnie\u017c Gruzini, Irakijczycy, Palesty\u0144czycy, Syryjczycy oraz inne narodowo\u015bci.<\/p>\n<p>Wp\u0142aty na pomoc uchod\u017acom mo\u017cna dokona na konto Caritas Polska PL 77 1160 2202 0000 0000 3436 4384 z dopiskiem SYRIA.<\/p>\n<p>\u0179r\u00f3d\u0142o: Caritas Polska<\/p>\n<p>&nbsp;<\/p>\n<p><a href=\"http:\/\/caritas.diecezja.wloclawek.pl\/wp-content\/uploads\/2017\/10\/s_3.jpg\"><img loading=\"lazy\" class=\"aligncenter size-medium wp-image-298\" src=\"http:\/\/caritas.diecezja.wloclawek.pl\/wp-content\/uploads\/2017\/10\/s_3-300x150.jpg\" alt=\"\" width=\"300\" height=\"150\" srcset=\"http:\/\/caritas.diecezja.wloclawek.pl\/wp-content\/uploads\/2017\/10\/s_3-300x150.jpg 300w, http:\/\/caritas.diecezja.wloclawek.pl\/wp-content\/uploads\/2017\/10\/s_3.jpg 700w\" sizes=\"(max-width: 300px) 100vw, 300px\" \/><\/a><\/p>\n","protected":false},"excerpt":{"rendered":"<p>&#46;&#46;&#46;<\/p>\n","protected":false},"author":1,"featured_media":0,"comment_status":"open","ping_status":"open","sticky":false,"template":"","format":"standard","meta":[],"categories":[2],"tags":[],"_links":{"self":[{"href":"http:\/\/caritas.diecezja.wloclawek.pl\/index.php?rest_route=\/wp\/v2\/posts\/297"}],"collection":[{"href":"http:\/\/caritas.diecezja.wloclawek.pl\/index.php?rest_route=\/wp\/v2\/posts"}],"about":[{"href":"http:\/\/caritas.diecezja.wloclawek.pl\/index.php?rest_route=\/wp\/v2\/types\/post"}],"author":[{"embeddable":true,"href":"http:\/\/caritas.diecezja.wloclawek.pl\/index.php?rest_route=\/wp\/v2\/users\/1"}],"replies":[{"embeddable":true,"href":"http:\/\/caritas.diecezja.wloclawek.pl\/index.php?rest_route=%2Fwp%2Fv2%2Fcomments&post=297"}],"version-history":[{"count":1,"href":"http:\/\/caritas.diecezja.wloclawek.pl\/index.php?rest_route=\/wp\/v2\/posts\/297\/revisions"}],"predecessor-version":[{"id":299,"href":"http:\/\/caritas.diecezja.wloclawek.pl\/index.php?rest_route=\/wp\/v2\/posts\/297\/revisions\/299"}],"wp:attachment":[{"href":"http:\/\/caritas.diecezja.wloclawek.pl\/index.php?rest_route=%2Fwp%2Fv2%2Fmedia&parent=297"}],"wp:term":[{"taxonomy":"category","embeddable":true,"href":"http:\/\/caritas.diecezja.wloclawek.pl\/index.php?rest_route=%2Fwp%2Fv2%2Fcategories&post=297"},{"taxonomy":"post_tag","embeddable":true,"href":"http:\/\/caritas.diecezja.wloclawek.pl\/index.php?rest_route=%2Fwp%2Fv2%2Ftags&post=297"}],"curies":[{"name":"wp","href":"https:\/\/api.w.org\/{rel}","templated":true}]}}