{"id":295,"date":"2015-09-10T22:27:59","date_gmt":"2015-09-10T21:27:59","guid":{"rendered":"http:\/\/caritas.diecezja.wloclawek.pl\/?p=295"},"modified":"2017-10-06T22:29:58","modified_gmt":"2017-10-06T21:29:58","slug":"komunikat-caritas-polska-w-sprawie-dzialan-na-rzecz-uchodzcow","status":"publish","type":"post","link":"http:\/\/caritas.diecezja.wloclawek.pl\/?p=295","title":{"rendered":"Komunikat Caritas Polska w sprawie dzia\u0142a\u0144 na rzecz uchod\u017ac\u00f3w"},"content":{"rendered":"<p>Caritas Polska od momentu reaktywowania w 1990 roku prowadzi dzia\u0142ania na rzecz uchod\u017ac\u00f3w i migrant\u00f3w zar\u00f3wno w Polsce, jak i za granic\u0105. Niesie pomoc ofiarom wojny na Bliskim Wschodzie od 2012, w takich krajach jak: Syria, Liban, Jordania, Irak i Autonomia Palesty\u0144ska. Dotychczasowa warto\u015b\u0107 tych projekt\u00f3w wynios\u0142a ok. 1,2 mln USD.<\/p>\n<p>Caritas w Polsce prowadzi pi\u0119\u0107 Centr\u00f3w Pomocy Migrantom i Uchod\u017acom, w kt\u00f3rych rocznie udziela\u0142a pomocy ponad 3000 os\u00f3b, w\u015br\u00f3d kt\u00f3rych znale\u017ali si\u0119 g\u0142\u00f3wnie: Czeczeni, Ukrai\u0144cy, Gruzini, Irakijczycy oraz Syryjczycy. Wysoko\u015b\u0107 udzielonej pomocy wynios\u0142a 12 mln z\u0142.<\/p>\n<p>W Polsce funkcjonuj\u0105 44 Caritas Diecezjalne oraz 5000 Parafialnych Zespo\u0142\u00f3w Caritas, do kt\u00f3rych ju\u017c w marcu skierowali\u015bmy zapytanie o liczb\u0119 o\u015brodk\u00f3w oraz miejsc dla uchod\u017ac\u00f3w.<\/p>\n<p>Caritas Polska, Caritas Diecezjalne i Parafialne przygotowuj\u0105 si\u0119 na przyj\u0119cie uchod\u017ac\u00f3w we wsp\u00f3\u0142pracy i wsparciu strony rz\u0105dowej. Jeste\u015bmy gotowi do dzia\u0142ania w tym obszarze tak\u017ce z innymi organizacjami.<\/p>\n<p>Caritas Polska korzysta z do\u015bwiadczenia innych Caritas europejskich. Jest w sta\u0142ym kontakcie z Caritas Europa i Caritas Internationalis. Bierze udzia\u0142 w spotkaniach w celu podj\u0119cia wsp\u00f3lnych, jednolitych dzia\u0142a\u0144. Caritas Polska od pocz\u0105tku trwania konfliktu pozostaje w kontakcie tak\u017ce z Caritas na Bliskim Wschodzie w celu dalszego rozpoznania potrzeb uchod\u017ac\u00f3w.<\/p>\n<p>W odpowiedzi na apel Caritas Serbskiej, kt\u00f3ra obecnie zmaga si\u0119 z przyj\u0119ciem nap\u0142ywaj\u0105cych uchod\u017ac\u00f3w, Caritas Polska w duchu solidarno\u015bci przeznaczy\u0142a kwot\u0119 10 000 EUR.<\/p>\n<p>Wp\u0142aty na fundusz pomocy uchod\u017acom mo\u017cna dokona\u0107 pod numerem konta PL 77 1160 2202 0000 0000 3436 4384 z dopiskiem \u201eUchod\u017acy\u201d oraz wysy\u0142aj\u0105c SMS o tre\u015bci \u201ePomagam\u201d pod numer 72052 koszt 2,46 z vat.<\/p>\n<p>&nbsp;<\/p>\n<p>&nbsp;<\/p>\n","protected":false},"excerpt":{"rendered":"<p>&#46;&#46;&#46;<\/p>\n","protected":false},"author":1,"featured_media":0,"comment_status":"open","ping_status":"open","sticky":false,"template":"","format":"standard","meta":[],"categories":[2],"tags":[],"_links":{"self":[{"href":"http:\/\/caritas.diecezja.wloclawek.pl\/index.php?rest_route=\/wp\/v2\/posts\/295"}],"collection":[{"href":"http:\/\/caritas.diecezja.wloclawek.pl\/index.php?rest_route=\/wp\/v2\/posts"}],"about":[{"href":"http:\/\/caritas.diecezja.wloclawek.pl\/index.php?rest_route=\/wp\/v2\/types\/post"}],"author":[{"embeddable":true,"href":"http:\/\/caritas.diecezja.wloclawek.pl\/index.php?rest_route=\/wp\/v2\/users\/1"}],"replies":[{"embeddable":true,"href":"http:\/\/caritas.diecezja.wloclawek.pl\/index.php?rest_route=%2Fwp%2Fv2%2Fcomments&post=295"}],"version-history":[{"count":1,"href":"http:\/\/caritas.diecezja.wloclawek.pl\/index.php?rest_route=\/wp\/v2\/posts\/295\/revisions"}],"predecessor-version":[{"id":296,"href":"http:\/\/caritas.diecezja.wloclawek.pl\/index.php?rest_route=\/wp\/v2\/posts\/295\/revisions\/296"}],"wp:attachment":[{"href":"http:\/\/caritas.diecezja.wloclawek.pl\/index.php?rest_route=%2Fwp%2Fv2%2Fmedia&parent=295"}],"wp:term":[{"taxonomy":"category","embeddable":true,"href":"http:\/\/caritas.diecezja.wloclawek.pl\/index.php?rest_route=%2Fwp%2Fv2%2Fcategories&post=295"},{"taxonomy":"post_tag","embeddable":true,"href":"http:\/\/caritas.diecezja.wloclawek.pl\/index.php?rest_route=%2Fwp%2Fv2%2Ftags&post=295"}],"curies":[{"name":"wp","href":"https:\/\/api.w.org\/{rel}","templated":true}]}}