{"id":2787,"date":"2021-04-29T07:48:03","date_gmt":"2021-04-29T06:48:03","guid":{"rendered":"http:\/\/caritas.diecezja.wloclawek.pl\/?p=2787"},"modified":"2021-04-29T07:49:42","modified_gmt":"2021-04-29T06:49:42","slug":"ksiadz-biskup-krzysztof-wetkowski-nowym-biskupem-wloclawskim","status":"publish","type":"post","link":"http:\/\/caritas.diecezja.wloclawek.pl\/?p=2787","title":{"rendered":"Ksi\u0105dz biskup Krzysztof W\u0119tkowski nowym biskupem W\u0142oc\u0142awskim"},"content":{"rendered":"<p><img loading=\"lazy\" class=\"alignnone size-medium wp-image-2789\" src=\"http:\/\/caritas.diecezja.wloclawek.pl\/wp-content\/uploads\/2021\/04\/maxresdefault-300x169.jpg\" alt=\"\" width=\"300\" height=\"169\" srcset=\"http:\/\/caritas.diecezja.wloclawek.pl\/wp-content\/uploads\/2021\/04\/maxresdefault-300x169.jpg 300w, http:\/\/caritas.diecezja.wloclawek.pl\/wp-content\/uploads\/2021\/04\/maxresdefault-768x432.jpg 768w, http:\/\/caritas.diecezja.wloclawek.pl\/wp-content\/uploads\/2021\/04\/maxresdefault.jpg 1024w\" sizes=\"(max-width: 300px) 100vw, 300px\" \/><\/p>\n<p>&nbsp;<\/p>\n<p>Ojciec \u015awi\u0119ty Franciszek mianowa\u0142 nowym biskupem w\u0142oc\u0142awskim dotychczasowego biskupa pomocniczego archidiecezji gnie\u017anie\u0144skiej Krzysztofa W\u0119tkowskiego. Tym samym przyj\u0105\u0142 rezygnacj\u0119 biskupa Wies\u0142awa Meringa z pos\u0142ugi biskupa w\u0142oc\u0142awskiego. Do czasu kanonicznego obj\u0119cia diecezji przez bp. W\u0119tkowskiego administratorem apostolskim diecezji w\u0142oc\u0142awskiej b\u0119dzie bp Mering.<\/p>\n<p>Komunikat Nuncjatury Apostolskiej og\u0142oszony zosta\u0142 w samo po\u0142udnie 27 kwietnia br. We W\u0142oc\u0142awku, w kaplicy Domu Biskup\u00f3w W\u0142oc\u0142awskich, o decyzji Ojca \u015awi\u0119tego poinformowa\u0142 ust\u0119puj\u0105cy biskup diecezjalny w obecno\u015bci pracownik\u00f3w Kurii i przedstawicieli innych urz\u0119d\u00f3w diecezjalnych. Komunikta Nuncjatury Apostolskiej, w obecno\u015bci dotychczasowego biksupa w\u0142oc\u0142awskiego Wies\u0142awa Meringa, biskupa seniora Stanis\u0142awa G\u0119bickiego, w obecno\u015bci ksi\u0119\u017cy z kurii i innych instytucji diecezjalnych, odczyta\u0142 kanclerz kurii ks. pra\u0142. Artur Niemira.Spotkanie rozpocz\u0119\u0142o si\u0119 od\u015bpiewaniem po\u0142udniowej modlitwy Regina coeli. Podczas kr\u00f3tkiej uroczysto\u015bci modlono si\u0119 za nowego, 77 biskupa diecezjalnego w\u0142oc\u0142awskiego.<\/p>\n<p>O swojej nominacji na biskupa w\u0142oc\u0142awskiego bp Krzysztof W\u0119tkowski wypowiedzia\u0142 si\u0119 dla Radia Watyka\u0144skiego. Biskup nominat stwierdzi\u0142, \u017ce do decyzji Ojca \u015awi\u0119tego podszed\u0142 z du\u017cym spokojem. Podkre\u015bli\u0142, \u017ce jest wdzi\u0119czny Papie\u017cowi za mianowanie go biskupem diecezji, z tak bogat\u0105 histori\u0105 \u015bwi\u0119tych i b\u0142ogos\u0142awionych.<\/p>\n<p><span class=\"d2edcug0 hpfvmrgz qv66sw1b c1et5uql lr9zc1uh a8c37x1j keod5gw0 nxhoafnm aigsh9s9 d3f4x2em fe6kdd0r mau55g9w c8b282yb iv3no6db jq4qci2q a3bd9o3v knj5qynh oo9gr5id hzawbc8m\" dir=\"auto\">My natomiast znale\u017ali\u015bmy w internecie kr\u00f3tki filmik \u015bwiadcz\u0105cy o tym, \u017ce dzia\u0142alno\u015b\u0107 diecezjalnej Caritas le\u017cy ksi\u0119dzu biskupowi Krzysztofowi na sercu, co nas bardzo cieszy.<\/span><\/p>\n<div class=\"video-container\"><iframe loading=\"lazy\" title=\"Ks. biskup Krzysztof W\u0119tkowski podcas IV Balu Charytatywnego\" width=\"500\" height=\"281\" src=\"https:\/\/www.youtube.com\/embed\/rVmoV-hZDMg?feature=oembed&#038;wmode=opaque\" frameborder=\"0\" allow=\"accelerometer; autoplay; clipboard-write; encrypted-media; gyroscope; picture-in-picture\" allowfullscreen><\/iframe><\/div>\n<p>&nbsp;<\/p>\n<p>\u0179r\u00f3d\u0142o: <a href=\"http:\/\/www.diecezja.wloclawek.pl\/\">http:\/\/www.diecezja.wloclawek.pl\/<\/a><\/p>\n","protected":false},"excerpt":{"rendered":"<p>&#46;&#46;&#46;<\/p>\n","protected":false},"author":2,"featured_media":2788,"comment_status":"closed","ping_status":"closed","sticky":false,"template":"","format":"standard","meta":[],"categories":[2],"tags":[],"_links":{"self":[{"href":"http:\/\/caritas.diecezja.wloclawek.pl\/index.php?rest_route=\/wp\/v2\/posts\/2787"}],"collection":[{"href":"http:\/\/caritas.diecezja.wloclawek.pl\/index.php?rest_route=\/wp\/v2\/posts"}],"about":[{"href":"http:\/\/caritas.diecezja.wloclawek.pl\/index.php?rest_route=\/wp\/v2\/types\/post"}],"author":[{"embeddable":true,"href":"http:\/\/caritas.diecezja.wloclawek.pl\/index.php?rest_route=\/wp\/v2\/users\/2"}],"replies":[{"embeddable":true,"href":"http:\/\/caritas.diecezja.wloclawek.pl\/index.php?rest_route=%2Fwp%2Fv2%2Fcomments&post=2787"}],"version-history":[{"count":4,"href":"http:\/\/caritas.diecezja.wloclawek.pl\/index.php?rest_route=\/wp\/v2\/posts\/2787\/revisions"}],"predecessor-version":[{"id":2793,"href":"http:\/\/caritas.diecezja.wloclawek.pl\/index.php?rest_route=\/wp\/v2\/posts\/2787\/revisions\/2793"}],"wp:featuredmedia":[{"embeddable":true,"href":"http:\/\/caritas.diecezja.wloclawek.pl\/index.php?rest_route=\/wp\/v2\/media\/2788"}],"wp:attachment":[{"href":"http:\/\/caritas.diecezja.wloclawek.pl\/index.php?rest_route=%2Fwp%2Fv2%2Fmedia&parent=2787"}],"wp:term":[{"taxonomy":"category","embeddable":true,"href":"http:\/\/caritas.diecezja.wloclawek.pl\/index.php?rest_route=%2Fwp%2Fv2%2Fcategories&post=2787"},{"taxonomy":"post_tag","embeddable":true,"href":"http:\/\/caritas.diecezja.wloclawek.pl\/index.php?rest_route=%2Fwp%2Fv2%2Ftags&post=2787"}],"curies":[{"name":"wp","href":"https:\/\/api.w.org\/{rel}","templated":true}]}}