{"id":265,"date":"2015-10-21T22:16:47","date_gmt":"2015-10-21T21:16:47","guid":{"rendered":"http:\/\/caritas.diecezja.wloclawek.pl\/?p=265"},"modified":"2017-10-06T22:21:46","modified_gmt":"2017-10-06T21:21:46","slug":"gdzie-jest-wola-polityczna-aby-zatrzymac-wojny-w-syrii-i-iraku-caritas-polska-na-miedzynarodowej-konferencji-w-rzymie","status":"publish","type":"post","link":"http:\/\/caritas.diecezja.wloclawek.pl\/?p=265","title":{"rendered":"Gdzie jest wola polityczna, aby zatrzyma\u0107 wojny w Syrii i Iraku? Caritas Polska na mi\u0119dzynarodowej konferencji w Rzymie"},"content":{"rendered":"<p><a href=\"http:\/\/caritas.diecezja.wloclawek.pl\/wp-content\/uploads\/2017\/10\/konferencja.jpg\"><img loading=\"lazy\" class=\"alignleft  wp-image-266\" src=\"http:\/\/caritas.diecezja.wloclawek.pl\/wp-content\/uploads\/2017\/10\/konferencja.jpg\" alt=\"\" width=\"175\" height=\"131\" \/><\/a><\/p>\n<p>&nbsp;<\/p>\n<p>21.09.2015 r.<\/p>\n<p>Dyrektor Caritas Polska ks. Marian Subocz i koordynator projekt\u00f3w zagranicznych Marta Titaniec wzi\u0119li udzia\u0142 w mi\u0119dzynarodowej konferencji, kt\u00f3ra odby\u0142a si\u0119 17 wrze\u015bnia w Rzymie. Tematem by\u0142a wojna w Syrii i Iraku, a tak\u017ce sytuacja w krajach s\u0105siedzkich w zwi\u0105zku z nap\u0142ywem uchod\u017ac\u00f3w. W konferencji wzi\u0119\u0142o udzia\u0142 ponad 60 os\u00f3b z r\u00f3\u017cnych charytatywnych organizacji ko\u015bcielnych. G\u0142\u00f3wnym tematem konferencji by\u0142a kwestia pokoju na Bliskim Wschodzie.<\/p>\n<p><em>&#8211; Obok \u015bmierci, degradacji dziedzictwa, wojna ta niesie tak\u017ce degradacj\u0119 \u015bwiadomo\u015bci<\/em> \u2013 powiedzia\u0142 Ojciec \u015awi\u0119ty Franciszek do zgromadzonych na konferencji. Papie\u017c wezwa\u0142 tak\u017ce do zaprzestania handlu broni\u0105.<br \/>\nWsp\u00f3lnota chrze\u015bcija\u0144ska musi okaza\u0107 jedno\u015b\u0107 w obliczu tragedii na Bliskim Wschodzie, Ko\u015bcio\u0142y wszystkich ryt\u00f3w powinny ze sob\u0105 wsp\u00f3\u0142pracowa\u0107, podobnie ca\u0142y \u015bwiat chrze\u015bcija\u0144ski powinien by\u0107 zaanga\u017cowany w zatrzymanie konfliktu. Za najwa\u017cniejsze potrzeby obok zapewnienia \u017cywno\u015bci, s\u0142u\u017cby medycznej i schronienia uznano wsparcie psychologiczne i edukacja dzieci.<\/p>\n<p>Abp Audo z Aleppo powiedzia\u0142, \u017ce nast\u0119puje degradacja moralna na wszystkich poziomach: 2 mln dzieci nie chodzi do szko\u0142y, 4 mln Syryjczyk\u00f3w przebywa w s\u0105siednich krajach, 10 mln Syryjczyk\u00f3w to wewn\u0119trzni uchod\u017acy. Stwarza to ogromn\u0105 potrzeb\u0119 pracy na polu pastoralnym, nie tylko pomocy humanitarnej.<\/p>\n<p><em>&#8211; Sytuacja w Libanie ci\u0105gle si\u0119 pogarsza z powodu nieustannego nap\u0142ywu uchod\u017ac\u00f3w &#8211;<\/em> powiedzia\u0142 ksi\u0105dz Paul Karam, dyrektor Caritas Liban. <em>&#8211; Nap\u0142yw ten powoduje du\u017ce zubo\u017cenie Liba\u0144czyk\u00f3w. Najbardziej zagro\u017ceni ub\u00f3stwem s\u0105 m\u0142odzi ludzie. Pomoc si\u0119 zmniejsza, nawet ONZ nie ma ju\u017c funduszy. Liban przyj\u0105\u0142 najwi\u0119ksz\u0105 liczb\u0119 uchod\u017ac\u00f3w, r\u00f3wnie\u017c w stosunku do swojej powierzchni.<\/em><br \/>\n<em>&#8211; Ta sytuacja dotyka nie tylko naszego bezpiecze\u0144stwa, ale i ekonomii. Pragniemy pokoju. Pragniemy sprawiedliwego pokoju. Pragniemy takiego rozwi\u0105zania, kt\u00f3re gwarantuje godno\u015b\u0107 osoby ludzkiej. Nie mo\u017ce by\u0107 tak, \u017ce w XXI wieku spotykamy si\u0119 z tak wielk\u0105 dyskryminacj\u0105.<\/em><\/p>\n<p>Ks. Karam wymieni\u0142 cztery najwa\u017cniejsze sprawy, kt\u00f3ra mog\u0105 pom\u00f3c w budowaniu pokoju na Bliskim Wschodzie. To zatrzymanie dzia\u0142a\u0144 zbrojnych, handlu broni\u0105, gwarancja pokoju opartego na sprawiedliwo\u015bci oraz zach\u0119ta do dialogu. Wskaza\u0142, \u017ce uchod\u017acy maj\u0105 dwie mo\u017cliwo\u015bci: wr\u00f3ci\u0107 do Syrii, co jest niemo\u017cliwe z powodu sytuacji, lub zbiera\u0107 pieni\u0105dze i jecha\u0107 do Europy. Ze wzgl\u0119du na to, \u017ce Europa przyj\u0119\u0142a pierwsz\u0105 parti\u0119 uchod\u017ac\u00f3w, ludzie s\u0105 zdeterminowani, by ucieka\u0107 do Europy.<br \/>\nWed\u0142ug oficjalnych statystyk w samej Jordanii \u017cyje 10,5 mln ludzi: oko\u0142o 4 mln uchod\u017ac\u00f3w z Syrii, Iraku, Palestyny i oko\u0142o 1 mln migrant\u00f3w. 50% populacji to migranci. Utrzymanie jednego uchod\u017acy w Europie jest 5 razy dro\u017csze ni\u017c na Bliskim Wschodzie. Utrzymanie 10 000 ludzi w Europie, to koszt utrzymania 50 000 os\u00f3b w Libanie.<\/p>\n<p>Bp Shlemon Warduni &#8211; biskup pomocniczy Bagdadu, rytu chaldejskiego \u2013 zaznaczy\u0142, \u017ce sytuacja w Iraku jest bardzo z\u0142a i ka\u017cdego dnia staje si\u0119 gorsza. Bp Warduni nawo\u0142ywa\u0142 do zaprzestania handlu broni\u0105:<em> &#8211; Potrzebujemy pokoju i bezpiecze\u0144stwa, \u017ceby ca\u0142y \u015bwiat wsp\u00f3lnie znalaz\u0142 rozwi\u0105zanie dla pokoju, \u017ceby zatrzyma\u0142 wojn\u0119<\/em> \u2013 powiedzia\u0142.<br \/>\nPascal al-Kateb, dyrektor generalny Caritas Syria doda\u0142, \u017ce dzi\u015b Syria znajduje si\u0119 w innej sytuacji ni\u017c 5 lat temu. &#8211; Na pocz\u0105tku potrzebowali\u015bmy czego\u015b innego. Wtedy potrzebowali\u015bmy jedzenia, dzi\u015b ludzie nie pytaj\u0105 o jedzenie, mog\u0105 je znale\u017a\u0107 gdziekolwiek. To, co jest najwa\u017cniejsze teraz to pomoc psychologiczna i edukacja. Oczywi\u015bcie wspieramy ludzi medycznie, ale wierz\u0119, \u017ce pomoc psychologiczna pomo\u017ce odbudowa\u0107 spo\u0142ecze\u0144stwo, odbudowa\u0107 cz\u0142owiecze\u0144stwo.<\/p>\n<p>Caritas Polska od momentu reaktywowania w 1990 roku prowadzi dzia\u0142ania na rzecz uchod\u017ac\u00f3w i migrant\u00f3w zar\u00f3wno w Polsce, jak i za granic\u0105. Od 2012 roku niesie pomoc ofiarom wojny na Bliskim Wschodzie, w takich krajach jak: Syria, Liban, Jordania, Irak i Autonomia Palesty\u0144ska. Dotychczasowa warto\u015b\u0107 tych projekt\u00f3w wynios\u0142a ok. 1,2 mln USD.<\/p>\n<p>&nbsp;<\/p>\n","protected":false},"excerpt":{"rendered":"<p>&#46;&#46;&#46;<\/p>\n","protected":false},"author":1,"featured_media":266,"comment_status":"open","ping_status":"open","sticky":false,"template":"","format":"standard","meta":[],"categories":[2],"tags":[],"_links":{"self":[{"href":"http:\/\/caritas.diecezja.wloclawek.pl\/index.php?rest_route=\/wp\/v2\/posts\/265"}],"collection":[{"href":"http:\/\/caritas.diecezja.wloclawek.pl\/index.php?rest_route=\/wp\/v2\/posts"}],"about":[{"href":"http:\/\/caritas.diecezja.wloclawek.pl\/index.php?rest_route=\/wp\/v2\/types\/post"}],"author":[{"embeddable":true,"href":"http:\/\/caritas.diecezja.wloclawek.pl\/index.php?rest_route=\/wp\/v2\/users\/1"}],"replies":[{"embeddable":true,"href":"http:\/\/caritas.diecezja.wloclawek.pl\/index.php?rest_route=%2Fwp%2Fv2%2Fcomments&post=265"}],"version-history":[{"count":1,"href":"http:\/\/caritas.diecezja.wloclawek.pl\/index.php?rest_route=\/wp\/v2\/posts\/265\/revisions"}],"predecessor-version":[{"id":267,"href":"http:\/\/caritas.diecezja.wloclawek.pl\/index.php?rest_route=\/wp\/v2\/posts\/265\/revisions\/267"}],"wp:featuredmedia":[{"embeddable":true,"href":"http:\/\/caritas.diecezja.wloclawek.pl\/index.php?rest_route=\/wp\/v2\/media\/266"}],"wp:attachment":[{"href":"http:\/\/caritas.diecezja.wloclawek.pl\/index.php?rest_route=%2Fwp%2Fv2%2Fmedia&parent=265"}],"wp:term":[{"taxonomy":"category","embeddable":true,"href":"http:\/\/caritas.diecezja.wloclawek.pl\/index.php?rest_route=%2Fwp%2Fv2%2Fcategories&post=265"},{"taxonomy":"post_tag","embeddable":true,"href":"http:\/\/caritas.diecezja.wloclawek.pl\/index.php?rest_route=%2Fwp%2Fv2%2Ftags&post=265"}],"curies":[{"name":"wp","href":"https:\/\/api.w.org\/{rel}","templated":true}]}}