{"id":2626,"date":"2021-03-02T11:16:17","date_gmt":"2021-03-02T10:16:17","guid":{"rendered":"http:\/\/caritas.diecezja.wloclawek.pl\/?p=2626"},"modified":"2021-03-02T11:19:08","modified_gmt":"2021-03-02T10:19:08","slug":"zmiana-na-stanowisku-dyrektora-caritas-diecezji-wloclawskiej","status":"publish","type":"post","link":"http:\/\/caritas.diecezja.wloclawek.pl\/?p=2626","title":{"rendered":"Zmiana na stanowisku dyrektora Caritas Diecezji W\u0142oc\u0142awskiej"},"content":{"rendered":"\n\t\t<style type=\"text\/css\">\n\t\t\t#gallery-1 {\n\t\t\t\tmargin: auto;\n\t\t\t}\n\t\t\t#gallery-1 .gallery-item {\n\t\t\t\tfloat: left;\n\t\t\t\tmargin-top: 10px;\n\t\t\t\ttext-align: center;\n\t\t\t\twidth: 33%;\n\t\t\t}\n\t\t\t#gallery-1 img {\n\t\t\t\tborder: 2px solid #cfcfcf;\n\t\t\t}\n\t\t\t#gallery-1 .gallery-caption {\n\t\t\t\tmargin-left: 0;\n\t\t\t}\n\t\t\t\/* see gallery_shortcode() in wp-includes\/media.php *\/\n\t\t<\/style>\n\t\t<div id='gallery-1' class='gallery galleryid-2626 gallery-columns-3 gallery-size-thumbnail'><dl class='gallery-item'>\n\t\t\t<dt class='gallery-icon landscape'>\n\t\t\t\t<a href='http:\/\/caritas.diecezja.wloclawek.pl\/?attachment_id=2628'><img width=\"150\" height=\"150\" src=\"http:\/\/caritas.diecezja.wloclawek.pl\/wp-content\/uploads\/2021\/03\/1-150x150.jpg\" class=\"attachment-thumbnail size-thumbnail\" alt=\"\" loading=\"lazy\" srcset=\"http:\/\/caritas.diecezja.wloclawek.pl\/wp-content\/uploads\/2021\/03\/1-150x150.jpg 150w, http:\/\/caritas.diecezja.wloclawek.pl\/wp-content\/uploads\/2021\/03\/1-160x160.jpg 160w, http:\/\/caritas.diecezja.wloclawek.pl\/wp-content\/uploads\/2021\/03\/1-320x320.jpg 320w\" sizes=\"(max-width: 150px) 100vw, 150px\" \/><\/a>\n\t\t\t<\/dt><\/dl>\n\t\t\t<br style='clear: both' \/>\n\t\t<\/div>\n\n<p>&nbsp;<\/p>\n<p>1 marca br. Ksi\u0105dz Biskup Wies\u0142aw Mering wr\u0119czy\u0142 Ksi\u0119dzu Jackowi K\u0119dzierskiemu (kap\u0142anowi diecezji Innsbruck w Austrii) dekret ustanawiaj\u0105cy go, z dniem 1 kwietnia br., dyrektorem Caritas Diecezji W\u0142oc\u0142awskiej. Zast\u0105pi on na tym stanowisku ks. pra\u0142. Janusza Bartczaka, kt\u00f3ry z\u0142o\u017cy\u0142 rezygnacj\u0119 z pe\u0142nionej przez siebie funkcji.<\/p>\n<p>Ksi\u0105dz Biskup podzi\u0119kowa\u0142 dotychczasowemu dyrektorowi za \u201ewszystko co zrobi\u0142 w tej bardzo wa\u017cnej plac\u00f3wce diecezjalnej, kt\u00f3ra nabra\u0142a szczeg\u00f3lnego znaczenia w pontyfikacie Ojca \u015awi\u0119tego Franciszka, kt\u00f3ry prac\u0119 charytatywn\u0105 Ko\u015bcio\u0142a uwa\u017ca za jedn\u0105 z najwa\u017cniejszych dzi\u015b pos\u0142ug\u201d.<\/p>\n<p>Nominacj\u0119 og\u0142oszono w obecno\u015bci ks. pra\u0142. Artura Niemiry, kanclerza Kurii Diecezjalnej oraz ks. Jakuba Nowakowskiego, kt\u00f3ry zachowuje dotychczasowe stanowisko wicedyrektora Caritas.<\/p>\n<p>&nbsp;<\/p>\n<p>\u0179r\u00f3d\u0142o: <a href=\"http:\/\/www.diecezja.wloclawek.pl\">http:\/\/www.diecezja.wloclawek.pl<\/a><\/p>\n","protected":false},"excerpt":{"rendered":"<p>&#46;&#46;&#46;<\/p>\n","protected":false},"author":2,"featured_media":2632,"comment_status":"closed","ping_status":"closed","sticky":false,"template":"","format":"standard","meta":[],"categories":[2],"tags":[],"_links":{"self":[{"href":"http:\/\/caritas.diecezja.wloclawek.pl\/index.php?rest_route=\/wp\/v2\/posts\/2626"}],"collection":[{"href":"http:\/\/caritas.diecezja.wloclawek.pl\/index.php?rest_route=\/wp\/v2\/posts"}],"about":[{"href":"http:\/\/caritas.diecezja.wloclawek.pl\/index.php?rest_route=\/wp\/v2\/types\/post"}],"author":[{"embeddable":true,"href":"http:\/\/caritas.diecezja.wloclawek.pl\/index.php?rest_route=\/wp\/v2\/users\/2"}],"replies":[{"embeddable":true,"href":"http:\/\/caritas.diecezja.wloclawek.pl\/index.php?rest_route=%2Fwp%2Fv2%2Fcomments&post=2626"}],"version-history":[{"count":3,"href":"http:\/\/caritas.diecezja.wloclawek.pl\/index.php?rest_route=\/wp\/v2\/posts\/2626\/revisions"}],"predecessor-version":[{"id":2631,"href":"http:\/\/caritas.diecezja.wloclawek.pl\/index.php?rest_route=\/wp\/v2\/posts\/2626\/revisions\/2631"}],"wp:featuredmedia":[{"embeddable":true,"href":"http:\/\/caritas.diecezja.wloclawek.pl\/index.php?rest_route=\/wp\/v2\/media\/2632"}],"wp:attachment":[{"href":"http:\/\/caritas.diecezja.wloclawek.pl\/index.php?rest_route=%2Fwp%2Fv2%2Fmedia&parent=2626"}],"wp:term":[{"taxonomy":"category","embeddable":true,"href":"http:\/\/caritas.diecezja.wloclawek.pl\/index.php?rest_route=%2Fwp%2Fv2%2Fcategories&post=2626"},{"taxonomy":"post_tag","embeddable":true,"href":"http:\/\/caritas.diecezja.wloclawek.pl\/index.php?rest_route=%2Fwp%2Fv2%2Ftags&post=2626"}],"curies":[{"name":"wp","href":"https:\/\/api.w.org\/{rel}","templated":true}]}}