{"id":259,"date":"2015-09-21T22:10:31","date_gmt":"2015-09-21T21:10:31","guid":{"rendered":"http:\/\/caritas.diecezja.wloclawek.pl\/?p=259"},"modified":"2017-10-06T22:13:19","modified_gmt":"2017-10-06T21:13:19","slug":"skc-z-baruchowa-na-ogolnopolskim-jubileuszowym-zjezdzie-szkolnych-kol-caritas","status":"publish","type":"post","link":"http:\/\/caritas.diecezja.wloclawek.pl\/?p=259","title":{"rendered":"SKC z Baruchowa na Og\u00f3lnopolskim Jubileuszowym Zje\u017adzie Szkolnych K\u00f3\u0142 Caritas"},"content":{"rendered":"<p>21.09.2015 r.<\/p>\n<p>W sobot\u0119 12 wrze\u015bnia 2015 r. rozpocz\u0105\u0142 si\u0119 dwudniowy <strong>Og\u00f3lnopolski Jubileuszowy Zjazd Szkolnych K\u00f3\u0142 Caritas<\/strong>, zorganizowany z okazji 20-lecia SKC w Rzeszowie. Wzi\u0119\u0142o w nim udzia\u0142 ok.3000 uczestnik\u00f3w, wolontariuszy z ca\u0142ej Polski. Wszystkim przyby\u0142ym ksi\u0119\u017com, wolontariuszom, opiekunom k\u00f3\u0142, nauczycielom za codzienne zaanga\u017cowanie w ide\u0119 wolontariatu podzi\u0119kowa\u0142 ze sceny ksi\u0105dz dr Marian Subocz, dyrektor Caritas Polska.<\/p>\n<p>Go\u015bci Zjazdu powita\u0142 ks. Stanis\u0142aw S\u0142owik, dyrektor Caritas Diecezji Rzeszowskiej, kt\u00f3ry przypomnia\u0142 zebranym, \u017ce dzia\u0142alno\u015b\u0107 pierwszego SKC zosta\u0142a zapocz\u0105tkowana przed dwudziestu laty w II LO w\u0142a\u015bnie w Rzeszowie. \u015awiadectwo dzia\u0142alno\u015bci przedstawi\u0142a inicjatorka i opiekunka w\/w ko\u0142a p. Maria Kowalska.<\/p>\n<p>Na scenie Regionalnego Centrum Sportowo-Widowiskowego reprezentowa\u0142o jako jedyne Diecezj\u0119 W\u0142oc\u0142awsk\u0105 <strong>Szkolne Ko\u0142o Wolontariatu Caritas z ZS w Baruchowie<\/strong> w sk\u0142adzie: Julia Brewerska, Justyna Kacprzyk, Weronika Pietruszewska, Bartosz Rudzi\u0144ski , Krystian Wi\u015bniewski. Dzia\u0142alno\u015b\u0107 ko\u0142a przybli\u017cy\u0142a uczennica klasy III bG Karolina Dobi\u0144ska. Po wyst\u0119pach cz\u0142onk\u00f3w SKC odby\u0142y si\u0119: koncert zespo\u0142u Szanty, pokaz akrobatyki rowerowej w wykonaniu Bartosza \u0106wika, pokaz akrobatyki sportowej. Po kolacji uczestnicy zjazdu w orszaku przeszli do centrum miasta , by podziwia\u0107 przygotowany specjalnie na t\u0119 okazj\u0119 &#8211; pokaz fontanny multimedialnej. Fantastyczna kompozycja z muzyki , \u015bwiat\u0142a , d\u017awi\u0119ku wywar\u0142a ogromne wra\u017cenie artystyczne. Na zako\u0144czenie pierwszego dnia odby\u0142 si\u0119 jeszcze koncert zespo\u0142u ,,Karczmarze na nowo\u201d, kt\u00f3rego muzyka porwa\u0142a wszystkich do ta\u0144ca. Ostatni\u0105 atrakcj\u0105 by\u0142 p\u00f3\u017any spacer ulicami Rzeszowa do miejsca zakwaterowania w D.S ,,Filon&#8221; w Kampusie Uniwersytetu Rzeszowskiego.<\/p>\n<p>W drugim dniu Jubileuszu o godz. 9.00 rozpocz\u0105\u0142 si\u0119 Marsz Mi\u0142osierdzia z hali sportowej do Bazyliki OO. Bernardyn\u00f3w z 6 stacjami ilustruj\u0105cymi \u015bwiadectwa \u015bw. S. Faustyny i 6 \u015bwiadectwami cz\u0142onk\u00f3w SKC. O godz 11.00 w Ogrodach Bernardy\u0144skich przy Sanktuarium Matki Boskiej Pani Rzeszowa odprawiona zosta\u0142a uroczysta Msza \u015bw., kt\u00f3rej przewodniczy\u0142 biskup rzeszowski Jan W\u0105troba. Po Mszy \u015bw. Przyszed\u0142 czas, by po\u017cegna\u0107 si\u0119 z go\u015bcinnym Rzeszowem, wolontariuszami i wyruszy\u0107 w drog\u0119 do domu\u2026<br \/>\nOrganizatorami i cz\u0119\u015bciowymi sponsorami wycieczki byli opiekunowie SKCW Caritas \u2013 p. J. Bo\u017cejewicz ip. L. Pawlicka<\/p>\n<p>W imieniu w\u0142asnym i wolontariuszy serdecznie dzi\u0119kujemy W\u00f3jtowi Gminy Baruchowo Stanis\u0142awowi Sadowskiemu za cz\u0119\u015bciowe obni\u017cenie koszt\u00f3w transportu, Rodzicom wolontariuszy i Dyrektorowi ZS Tomaszowi Pawlickiemu za dosponsorowanie tego przedsi\u0119wzi\u0119cia .<\/p>\n<p>Opiekunowie SKC w Baruchowie<\/p>\n<p>&nbsp;<\/p>\n\n\t\t<style type=\"text\/css\">\n\t\t\t#gallery-1 {\n\t\t\t\tmargin: auto;\n\t\t\t}\n\t\t\t#gallery-1 .gallery-item {\n\t\t\t\tfloat: left;\n\t\t\t\tmargin-top: 10px;\n\t\t\t\ttext-align: center;\n\t\t\t\twidth: 33%;\n\t\t\t}\n\t\t\t#gallery-1 img {\n\t\t\t\tborder: 2px solid #cfcfcf;\n\t\t\t}\n\t\t\t#gallery-1 .gallery-caption {\n\t\t\t\tmargin-left: 0;\n\t\t\t}\n\t\t\t\/* see gallery_shortcode() in wp-includes\/media.php *\/\n\t\t<\/style>\n\t\t<div id='gallery-1' class='gallery galleryid-259 gallery-columns-3 gallery-size-thumbnail'><dl class='gallery-item'>\n\t\t\t<dt class='gallery-icon landscape'>\n\t\t\t\t<a href='http:\/\/caritas.diecezja.wloclawek.pl\/?attachment_id=260'><img width=\"150\" height=\"150\" src=\"http:\/\/caritas.diecezja.wloclawek.pl\/wp-content\/uploads\/2017\/10\/baruchowo1-150x150.jpg\" class=\"attachment-thumbnail size-thumbnail\" alt=\"\" loading=\"lazy\" srcset=\"http:\/\/caritas.diecezja.wloclawek.pl\/wp-content\/uploads\/2017\/10\/baruchowo1-150x150.jpg 150w, http:\/\/caritas.diecezja.wloclawek.pl\/wp-content\/uploads\/2017\/10\/baruchowo1-160x160.jpg 160w, http:\/\/caritas.diecezja.wloclawek.pl\/wp-content\/uploads\/2017\/10\/baruchowo1-320x320.jpg 320w\" sizes=\"(max-width: 150px) 100vw, 150px\" \/><\/a>\n\t\t\t<\/dt><\/dl><dl class='gallery-item'>\n\t\t\t<dt class='gallery-icon landscape'>\n\t\t\t\t<a href='http:\/\/caritas.diecezja.wloclawek.pl\/?attachment_id=262'><img width=\"150\" height=\"150\" src=\"http:\/\/caritas.diecezja.wloclawek.pl\/wp-content\/uploads\/2017\/10\/baruchowo3-150x150.jpg\" class=\"attachment-thumbnail size-thumbnail\" alt=\"\" loading=\"lazy\" srcset=\"http:\/\/caritas.diecezja.wloclawek.pl\/wp-content\/uploads\/2017\/10\/baruchowo3-150x150.jpg 150w, http:\/\/caritas.diecezja.wloclawek.pl\/wp-content\/uploads\/2017\/10\/baruchowo3-160x160.jpg 160w, http:\/\/caritas.diecezja.wloclawek.pl\/wp-content\/uploads\/2017\/10\/baruchowo3-320x320.jpg 320w\" sizes=\"(max-width: 150px) 100vw, 150px\" \/><\/a>\n\t\t\t<\/dt><\/dl><dl class='gallery-item'>\n\t\t\t<dt class='gallery-icon landscape'>\n\t\t\t\t<a href='http:\/\/caritas.diecezja.wloclawek.pl\/?attachment_id=261'><img width=\"150\" height=\"150\" src=\"http:\/\/caritas.diecezja.wloclawek.pl\/wp-content\/uploads\/2017\/10\/baruchowo2-150x150.jpg\" class=\"attachment-thumbnail size-thumbnail\" alt=\"\" loading=\"lazy\" srcset=\"http:\/\/caritas.diecezja.wloclawek.pl\/wp-content\/uploads\/2017\/10\/baruchowo2-150x150.jpg 150w, http:\/\/caritas.diecezja.wloclawek.pl\/wp-content\/uploads\/2017\/10\/baruchowo2-160x160.jpg 160w, http:\/\/caritas.diecezja.wloclawek.pl\/wp-content\/uploads\/2017\/10\/baruchowo2-320x320.jpg 320w\" sizes=\"(max-width: 150px) 100vw, 150px\" \/><\/a>\n\t\t\t<\/dt><\/dl><br style=\"clear: both\" \/>\n\t\t<\/div>\n\n","protected":false},"excerpt":{"rendered":"<p>&#46;&#46;&#46;<\/p>\n","protected":false},"author":1,"featured_media":260,"comment_status":"open","ping_status":"open","sticky":false,"template":"","format":"standard","meta":[],"categories":[2],"tags":[],"_links":{"self":[{"href":"http:\/\/caritas.diecezja.wloclawek.pl\/index.php?rest_route=\/wp\/v2\/posts\/259"}],"collection":[{"href":"http:\/\/caritas.diecezja.wloclawek.pl\/index.php?rest_route=\/wp\/v2\/posts"}],"about":[{"href":"http:\/\/caritas.diecezja.wloclawek.pl\/index.php?rest_route=\/wp\/v2\/types\/post"}],"author":[{"embeddable":true,"href":"http:\/\/caritas.diecezja.wloclawek.pl\/index.php?rest_route=\/wp\/v2\/users\/1"}],"replies":[{"embeddable":true,"href":"http:\/\/caritas.diecezja.wloclawek.pl\/index.php?rest_route=%2Fwp%2Fv2%2Fcomments&post=259"}],"version-history":[{"count":1,"href":"http:\/\/caritas.diecezja.wloclawek.pl\/index.php?rest_route=\/wp\/v2\/posts\/259\/revisions"}],"predecessor-version":[{"id":263,"href":"http:\/\/caritas.diecezja.wloclawek.pl\/index.php?rest_route=\/wp\/v2\/posts\/259\/revisions\/263"}],"wp:featuredmedia":[{"embeddable":true,"href":"http:\/\/caritas.diecezja.wloclawek.pl\/index.php?rest_route=\/wp\/v2\/media\/260"}],"wp:attachment":[{"href":"http:\/\/caritas.diecezja.wloclawek.pl\/index.php?rest_route=%2Fwp%2Fv2%2Fmedia&parent=259"}],"wp:term":[{"taxonomy":"category","embeddable":true,"href":"http:\/\/caritas.diecezja.wloclawek.pl\/index.php?rest_route=%2Fwp%2Fv2%2Fcategories&post=259"},{"taxonomy":"post_tag","embeddable":true,"href":"http:\/\/caritas.diecezja.wloclawek.pl\/index.php?rest_route=%2Fwp%2Fv2%2Ftags&post=259"}],"curies":[{"name":"wp","href":"https:\/\/api.w.org\/{rel}","templated":true}]}}