{"id":2587,"date":"2021-02-19T10:51:10","date_gmt":"2021-02-19T09:51:10","guid":{"rendered":"http:\/\/caritas.diecezja.wloclawek.pl\/?p=2587"},"modified":"2021-02-19T10:51:10","modified_gmt":"2021-02-19T09:51:10","slug":"harmonogram-wydawania-zywnosci-4","status":"publish","type":"post","link":"http:\/\/caritas.diecezja.wloclawek.pl\/?p=2587","title":{"rendered":"HARMONOGRAM WYDAWANIA \u017bYWNO\u015aCI"},"content":{"rendered":"<h3>Szanowni Pa\u0144stwo!<\/h3>\n<h4>Poni\u017cej zamieszczamy harmonogram wydawania \u017cywno\u015bci.<\/h4>\n<h4>Do odbioru paczki \u017cywno\u015bciowej prosimy przygotowa\u0107 <span style=\"color: #0000ff;\"><strong>dow\u00f3d osobisty<\/strong><\/span>, a osoby odbieraj\u0105ce paczk\u0119 w imieniu innej osoby &#8211; <span style=\"color: #0000ff;\"><strong>sw\u00f3j dow\u00f3d osobisty oraz upowa\u017cnienie<\/strong><\/span> napisane przez w\u0142a\u015bciciela skierowania (ze wzgl\u0119du na prac\u0119 zdaln\u0105 MOPR-u nie b\u0119dzie wymagany podpis pracownika socjalnego).<\/h4>\n<h4>Jednocze\u015bnie informujemy, \u017ce w wyznaczonym dniu paczki otrzymaj\u0105 <strong><span style=\"color: #0000ff;\"><em>wy\u0142\u0105cznie <\/em><\/span><span style=\"color: #0000ff;\"><em>wyznaczone osoby<\/em><\/span><\/strong>. Nie b\u0119dzie wyj\u0105tk\u00f3w, ze wzgl\u0119du i\u017c Pa\u0144stwa skierowania b\u0119d\u0105 dostarczane na magazyn sukcesywnie, tj. w danym dniu b\u0119dziemy posiada\u0107 <strong><span style=\"color: #0000ff;\">tylko<\/span><\/strong> skierowania os\u00f3b wyznaczonych na ten dzie\u0144. Osoby, kt\u00f3rym termin nie b\u0119dzie odpowiada\u0142, proszone s\u0105 o znalezienie zast\u0119pstwa.<\/h4>\n<h4>Ponadto pragniemy poinformowa\u0107, \u017ce <span style=\"color: #0000ff;\"><strong>nie s\u0105<\/strong><\/span> przewidywane terminy dodatkowe. Dlatego tym bardziej prosimy pilnowa\u0107 wyznaczonego dnia.<\/h4>\n<p>&nbsp;<\/p>\n<p>&nbsp;<\/p>\n<h3 style=\"text-align: center;\"><strong>Wydawanie \u017bywno\u015bci <\/strong><\/h3>\n<h3 style=\"text-align: center;\"><strong>POP\u017b FEAD <\/strong><\/h3>\n<h3 style=\"text-align: center;\"><span style=\"color: #ff0000;\"><strong>MIASTO W\u0141OC\u0141AWEK<\/strong><\/span><\/h3>\n<h3 style=\"text-align: center;\"><strong>87-800 W\u0142oc\u0142awek, ul. P\u0142ocka 2<\/strong><\/h3>\n<h3 style=\"text-align: center;\"><strong>Godz. 8:00-14:00<\/strong><\/h3>\n<p style=\"text-align: center;\">\n<p><strong><u>Osoby o nazwisku zaczynaj\u0105cym si\u0119 na liter\u0119:<\/u><\/strong><\/p>\n<table>\n<tbody>\n<tr>\n<td width=\"300\"><strong>Litery<\/strong><\/td>\n<td width=\"255\"><strong>Termin<\/strong><\/td>\n<td width=\"255\"><strong>Dzie\u0144<\/strong><\/td>\n<\/tr>\n<tr>\n<td width=\"300\"><strong>A &#8211; B &#8211; C &#8211; \u0106<\/strong><\/td>\n<td width=\"255\"><strong>12.04.2021r.<\/strong><\/td>\n<td width=\"255\"><strong>poniedzia\u0142ek<\/strong><\/td>\n<\/tr>\n<tr>\n<td width=\"300\"><strong>D-E-F<\/strong><\/td>\n<td width=\"255\"><strong>13.04.2021r.<\/strong><\/td>\n<td width=\"255\"><strong>wtorek<\/strong><\/td>\n<\/tr>\n<tr>\n<td width=\"300\"><strong>G-H-I-J<\/strong><\/td>\n<td width=\"255\"><strong>14.04.2021r.<\/strong><\/td>\n<td width=\"255\"><strong>\u015broda<\/strong><\/td>\n<\/tr>\n<tr>\n<td width=\"300\"><strong>K<\/strong><\/td>\n<td width=\"255\"><strong>15.04.2021r.<\/strong><\/td>\n<td width=\"255\"><strong>czwartek<\/strong><\/td>\n<\/tr>\n<tr>\n<td width=\"300\"><strong>L-\u0141<\/strong><\/td>\n<td width=\"255\"><strong>16.04.2021r.<\/strong><\/td>\n<td width=\"255\"><strong>pi\u0105tek<\/strong><\/td>\n<\/tr>\n<tr>\n<td width=\"300\"><strong>M-N<\/strong><\/td>\n<td width=\"255\"><strong>19.04.2021r.<\/strong><\/td>\n<td width=\"255\"><strong>poniedzia\u0142ek<\/strong><\/td>\n<\/tr>\n<tr>\n<td width=\"300\"><strong>O-R<\/strong><\/td>\n<td width=\"255\"><strong>20.04.2021r.<\/strong><\/td>\n<td width=\"255\"><strong>wtorek<\/strong><\/td>\n<\/tr>\n<tr>\n<td width=\"300\"><strong>P<\/strong><\/td>\n<td width=\"255\"><strong>21.04.2021r.<\/strong><\/td>\n<td width=\"255\"><strong>\u015broda<\/strong><\/td>\n<\/tr>\n<tr>\n<td width=\"300\"><strong>S-\u015a<\/strong><\/td>\n<td width=\"255\"><strong>22.04.2021r.<\/strong><\/td>\n<td width=\"255\"><strong>czwartek<\/strong><\/td>\n<\/tr>\n<tr>\n<td width=\"300\"><strong>T-U-Z<\/strong><\/td>\n<td width=\"255\"><strong>23.04.2021r.<\/strong><\/td>\n<td width=\"255\"><strong>pi\u0105tek<\/strong><\/td>\n<\/tr>\n<tr>\n<td width=\"300\"><strong>W-\u017b<\/strong><\/td>\n<td width=\"255\"><strong>26.04.2021r.<\/strong><\/td>\n<td width=\"255\"><strong>poniedzia\u0142ek<\/strong><\/td>\n<\/tr>\n<\/tbody>\n<\/table>\n<p>&nbsp;<\/p>\n<h3 style=\"text-align: center;\">\u00a0 <strong>Wydawanie \u017bywno\u015bci <\/strong><\/h3>\n<h3 style=\"text-align: center;\"><strong>POP\u017b FEAD <\/strong><\/h3>\n<h3 style=\"text-align: center;\"><span style=\"color: #ff0000;\"><strong>\u00a0 GMINA W\u0141OC\u0141AWEK<\/strong><\/span><\/h3>\n<h3 style=\"text-align: center;\"><strong>87-800 W\u0142oc\u0142awek, ul. P\u0142ocka 2<\/strong><\/h3>\n<h3 style=\"text-align: center;\"><strong>Godz. 8:00-14:00<\/strong><\/h3>\n<p style=\"text-align: center;\">\n<p><strong><u>Osoby o nazwisku zaczynaj\u0105cym si\u0119 na liter\u0119:<\/u><\/strong><\/p>\n<table width=\"909\">\n<tbody>\n<tr>\n<td width=\"194\"><strong>Gmina<\/strong><\/td>\n<td width=\"386\"><strong>Litery<\/strong><\/td>\n<td width=\"165\"><strong>Termin<\/strong><\/td>\n<td width=\"165\"><strong>Dzie\u0144<\/strong><\/td>\n<\/tr>\n<tr>\n<td width=\"194\"><strong>Gmina W\u0142oc\u0142awek<\/strong><\/td>\n<td width=\"386\"><strong>A-B-C-\u0106-D-E-F-G-H-I-J-K<\/strong><\/td>\n<td width=\"165\"><strong>27.04.2021r.<\/strong><\/td>\n<td width=\"165\"><strong>wtorek<\/strong><\/td>\n<\/tr>\n<tr>\n<td width=\"194\"><strong>Gmina W\u0142oc\u0142awek<\/strong><\/td>\n<td width=\"386\"><strong>L-\u0141-M-N-O-P-R-S-\u015a-T-U-W-Z-\u017b-\u0179<\/strong><\/td>\n<td width=\"165\"><strong>28.04.2021r.<\/strong><\/td>\n<td width=\"165\"><strong>\u015broda<\/strong><\/td>\n<\/tr>\n<\/tbody>\n<\/table>\n<p>&nbsp;<\/p>\n<p>&nbsp;<\/p>\n","protected":false},"excerpt":{"rendered":"<p>&#46;&#46;&#46;<\/p>\n","protected":false},"author":2,"featured_media":2596,"comment_status":"closed","ping_status":"closed","sticky":false,"template":"","format":"standard","meta":[],"categories":[2],"tags":[],"_links":{"self":[{"href":"http:\/\/caritas.diecezja.wloclawek.pl\/index.php?rest_route=\/wp\/v2\/posts\/2587"}],"collection":[{"href":"http:\/\/caritas.diecezja.wloclawek.pl\/index.php?rest_route=\/wp\/v2\/posts"}],"about":[{"href":"http:\/\/caritas.diecezja.wloclawek.pl\/index.php?rest_route=\/wp\/v2\/types\/post"}],"author":[{"embeddable":true,"href":"http:\/\/caritas.diecezja.wloclawek.pl\/index.php?rest_route=\/wp\/v2\/users\/2"}],"replies":[{"embeddable":true,"href":"http:\/\/caritas.diecezja.wloclawek.pl\/index.php?rest_route=%2Fwp%2Fv2%2Fcomments&post=2587"}],"version-history":[{"count":9,"href":"http:\/\/caritas.diecezja.wloclawek.pl\/index.php?rest_route=\/wp\/v2\/posts\/2587\/revisions"}],"predecessor-version":[{"id":2597,"href":"http:\/\/caritas.diecezja.wloclawek.pl\/index.php?rest_route=\/wp\/v2\/posts\/2587\/revisions\/2597"}],"wp:featuredmedia":[{"embeddable":true,"href":"http:\/\/caritas.diecezja.wloclawek.pl\/index.php?rest_route=\/wp\/v2\/media\/2596"}],"wp:attachment":[{"href":"http:\/\/caritas.diecezja.wloclawek.pl\/index.php?rest_route=%2Fwp%2Fv2%2Fmedia&parent=2587"}],"wp:term":[{"taxonomy":"category","embeddable":true,"href":"http:\/\/caritas.diecezja.wloclawek.pl\/index.php?rest_route=%2Fwp%2Fv2%2Fcategories&post=2587"},{"taxonomy":"post_tag","embeddable":true,"href":"http:\/\/caritas.diecezja.wloclawek.pl\/index.php?rest_route=%2Fwp%2Fv2%2Ftags&post=2587"}],"curies":[{"name":"wp","href":"https:\/\/api.w.org\/{rel}","templated":true}]}}