{"id":253,"date":"2015-09-23T22:05:20","date_gmt":"2015-09-23T21:05:20","guid":{"rendered":"http:\/\/caritas.diecezja.wloclawek.pl\/?p=253"},"modified":"2017-10-06T22:09:46","modified_gmt":"2017-10-06T21:09:46","slug":"podsumowanie-akcji-tornister-pelen-usmiechow-w-zespole-szkol-w-zbrachlinie","status":"publish","type":"post","link":"http:\/\/caritas.diecezja.wloclawek.pl\/?p=253","title":{"rendered":"Podsumowanie akcji \u201eTornister Pe\u0142en U\u015bmiech\u00f3w\u201d w Zespole Szk\u00f3\u0142 w Zbrachlinie"},"content":{"rendered":"<p>23.09.2015 r.<\/p>\n<p><strong>Szkolne Ko\u0142o Caritas<\/strong> dzia\u0142aj\u0105ce przy Zespole Szk\u00f3\u0142 im. Ignacego Jana Paderewskiego w Zbrachlinie, kt\u00f3rego opiekunem duchowym jest ksi\u0105dz Henryk Chabasi\u0144ski proboszcz parafii pod wezwaniem \u015bw. Wojciecha po raz drugi w\u0142\u0105czy\u0142o si\u0119 do akcji <strong>,,Tornister pe\u0142en u\u015bmiech\u00f3w&#8221;<\/strong>.<br \/>\nDzi\u0119ki \u017cyczliwo\u015bci os\u00f3b, kt\u00f3re zawsze ch\u0119tnie bior\u0105 udzia\u0142 w akcjach organizowanych przez ko\u0142o, ale nade wszystko ksi\u0119dza proboszcza, uda\u0142o nam si\u0119 przygotowa\u0107 7 wyprawek szkolnych, wyposa\u017conych w podstawowe artyku\u0142y. Tornistry trafi\u0142y do dzieci z najbardziej potrzebuj\u0105cych rodzin tu\u017c przed zako\u0144czeniem wakacji tak aby obdarowane dzieci mog\u0142y z u\u015bmiechem rozpocz\u0105\u0107 nowy rok szkolny 2015\/2016.<\/p>\n<p>Agnieszka Lasota \u2013 Staszak, Opiekun Szkolnego Ko\u0142a Caritas<\/p>\n<p>&nbsp;<\/p>\n<p><a href=\"http:\/\/caritas.diecezja.wloclawek.pl\/wp-content\/uploads\/2015\/09\/tornister1.jpg\"><img loading=\"lazy\" class=\"aligncenter  wp-image-257\" src=\"http:\/\/caritas.diecezja.wloclawek.pl\/wp-content\/uploads\/2015\/09\/tornister1-300x202.jpg\" alt=\"\" width=\"392\" height=\"264\" srcset=\"http:\/\/caritas.diecezja.wloclawek.pl\/wp-content\/uploads\/2015\/09\/tornister1-300x202.jpg 300w, http:\/\/caritas.diecezja.wloclawek.pl\/wp-content\/uploads\/2015\/09\/tornister1.jpg 640w\" sizes=\"(max-width: 392px) 100vw, 392px\" \/><\/a><\/p>\n<p>&nbsp;<\/p>\n<p>&nbsp;<\/p>\n","protected":false},"excerpt":{"rendered":"<p>&#46;&#46;&#46;<\/p>\n","protected":false},"author":1,"featured_media":257,"comment_status":"open","ping_status":"open","sticky":false,"template":"","format":"standard","meta":[],"categories":[2],"tags":[],"_links":{"self":[{"href":"http:\/\/caritas.diecezja.wloclawek.pl\/index.php?rest_route=\/wp\/v2\/posts\/253"}],"collection":[{"href":"http:\/\/caritas.diecezja.wloclawek.pl\/index.php?rest_route=\/wp\/v2\/posts"}],"about":[{"href":"http:\/\/caritas.diecezja.wloclawek.pl\/index.php?rest_route=\/wp\/v2\/types\/post"}],"author":[{"embeddable":true,"href":"http:\/\/caritas.diecezja.wloclawek.pl\/index.php?rest_route=\/wp\/v2\/users\/1"}],"replies":[{"embeddable":true,"href":"http:\/\/caritas.diecezja.wloclawek.pl\/index.php?rest_route=%2Fwp%2Fv2%2Fcomments&post=253"}],"version-history":[{"count":3,"href":"http:\/\/caritas.diecezja.wloclawek.pl\/index.php?rest_route=\/wp\/v2\/posts\/253\/revisions"}],"predecessor-version":[{"id":258,"href":"http:\/\/caritas.diecezja.wloclawek.pl\/index.php?rest_route=\/wp\/v2\/posts\/253\/revisions\/258"}],"wp:featuredmedia":[{"embeddable":true,"href":"http:\/\/caritas.diecezja.wloclawek.pl\/index.php?rest_route=\/wp\/v2\/media\/257"}],"wp:attachment":[{"href":"http:\/\/caritas.diecezja.wloclawek.pl\/index.php?rest_route=%2Fwp%2Fv2%2Fmedia&parent=253"}],"wp:term":[{"taxonomy":"category","embeddable":true,"href":"http:\/\/caritas.diecezja.wloclawek.pl\/index.php?rest_route=%2Fwp%2Fv2%2Fcategories&post=253"},{"taxonomy":"post_tag","embeddable":true,"href":"http:\/\/caritas.diecezja.wloclawek.pl\/index.php?rest_route=%2Fwp%2Fv2%2Ftags&post=253"}],"curies":[{"name":"wp","href":"https:\/\/api.w.org\/{rel}","templated":true}]}}