{"id":248,"date":"2015-10-17T22:20:28","date_gmt":"2015-10-17T21:20:28","guid":{"rendered":"http:\/\/caritas.diecezja.wloclawek.pl\/?p=248"},"modified":"2017-10-02T22:30:05","modified_gmt":"2017-10-02T21:30:05","slug":"nagrody-ubi-caritas-rozdane","status":"publish","type":"post","link":"http:\/\/caritas.diecezja.wloclawek.pl\/?p=248","title":{"rendered":"Nagrody Ubi Caritas rozdane"},"content":{"rendered":"<p>17.10.2015 r.<\/p>\n<p>Jubileuszowy Rok 2015 obfituje w wiele wa\u017cnych wydarze\u0144 dla ca\u0142ej Caritas w Polsce. Jednym z nich jest <strong>Gala Ubi Caritas<\/strong> podczas kt\u00f3rej rozdawane s\u0105 nagrody Ubi Caritas. Na tegorocznej gali 10 pa\u017adziernika 2015 w Teatrze Polskim laureat\u00f3w, wyj\u0105tkowo, wytypowa\u0142y Caritas Diecezjalne, nie jak w latach ubieg\u0142ych, Kapitu\u0142a Nagrody.<\/p>\n<p>W tym roku statuetki \u015bwi\u0119tej siostry Faustyny Kowalskiej otrzyma\u0142y 34 osoby szczeg\u00f3lnie zas\u0142u\u017cone w dziele mi\u0142osierdzia Caritas.<\/p>\n<p>Z naszej diecezji wyr\u00f3\u017cnieni zostali:<\/p>\n<p><strong>El\u017cbieta i Aleksander Antczakowie<\/strong> &#8211; Od ponad 20 lat wspieraj\u0105 Caritas Diecezji W\u0142oc\u0142awskiej finansowo i rzeczowo, przekazuj\u0105c m.in. materia\u0142y budowlane na rozbudow\u0119 i adaptacje pomieszcze\u0144 schronisk dla bezdomnych i domu samotnej matki.<\/p>\n<p><strong>Ks. Marek Kryska<\/strong> &#8211; Przez 20 lat z oddaniem pe\u0142ni\u0142 funkcj\u0119 Zast\u0119pcy Dyrektora Caritas Diecezji W\u0142oc\u0142awskiej. Da\u0142 si\u0119 pozna\u0107, jako wspania\u0142y animator wielu akcji charytatywnych, przyjaciel m\u0142odzie\u017cy, rozwijaj\u0105c dzia\u0142alno\u015b\u0107 Szkolnych K\u00f3\u0142 Caritas. Cechuj\u0105cy si\u0119 niezwyk\u0142\u0105 skromno\u015bci\u0105 i trosk\u0105 o los bli\u017aniego. Jednocze\u015bnie przez ca\u0142y ten okres do dzi\u015b ofiarnie pos\u0142uguje w Szpitalu w\u0142oc\u0142awskim jako jego kapelan.<\/p>\n<p>Wszystkim nagrodzonym serdecznie gratulujemy i dzi\u0119kujemy za ich zapa\u0142 i zaanga\u017cowanie w dzie\u0142o Caritas, budowane od 25 lat w Polsce.<\/p>\n<p>&nbsp;<\/p>\n<p><a href=\"http:\/\/caritas.diecezja.wloclawek.pl\/wp-content\/uploads\/2017\/10\/urbi1.jpg\"><img loading=\"lazy\" class=\"aligncenter  wp-image-250\" src=\"http:\/\/caritas.diecezja.wloclawek.pl\/wp-content\/uploads\/2017\/10\/urbi1-300x199.jpg\" alt=\"\" width=\"416\" height=\"276\" srcset=\"http:\/\/caritas.diecezja.wloclawek.pl\/wp-content\/uploads\/2017\/10\/urbi1-300x199.jpg 300w, http:\/\/caritas.diecezja.wloclawek.pl\/wp-content\/uploads\/2017\/10\/urbi1.jpg 640w\" sizes=\"(max-width: 416px) 100vw, 416px\" \/><\/a><\/p>\n","protected":false},"excerpt":{"rendered":"<p>&#46;&#46;&#46;<\/p>\n","protected":false},"author":1,"featured_media":250,"comment_status":"open","ping_status":"open","sticky":false,"template":"","format":"standard","meta":[],"categories":[2],"tags":[],"_links":{"self":[{"href":"http:\/\/caritas.diecezja.wloclawek.pl\/index.php?rest_route=\/wp\/v2\/posts\/248"}],"collection":[{"href":"http:\/\/caritas.diecezja.wloclawek.pl\/index.php?rest_route=\/wp\/v2\/posts"}],"about":[{"href":"http:\/\/caritas.diecezja.wloclawek.pl\/index.php?rest_route=\/wp\/v2\/types\/post"}],"author":[{"embeddable":true,"href":"http:\/\/caritas.diecezja.wloclawek.pl\/index.php?rest_route=\/wp\/v2\/users\/1"}],"replies":[{"embeddable":true,"href":"http:\/\/caritas.diecezja.wloclawek.pl\/index.php?rest_route=%2Fwp%2Fv2%2Fcomments&post=248"}],"version-history":[{"count":1,"href":"http:\/\/caritas.diecezja.wloclawek.pl\/index.php?rest_route=\/wp\/v2\/posts\/248\/revisions"}],"predecessor-version":[{"id":251,"href":"http:\/\/caritas.diecezja.wloclawek.pl\/index.php?rest_route=\/wp\/v2\/posts\/248\/revisions\/251"}],"wp:featuredmedia":[{"embeddable":true,"href":"http:\/\/caritas.diecezja.wloclawek.pl\/index.php?rest_route=\/wp\/v2\/media\/250"}],"wp:attachment":[{"href":"http:\/\/caritas.diecezja.wloclawek.pl\/index.php?rest_route=%2Fwp%2Fv2%2Fmedia&parent=248"}],"wp:term":[{"taxonomy":"category","embeddable":true,"href":"http:\/\/caritas.diecezja.wloclawek.pl\/index.php?rest_route=%2Fwp%2Fv2%2Fcategories&post=248"},{"taxonomy":"post_tag","embeddable":true,"href":"http:\/\/caritas.diecezja.wloclawek.pl\/index.php?rest_route=%2Fwp%2Fv2%2Ftags&post=248"}],"curies":[{"name":"wp","href":"https:\/\/api.w.org\/{rel}","templated":true}]}}