{"id":245,"date":"2015-10-30T22:17:40","date_gmt":"2015-10-30T21:17:40","guid":{"rendered":"http:\/\/caritas.diecezja.wloclawek.pl\/?p=245"},"modified":"2017-10-02T22:20:02","modified_gmt":"2017-10-02T21:20:02","slug":"bp-mering-odznaczyl-medalem-pracownikow-diecezjalnej-caritas","status":"publish","type":"post","link":"http:\/\/caritas.diecezja.wloclawek.pl\/?p=245","title":{"rendered":"Bp Mering odznaczy\u0142 medalem pracownik\u00f3w diecezjalnej Caritas"},"content":{"rendered":"<p>30.10.2015 r.<\/p>\n<p>Z okazji 25-lecia powo\u0142ania Caritas w Polsce, r\u00f3wnie\u017c w naszej diecezji dnia 30 pa\u017adziernika 2015 roku w Domu Biskup\u00f3w w\u0142oc\u0142awskich na zaproszenie Ksi\u0119dza Biskupa Ordynariusza Wies\u0142awa Alojzego Meringa odby\u0142o si\u0119 jubileuszowe spotkanie.<\/p>\n<p>Na pocz\u0105tku Ks. Marek Soboci\u0144ski, kt\u00f3ry od 25 lat organizowa\u0142 i pe\u0142ni funkcj\u0119 Dyrektora przypomnia\u0142 histori\u0119 diecezjalnej Caritas oraz przedstawi\u0142 pracownik\u00f3w, kt\u00f3rzy zwi\u0105zani s\u0105 z Caritas niemal od jej pocz\u0105tku.<\/p>\n<p>Najstarsi sta\u017cem, wol\u0105 Dyrektora Caritas Polska ks. Mariana Subocza zostali odznaczeni przez Ksi\u0119dza Biskupa Ordynariusza medalem <strong>IN CARITATE SERVIRE<\/strong> co znaczy w s\u0142u\u017cbie charytatywnej Caritas.<\/p>\n<p>Wyr\u00f3\u017cnienie \u2013 z\u0142oty medal otrzymali najd\u0142u\u017cej pracuj\u0105cy: Mariusz Jaworski, Wojciech Rybacki, Joanna Kurant i Jerzy Soboci\u0144ski, a medal srebrny Maria Jaworska.<\/p>\n<p>Ks. Biskup wraz z Rad\u0105 Biskupi\u0105 pogratulowali wyr\u00f3\u017cnionym. Ze strony nominowanych tzw. \u201epracownik\u00f3w na medal\u201d dzi\u0119kowa\u0142a Pani Joanna Kurant, kt\u00f3ra zapewni\u0142a i\u017c nadal rzetelnie b\u0119d\u0105 pracowa\u0107 na rzecz dzie\u0142 Caritas i Ko\u015bcio\u0142a.<\/p>\n<p>Uroczysto\u015b\u0107 zako\u0144czy\u0142a si\u0119 przy wsp\u00f3lnej kawie a na zako\u0144czenie Ksi\u0105dz Biskup pob\u0142ogos\u0142awi\u0142 wszystkich zgromadzonych.<\/p>\n<p>&nbsp;<\/p>\n<p><a href=\"http:\/\/caritas.diecezja.wloclawek.pl\/wp-content\/uploads\/2017\/10\/medal.jpg\"><img loading=\"lazy\" class=\"aligncenter size-medium wp-image-246\" src=\"http:\/\/caritas.diecezja.wloclawek.pl\/wp-content\/uploads\/2017\/10\/medal-300x200.jpg\" alt=\"\" width=\"300\" height=\"200\" srcset=\"http:\/\/caritas.diecezja.wloclawek.pl\/wp-content\/uploads\/2017\/10\/medal-300x200.jpg 300w, http:\/\/caritas.diecezja.wloclawek.pl\/wp-content\/uploads\/2017\/10\/medal.jpg 700w\" sizes=\"(max-width: 300px) 100vw, 300px\" \/><\/a><\/p>\n<p>&nbsp;<\/p>\n","protected":false},"excerpt":{"rendered":"<p>&#46;&#46;&#46;<\/p>\n","protected":false},"author":1,"featured_media":246,"comment_status":"open","ping_status":"open","sticky":false,"template":"","format":"standard","meta":[],"categories":[2],"tags":[],"_links":{"self":[{"href":"http:\/\/caritas.diecezja.wloclawek.pl\/index.php?rest_route=\/wp\/v2\/posts\/245"}],"collection":[{"href":"http:\/\/caritas.diecezja.wloclawek.pl\/index.php?rest_route=\/wp\/v2\/posts"}],"about":[{"href":"http:\/\/caritas.diecezja.wloclawek.pl\/index.php?rest_route=\/wp\/v2\/types\/post"}],"author":[{"embeddable":true,"href":"http:\/\/caritas.diecezja.wloclawek.pl\/index.php?rest_route=\/wp\/v2\/users\/1"}],"replies":[{"embeddable":true,"href":"http:\/\/caritas.diecezja.wloclawek.pl\/index.php?rest_route=%2Fwp%2Fv2%2Fcomments&post=245"}],"version-history":[{"count":1,"href":"http:\/\/caritas.diecezja.wloclawek.pl\/index.php?rest_route=\/wp\/v2\/posts\/245\/revisions"}],"predecessor-version":[{"id":247,"href":"http:\/\/caritas.diecezja.wloclawek.pl\/index.php?rest_route=\/wp\/v2\/posts\/245\/revisions\/247"}],"wp:featuredmedia":[{"embeddable":true,"href":"http:\/\/caritas.diecezja.wloclawek.pl\/index.php?rest_route=\/wp\/v2\/media\/246"}],"wp:attachment":[{"href":"http:\/\/caritas.diecezja.wloclawek.pl\/index.php?rest_route=%2Fwp%2Fv2%2Fmedia&parent=245"}],"wp:term":[{"taxonomy":"category","embeddable":true,"href":"http:\/\/caritas.diecezja.wloclawek.pl\/index.php?rest_route=%2Fwp%2Fv2%2Fcategories&post=245"},{"taxonomy":"post_tag","embeddable":true,"href":"http:\/\/caritas.diecezja.wloclawek.pl\/index.php?rest_route=%2Fwp%2Fv2%2Ftags&post=245"}],"curies":[{"name":"wp","href":"https:\/\/api.w.org\/{rel}","templated":true}]}}