{"id":242,"date":"2015-11-10T22:14:25","date_gmt":"2015-11-10T21:14:25","guid":{"rendered":"http:\/\/caritas.diecezja.wloclawek.pl\/?p=242"},"modified":"2017-10-02T22:17:05","modified_gmt":"2017-10-02T21:17:05","slug":"x-jubileuszowa-pielgrzymka-osob-bezdomnych-na-jasna-gore","status":"publish","type":"post","link":"http:\/\/caritas.diecezja.wloclawek.pl\/?p=242","title":{"rendered":"X Jubileuszowa Pielgrzymka Os\u00f3b Bezdomnych na Jasn\u0105 G\u00f3r\u0119"},"content":{"rendered":"<p>10.11.2015 r.<\/p>\n<p>W sobot\u0119, 14 listopada odb\u0119dzie si\u0119 X Jubileuszowa Og\u00f3lnopolska Pielgrzymka Os\u00f3b Bezdomnych na Jasn\u0105 G\u00f3r\u0119. Pielgrzymom towarzyszy\u0107 b\u0119dzie has\u0142o z Listu \u015bw. Paw\u0142a do Galat\u00f3w \u201eMi\u0142o\u015bci\u0105 o\u017cywieni s\u0142u\u017ccie sobie wzajemnie\u201d. Bezdomni z ca\u0142ej Polski spotkaj\u0105 si\u0119, by wys\u0142ucha\u0107 \u015bwiadectw wychodzenia z uzale\u017cnie\u0144 i bezdomno\u015bci, a tak\u017ce umocni\u0105 zawi\u0105zan\u0105 w poprzednich latach wsp\u00f3lnot\u0119.<br \/>\nTegoroczna pielgrzymka b\u0119dzie mia\u0142a wyj\u0105tkowy charakter ze wzgl\u0119du na jubileusz 25-lecia dzia\u0142alno\u015bci Caritas Polska. W programie spotkania opr\u00f3cz \u015bwiadectw zmagania si\u0119 z problemem bezdomno\u015bci i koncertu nawr\u00f3conego rapera Piotra Poisona Plichty znajd\u0105 si\u0119: Droga Krzy\u017cowa, czas na spowied\u017a, rozmow\u0119 i indywidualn\u0105 modlitw\u0119. Podczas Mszy \u015bwi\u0119tej koncelebrowanej przez dyrektor\u00f3w Caritas diecezjalnych w Polsce homili\u0119 wyg\u0142osi arcybiskup Wac\u0142aw Depo, metropolita cz\u0119stochowski. Po zako\u0144czeniu spotkania pielgrzymi otrzymaj\u0105 ciep\u0142y posi\u0142ek.<br \/>\nW Polsce jest oko\u0142o 30 tys. bezdomnych, 8,5 tys. z nich szuka schronienia na ulicach, dzia\u0142kach i w opuszczonych altanach. Najcz\u0119stsz\u0105 przyczyn\u0105 bezdomno\u015bci s\u0105 uzale\u017cnienia, bezrobocie, ale tak\u017ce skomplikowane sytuacje rodzinne. Podczas niedawnego spotkania z bezdomnymi w Waszyngtonie o solidarno\u015b\u0107 z nimi apelowa\u0142 Ojciec \u015awi\u0119ty Franciszek:<\/p>\n<blockquote><p>\u201eNie mo\u017cemy znale\u017a\u0107 \u017cadnego usprawiedliwienia dla braku dachu nad g\u0142ow\u0105. Jest wiele niesprawiedliwych sytuacji, ale wiemy, \u017ce B\u00f3g cierpi wraz z nami, do\u015bwiadczaj\u0105c ich u naszego boku.\u201d<\/p><\/blockquote>\n<p>Caritas w Polsce prowadzi wiele plac\u00f3wek dla os\u00f3b bezdomnych, w tym 55 noclegowni i blisko 100 jad\u0142odajni. Szczeg\u00f3lnym znakiem jedno\u015bci s\u0105 jednak modlitewne spotkania, poniewa\u017c \u201ew modlitwie nie ma ludzi bogatych i biednych, s\u0105 synowie i c\u00f3rki, siostry i bracia. W modlitwie, nie ma pierwszej lub drugiej klasy, jest braterstwo\u201d &#8211; powiedzia\u0142 Papie\u017c.<\/p>\n<p>W ubieg\u0142ym roku w pielgrzymce os\u00f3b bezdomnych ze \u015brodowisk Caritas na Jasn\u0105 G\u00f3r\u0119 wzi\u0119\u0142o udzia\u0142 oko\u0142o 1000 os\u00f3b.<\/p>\n<blockquote><p>\u201eBezdomno\u015b\u0107 jest zjawiskiem wielotorowym, tak nale\u017cy je postrzega\u0107. Dlatego tak wa\u017cne jest spotkanie z drugim cz\u0142owiekiem i przypomnienie mu o jego warto\u015bci, bez wzgl\u0119du na stan materialny. Dlatego ju\u017c dzi\u015b dzi\u0119kuj\u0119 wszystkim zaanga\u017cowanym w to dzie\u0142o\u201d \u2013 zaprasza ks. Marian Subocz, dyrektor Caritas Polska.<\/p><\/blockquote>\n<p>W listopadzie, miesi\u0105cu po\u015bwi\u0119conemu przez Caritas osobom bezdomnym odb\u0119dzie si\u0119 r\u00f3wnie\u017c pierwszy og\u00f3lnopolski turniej szachowy os\u00f3b bezdomnych zorganizowany przez Caritas Archidiecezji Szczeci\u0144sko-Kamie\u0144skiej oraz akcja \u201eTroch\u0119 ciep\u0142a dla bezdomnego\u201d, polegaj\u0105ca na przekazywaniu osobom bezdomnym przebywaj\u0105cym poza o\u015brodkami pomocy w postaci \u015bpiwor\u00f3w i termos\u00f3w.<\/p>\n<p><strong>Program Pielgrzymki<\/strong><\/p>\n<p>9.00 Przyjazd i rejestracja grup. Wydawanie talon\u00f3w na posi\u0142ek.<br \/>\nMiejsce: Stanowisko przed kaplic\u0105 \u015aw. J\u00f3zefa (hale noclegowe)<\/p>\n<p>9.30 Powitanie. Konferencja. \u015awiadectwo.<\/p>\n<p>11.00 Droga Krzy\u017cowa.<\/p>\n<p>12.00 Msza \u015bw. w kaplicy Matki Bo\u017cej.<br \/>\nPrzewodniczenie: Ks. Marian Subocz<br \/>\nHomilia: Abp Wac\u0142aw Depo<\/p>\n<p>13.15 Gor\u0105cy posi\u0142ek.<br \/>\nMiejsce: Dom Pielgrzyma.<br \/>\nWydanie prowiantu na drog\u0119 powrotn\u0105.<\/p>\n<p>&nbsp;<\/p>\n<p><a href=\"http:\/\/caritas.diecezja.wloclawek.pl\/wp-content\/uploads\/2017\/10\/plakat1.jpg\"><img loading=\"lazy\" class=\"aligncenter  wp-image-243\" src=\"http:\/\/caritas.diecezja.wloclawek.pl\/wp-content\/uploads\/2017\/10\/plakat1-212x300.jpg\" alt=\"\" width=\"368\" height=\"521\" srcset=\"http:\/\/caritas.diecezja.wloclawek.pl\/wp-content\/uploads\/2017\/10\/plakat1-212x300.jpg 212w, http:\/\/caritas.diecezja.wloclawek.pl\/wp-content\/uploads\/2017\/10\/plakat1-768x1087.jpg 768w, http:\/\/caritas.diecezja.wloclawek.pl\/wp-content\/uploads\/2017\/10\/plakat1-724x1024.jpg 724w, http:\/\/caritas.diecezja.wloclawek.pl\/wp-content\/uploads\/2017\/10\/plakat1.jpg 800w\" sizes=\"(max-width: 368px) 100vw, 368px\" \/><\/a><\/p>\n","protected":false},"excerpt":{"rendered":"<p>&#46;&#46;&#46;<\/p>\n","protected":false},"author":1,"featured_media":243,"comment_status":"open","ping_status":"open","sticky":false,"template":"","format":"standard","meta":[],"categories":[2],"tags":[],"_links":{"self":[{"href":"http:\/\/caritas.diecezja.wloclawek.pl\/index.php?rest_route=\/wp\/v2\/posts\/242"}],"collection":[{"href":"http:\/\/caritas.diecezja.wloclawek.pl\/index.php?rest_route=\/wp\/v2\/posts"}],"about":[{"href":"http:\/\/caritas.diecezja.wloclawek.pl\/index.php?rest_route=\/wp\/v2\/types\/post"}],"author":[{"embeddable":true,"href":"http:\/\/caritas.diecezja.wloclawek.pl\/index.php?rest_route=\/wp\/v2\/users\/1"}],"replies":[{"embeddable":true,"href":"http:\/\/caritas.diecezja.wloclawek.pl\/index.php?rest_route=%2Fwp%2Fv2%2Fcomments&post=242"}],"version-history":[{"count":1,"href":"http:\/\/caritas.diecezja.wloclawek.pl\/index.php?rest_route=\/wp\/v2\/posts\/242\/revisions"}],"predecessor-version":[{"id":244,"href":"http:\/\/caritas.diecezja.wloclawek.pl\/index.php?rest_route=\/wp\/v2\/posts\/242\/revisions\/244"}],"wp:featuredmedia":[{"embeddable":true,"href":"http:\/\/caritas.diecezja.wloclawek.pl\/index.php?rest_route=\/wp\/v2\/media\/243"}],"wp:attachment":[{"href":"http:\/\/caritas.diecezja.wloclawek.pl\/index.php?rest_route=%2Fwp%2Fv2%2Fmedia&parent=242"}],"wp:term":[{"taxonomy":"category","embeddable":true,"href":"http:\/\/caritas.diecezja.wloclawek.pl\/index.php?rest_route=%2Fwp%2Fv2%2Fcategories&post=242"},{"taxonomy":"post_tag","embeddable":true,"href":"http:\/\/caritas.diecezja.wloclawek.pl\/index.php?rest_route=%2Fwp%2Fv2%2Ftags&post=242"}],"curies":[{"name":"wp","href":"https:\/\/api.w.org\/{rel}","templated":true}]}}