{"id":239,"date":"2015-11-16T22:07:13","date_gmt":"2015-11-16T21:07:13","guid":{"rendered":"http:\/\/caritas.diecezja.wloclawek.pl\/?p=239"},"modified":"2017-10-02T22:13:42","modified_gmt":"2017-10-02T21:13:42","slug":"jestem-odbiciem-twojej-twarzy-x-ogolnopolska-pielgrzymka-osob-bezdomnych-na-jasna-gore","status":"publish","type":"post","link":"http:\/\/caritas.diecezja.wloclawek.pl\/?p=239","title":{"rendered":"Jestem odbiciem Twojej twarzy \u2013 X Og\u00f3lnopolska Pielgrzymka Os\u00f3b Bezdomnych na Jasn\u0105 G\u00f3r\u0119"},"content":{"rendered":"<p>16.11.2015 r.<\/p>\n<p>Ponad 900 os\u00f3b bezdomnych, w tym oko\u0142o 50 z diecezji w\u0142oc\u0142awskiej, wraz z opiekunami z pozosta\u0142ych 20 Diecezjalnych Caritas spotka\u0142o si\u0119 na Jasnej G\u00f3rze pod has\u0142em zaczerpni\u0119tym z Listu do Galat\u00f3w: \u201eMi\u0142o\u015bci\u0105 o\u017cywieniu s\u0142u\u017ccie sobie wzajemnie\u201d.<\/p>\n<blockquote><p>\u201eNiekt\u00f3rzy z Was przyjechali tu a\u017c ze Szczecina. Musieli\u015bcie wyjecha\u0107 w nocy, ale tak dzia\u0142a mi\u0142o\u015b\u0107! Wy przychodzicie dzi\u015b po ni\u0105 do Matki. Ona ma pi\u0119kn\u0105, jasn\u0105, ale i cierpi\u0105c\u0105 twarz, tak jak wy.\u201d \u2013 przywita\u0142 zgromadzonych ks. Marek Bator, dyrektor Caritas Archidiecezji Cz\u0119stochowskiej.<\/p><\/blockquote>\n<p>Ponadto przywitano poszczeg\u00f3lne grupy, kt\u00f3re przyby\u0142y z Caritas Archidiecezji Bia\u0142ostockiej, Cz\u0119stochowskiej, Gda\u0144skiej, Katowickiej, Krakowskiej, Pozna\u0144skiej, Przemyskiej, Warszawskiej i Warmi\u0144skiej oraz z Diecezji Bydgoskiej, E\u0142ckiej, Kieleckiej, Koszali\u0144sko-Ko\u0142obrzeskiej, P\u0142ockiej, Rzeszowskiej, Sandomierskiej, Sosnowieckiej, Tarnowskiej, W\u0142oc\u0142awskiej, Zielonog\u00f3rsko-Gorzowskiej i Radomskiej.<\/p>\n<p>\u015awiadectwo walki z bezdomno\u015bci\u0105 da\u0142 24 \u2013 letni \u0141ukasz, od niedawna, uczestnik programu wychodzenia z bezdomno\u015bci Caritas Polska \u201eDamy rad\u0119\u201d. Nast\u0119pnie odby\u0142 si\u0119 koncert w wykonaniu rapera Piotra Plichty \u201ePoisona\u201d, kt\u00f3ry opowiedzia\u0142 histori\u0119 swojego nawr\u00f3cenia: \u201eBy\u0142em uzale\u017cniony od narkotyk\u00f3w, robi\u0142em straszne rzeczy, zda\u0142em sobie spraw\u0119, \u017ce sam si\u0119 nie uwolni\u0119. By\u0142em bliski samob\u00f3jstwa, kiedy pierwszy raz w \u017cyciu z serca szczerze zawo\u0142a\u0142em do Boga. B\u00f3g dzia\u0142a przez ludzi. Najwa\u017cniejszy jest pok\u00f3j serca. Niewa\u017cne czy jeste\u015b biedny czy bogaty. Nigdy nie daj wm\u00f3wi\u0107 sobie, \u017ce jeste\u015b przegrany\u2026\u201d<\/p>\n<p>Szczeg\u00f3lnym momentem pielgrzymki by\u0142a Droga Krzy\u017cowa prowadzona przez osoby bezdomne. Przy ka\u017cdej stacji przekazywany by\u0142 \u201ebezdomny krzy\u017c\u201d, uratowany od zniszczenia na \u015bmietniku we francuskim Lourdes. Rozwa\u017cania modlitewne u\u0142o\u017cy\u0142 jeden z uczestnik\u00f3w pielgrzymki z Katowic. \u201eIle razy zapominam, \u017ce odbiciem Twojej twarzy jestem ja? Stworzony na Tw\u00f3j obraz i podobie\u0144stwo? Ile razy zag\u0142uszam w sobie Tw\u00f3j g\u0142os? Przepraszam Ci\u0119 Panie.\u201d \u2013 modlono si\u0119 jednog\u0142o\u015bnie.<\/p>\n<p>O godzinie 12:00 w Kaplicy Cudownego Obrazu odby\u0142a si\u0119 Msza \u015bwi\u0119ta z udzia\u0142em dyrektora Caritas Polska ks. Mariana Subocza oraz dyrektor\u00f3w diecezjalnych Caritas. Homili\u0119 wyg\u0142osi\u0142 abp Wac\u0142aw Depo: \u201eWie Ojciec czego wam potrzeba, ale trzeba, \u017ceby s\u0142owo ludzkie r\u00f3wnie\u017c kierowa\u0142o do Boga swoj\u0105 niespokojno\u015b\u0107, kt\u00f3ra nie pozwala zadowoli\u0107 si\u0119 banaln\u0105 odpowiedzi\u0105 na podstawowe pytania.\u201d \u2013 powiedzia\u0142 metropolita cz\u0119stochowski, kt\u00f3ry w homilii pot\u0119pi\u0142 r\u00f3wnie\u017c seri\u0119 zamach\u00f3w w Pary\u017cu i zaapelowa\u0142 o jedno\u015b\u0107 modlitewn\u0105 z poszkodowanymi i modlitw\u0119 za ofiary tej tragedii.<\/p>\n<p>Ks. Marian Subocz podzi\u0119kowa\u0142 za przybycie licznych grup i przypomnia\u0142 o szczeg\u00f3lnej roli Jasnej G\u00f3ry w pos\u0142udze Caritas. Pielgrzymk\u0119 zako\u0144czy\u0142 wsp\u00f3lny posi\u0142ek w Domu Pielgrzyma.<\/p>\n<p>W Polsce jest oko\u0142o 30 tys. bezdomnych, ponad 20 tys. z nich przebywa w r\u00f3\u017cnego rodzaju o\u015brodkach pomocy. Najcz\u0119stsz\u0105 przyczyn\u0105 bezdomno\u015bci s\u0105 uzale\u017cnienia, bezrobocie, ale tak\u017ce skomplikowane sytuacje rodzinne. Podczas niedawnego spotkania z bezdomnymi w Waszyngtonie o solidarno\u015b\u0107 z nimi apelowa\u0142 Ojciec \u015awi\u0119ty Franciszek.<\/p>\n<p>Caritas w Polsce prowadzi wiele plac\u00f3wek dla os\u00f3b bezdomnych, w tym 55 noclegowni i blisko 100 jad\u0142odajni.<\/p>\n<p>&nbsp;<\/p>\n<p><a href=\"http:\/\/caritas.diecezja.wloclawek.pl\/wp-content\/uploads\/2017\/10\/b2-324-326x159.jpg\"><img loading=\"lazy\" class=\"aligncenter  wp-image-240\" src=\"http:\/\/caritas.diecezja.wloclawek.pl\/wp-content\/uploads\/2017\/10\/b2-324-326x159-300x146.jpg\" alt=\"\" width=\"392\" height=\"191\" srcset=\"http:\/\/caritas.diecezja.wloclawek.pl\/wp-content\/uploads\/2017\/10\/b2-324-326x159-300x146.jpg 300w, http:\/\/caritas.diecezja.wloclawek.pl\/wp-content\/uploads\/2017\/10\/b2-324-326x159.jpg 326w\" sizes=\"(max-width: 392px) 100vw, 392px\" \/><\/a><\/p>\n","protected":false},"excerpt":{"rendered":"<p>&#46;&#46;&#46;<\/p>\n","protected":false},"author":1,"featured_media":240,"comment_status":"open","ping_status":"open","sticky":false,"template":"","format":"standard","meta":[],"categories":[2],"tags":[],"_links":{"self":[{"href":"http:\/\/caritas.diecezja.wloclawek.pl\/index.php?rest_route=\/wp\/v2\/posts\/239"}],"collection":[{"href":"http:\/\/caritas.diecezja.wloclawek.pl\/index.php?rest_route=\/wp\/v2\/posts"}],"about":[{"href":"http:\/\/caritas.diecezja.wloclawek.pl\/index.php?rest_route=\/wp\/v2\/types\/post"}],"author":[{"embeddable":true,"href":"http:\/\/caritas.diecezja.wloclawek.pl\/index.php?rest_route=\/wp\/v2\/users\/1"}],"replies":[{"embeddable":true,"href":"http:\/\/caritas.diecezja.wloclawek.pl\/index.php?rest_route=%2Fwp%2Fv2%2Fcomments&post=239"}],"version-history":[{"count":1,"href":"http:\/\/caritas.diecezja.wloclawek.pl\/index.php?rest_route=\/wp\/v2\/posts\/239\/revisions"}],"predecessor-version":[{"id":241,"href":"http:\/\/caritas.diecezja.wloclawek.pl\/index.php?rest_route=\/wp\/v2\/posts\/239\/revisions\/241"}],"wp:featuredmedia":[{"embeddable":true,"href":"http:\/\/caritas.diecezja.wloclawek.pl\/index.php?rest_route=\/wp\/v2\/media\/240"}],"wp:attachment":[{"href":"http:\/\/caritas.diecezja.wloclawek.pl\/index.php?rest_route=%2Fwp%2Fv2%2Fmedia&parent=239"}],"wp:term":[{"taxonomy":"category","embeddable":true,"href":"http:\/\/caritas.diecezja.wloclawek.pl\/index.php?rest_route=%2Fwp%2Fv2%2Fcategories&post=239"},{"taxonomy":"post_tag","embeddable":true,"href":"http:\/\/caritas.diecezja.wloclawek.pl\/index.php?rest_route=%2Fwp%2Fv2%2Ftags&post=239"}],"curies":[{"name":"wp","href":"https:\/\/api.w.org\/{rel}","templated":true}]}}